{"id":187878,"date":"2023-08-12T07:49:32","date_gmt":"2023-08-12T10:49:32","guid":{"rendered":"https:\/\/portalpopmais.com.br\/?p=187878"},"modified":"2023-08-12T07:49:44","modified_gmt":"2023-08-12T10:49:44","slug":"arlindo-cruz-volta-a-ser-internado-agora-para-tratar-caxumba-bacteriana-diz-site","status":"publish","type":"post","link":"https:\/\/portalpopmais.com.br\/en\/arlindo-cruz-volta-a-ser-internado-agora-para-tratar-caxumba-bacteriana-diz-site\/","title":{"rendered":"Arlindo Cruz volta a ser internado, agora para tratar caxumba bacteriana, diz site"},"content":{"rendered":"<p>Arlindo Cruz voltou a ser internado na Casa de Sa\u00fade S\u00e3o Jos\u00e9, no Rio de Janeiro. De acordo com informa\u00e7\u00f5es divulgadas pelo g1, a causa foi uma caxumba bacteriana.<\/p>\n\n\n\n<p>Para o site, a fam\u00edlia deu mais detalhes sobre o tratamento. \u201cVoltamos para o hospital no dia cinco por conta de um incha\u00e7o no maxilar, sugerindo que fosse caxumba. Foi uma caxumba bacteriana. Ele est\u00e1 tomando rem\u00e9dio e os sinais vitais s\u00e3o os melhores poss\u00edveis\u201d, disse Babi Cruz, esposa de Arlindo.<\/p>\n\n\n\n<p>No m\u00eas passado, Arlindo ficou 21 dias no hospital por uma pneumonia. Em 2017, o m\u00fasico sofreu um grave Acidente Vascular Cerebral (AVC) enquanto estava em sua casa. Esse epis\u00f3dio resultou em uma interna\u00e7\u00e3o que durou 15 meses, com o sambista passando por 14 cirurgias, incluindo cinco procedimentos na cabe\u00e7a, e enfrentando uma embolia pulmonar.<\/p>\n\n\n\n<p>As consequ\u00eancias do AVC deixaram marcas, afetando os movimentos do corpo e a capacidade de fala de Arlindo. Desde ent\u00e3o, sua recupera\u00e7\u00e3o tem sido acompanhada de perto por sua fam\u00edlia, que compartilha atualiza\u00e7\u00f5es sobre seu estado de sa\u00fade nas redes sociais.<\/p>\n\n\n\n<p>No carnaval deste ano, Arlindo teve a oportunidade de ser homenageado pela escola de samba Imp\u00e9rio Serrano. Mesmo com as limita\u00e7\u00f5es de sa\u00fade, ele marcou presen\u00e7a no desfile, apoiado por sua fam\u00edlia e amigos.<\/p>\n\n\n\n<p>A assessoria de imprensa do hospital informou ao \u201cEstad\u00e3o\u201d n\u00e3o haver boletins m\u00e9dicos sobre o estado de Arlindo Cruz.<\/p>","protected":false},"excerpt":{"rendered":"<p>Arlindo Cruz voltou a ser internado na Casa de Sa\u00fade S\u00e3o Jos\u00e9, no Rio de Janeiro. De acordo com informa\u00e7\u00f5es divulgadas pelo g1, a causa foi uma caxumba bacteriana. Para o site, a fam\u00edlia deu mais detalhes sobre o tratamento. \u201cVoltamos para o hospital no dia cinco por conta de um incha\u00e7o no maxilar, sugerindo [&hellip;]<\/p>\n","protected":false},"author":2,"featured_media":187879,"comment_status":"closed","ping_status":"open","sticky":false,"template":"","format":"standard","meta":{"footnotes":""},"categories":[173],"tags":[13970],"class_list":["post-187878","post","type-post","status-publish","format-standard","has-post-thumbnail","hentry","category-celebridades","tag-arlindo-cruz"],"_links":{"self":[{"href":"https:\/\/portalpopmais.com.br\/en\/wp-json\/wp\/v2\/posts\/187878","targetHints":{"allow":["GET"]}}],"collection":[{"href":"https:\/\/portalpopmais.com.br\/en\/wp-json\/wp\/v2\/posts"}],"about":[{"href":"https:\/\/portalpopmais.com.br\/en\/wp-json\/wp\/v2\/types\/post"}],"author":[{"embeddable":true,"href":"https:\/\/portalpopmais.com.br\/en\/wp-json\/wp\/v2\/users\/2"}],"replies":[{"embeddable":true,"href":"https:\/\/portalpopmais.com.br\/en\/wp-json\/wp\/v2\/comments?post=187878"}],"version-history":[{"count":0,"href":"https:\/\/portalpopmais.com.br\/en\/wp-json\/wp\/v2\/posts\/187878\/revisions"}],"wp:featuredmedia":[{"embeddable":true,"href":"https:\/\/portalpopmais.com.br\/en\/wp-json\/wp\/v2\/media\/187879"}],"wp:attachment":[{"href":"https:\/\/portalpopmais.com.br\/en\/wp-json\/wp\/v2\/media?parent=187878"}],"wp:term":[{"taxonomy":"category","embeddable":true,"href":"https:\/\/portalpopmais.com.br\/en\/wp-json\/wp\/v2\/categories?post=187878"},{"taxonomy":"post_tag","embeddable":true,"href":"https:\/\/portalpopmais.com.br\/en\/wp-json\/wp\/v2\/tags?post=187878"}],"curies":[{"name":"wp","href":"https:\/\/api.w.org\/{rel}","templated":true}]}}