{"id":188069,"date":"2023-08-15T11:04:44","date_gmt":"2023-08-15T14:04:44","guid":{"rendered":"https:\/\/portalpopmais.com.br\/?p=188069"},"modified":"2023-08-15T11:04:55","modified_gmt":"2023-08-15T14:04:55","slug":"morre-a-atriz-lea-garcia-aos-90-anos","status":"publish","type":"post","link":"https:\/\/portalpopmais.com.br\/en\/morre-a-atriz-lea-garcia-aos-90-anos\/","title":{"rendered":"Morre a atriz L\u00e9a Garcia, aos 90 anos"},"content":{"rendered":"<p class=\"wp-block-paragraph\">Morreu hoje (15), aos 90 anos, a atriz <strong><a href=\"http:\/\/portalpopmais.com.br\/en\/\">L\u00e9a Garcia<\/a><\/strong>. De acordo com informa\u00e7\u00f5es do g1, ela sofreu um infarto, chegou a ser levada para o hospital, mas n\u00e3o resistiu.<\/p>\n\n\n\n<p class=\"wp-block-paragraph\">A veterana seria homenageada com o Trof\u00e9u Oscarito, ao lado de Laura Cardoso, de 95, no Festival de Gramado, pelo conjunto da obra.\u00a0<\/p>\n\n\n\n<p class=\"wp-block-paragraph\">O an\u00fancio da morte foi feito em uma publica\u00e7\u00e3o no seu perfil oficial da artista no Instagram. Veja <a href=\"http:\/\/twitter.com\/sitepopmais\" target=\"_blank\" rel=\"noopener\">abaixo<\/a>.<\/p>\n\n\n\n<figure class=\"wp-block-embed aligncenter is-type-rich is-provider-instagram wp-block-embed-instagram\"><div class=\"wp-block-embed__wrapper\">\nhttps:\/\/www.instagram.com\/p\/Cv9sVcNud6A\/\n<\/div><\/figure>\n\n\n\n<h2 class=\"wp-block-heading\">Carreira<\/h2>\n\n\n\n<p class=\"wp-block-paragraph\">L\u00e9a Lucas Garcia de Aguiar, mais conhecida como L\u00e9a Garcia, nasceu no Rio de Janeiro em 1933. Ela estreou nos palcos aos 19 anos depois que o amigo e dramaturgo Abdias do Nascimento a convenceu a participar da pe\u00e7a Raps\u00f3dia Negra, em 1952, no Teatro Experimental.<\/p>\n\n\n\n<p class=\"wp-block-paragraph\">A artista estreou na televis\u00e3o no Grande Teatro da TV Tupi, na d\u00e9cada de 1950. Em 1969, participou de sua primeira novela, &#8220;Acorrentados&#8221;, na Record. Em 1970, ela foi para a TV Globo onde interpretou a empregada Dalva na novela &#8220;Assim Na Terra Como no C\u00e9u&#8221;. Em 1972, L\u00e9a participou do primeiro programa gravado totalmente em cores no Brasil. Tratava-se de um epis\u00f3dio do Caso Especial chamado &#8220;Meu Primeiro Baile&#8221;.<\/p>\n\n\n\n<p class=\"wp-block-paragraph\">L\u00e9a Garcia participou de sucessos da TV Globo como &#8220;Selva de Pedra&#8221;, de Janete Claire, em 1972, e &#8220;Escrava Isaura&#8221;, adapta\u00e7\u00e3o de Gilberto Braga para a obra de Bernardo Guimar\u00e3es, em 1976. Nesta \u00faltima, a artista fez sua primeira vil\u00e3. &#8220;&#8216;Escrava Isaura&#8217; \u00e9 o meu cart\u00e3o de visitas. Tive muitas dificuldades em fazer cenas de maldade com a Luc\u00e9lia Santos. Eu me lembro de uma cena em que, quando a Rosa (personagem de L\u00e9a) acabou de fazer todas as perversidades com a Isaura, eu tive uma crise se choro, me pegou muito forte. Chorei muito, n\u00e3o com pena, mas porque me tocou&#8221;, disse certa vez em entrevista \u00e0 TV Globo.<\/p>\n\n\n\n<p class=\"wp-block-paragraph\">A veterana tamb\u00e9m participou de obras como &#8220;Dona Beija&#8221;, de Wilson Aguiar Filho, em 1986. Ela tamb\u00e9m esteve em &#8220;Tocaia grande&#8221;, de Duca Rachid, que foi baseada na obra de Jorge Amado, em 1995, e &#8220;Xica da Silva&#8221;, de 1996, escrita por Walcyr Carrasco. Todas as tr\u00eas obras na TV Manchete.<\/p>","protected":false},"excerpt":{"rendered":"<p>Morreu hoje (15), aos 90 anos, a atriz L\u00e9a Garcia. De acordo com informa\u00e7\u00f5es do g1, ela sofreu um infarto, chegou a ser levada para o hospital, mas n\u00e3o resistiu. A veterana seria homenageada com o Trof\u00e9u Oscarito, ao lado de Laura Cardoso, de 95, no Festival de Gramado, pelo conjunto da obra.\u00a0 O an\u00fancio [&hellip;]<\/p>\n","protected":false},"author":2,"featured_media":188071,"comment_status":"closed","ping_status":"open","sticky":false,"template":"","format":"standard","meta":{"footnotes":""},"categories":[173],"tags":[15420],"class_list":["post-188069","post","type-post","status-publish","format-standard","has-post-thumbnail","hentry","category-celebridades","tag-lea-garcia"],"_links":{"self":[{"href":"https:\/\/portalpopmais.com.br\/en\/wp-json\/wp\/v2\/posts\/188069","targetHints":{"allow":["GET"]}}],"collection":[{"href":"https:\/\/portalpopmais.com.br\/en\/wp-json\/wp\/v2\/posts"}],"about":[{"href":"https:\/\/portalpopmais.com.br\/en\/wp-json\/wp\/v2\/types\/post"}],"author":[{"embeddable":true,"href":"https:\/\/portalpopmais.com.br\/en\/wp-json\/wp\/v2\/users\/2"}],"replies":[{"embeddable":true,"href":"https:\/\/portalpopmais.com.br\/en\/wp-json\/wp\/v2\/comments?post=188069"}],"version-history":[{"count":0,"href":"https:\/\/portalpopmais.com.br\/en\/wp-json\/wp\/v2\/posts\/188069\/revisions"}],"wp:featuredmedia":[{"embeddable":true,"href":"https:\/\/portalpopmais.com.br\/en\/wp-json\/wp\/v2\/media\/188071"}],"wp:attachment":[{"href":"https:\/\/portalpopmais.com.br\/en\/wp-json\/wp\/v2\/media?parent=188069"}],"wp:term":[{"taxonomy":"category","embeddable":true,"href":"https:\/\/portalpopmais.com.br\/en\/wp-json\/wp\/v2\/categories?post=188069"},{"taxonomy":"post_tag","embeddable":true,"href":"https:\/\/portalpopmais.com.br\/en\/wp-json\/wp\/v2\/tags?post=188069"}],"curies":[{"name":"wp","href":"https:\/\/api.w.org\/{rel}","templated":true}]}}