{"id":188437,"date":"2023-08-18T19:36:09","date_gmt":"2023-08-18T22:36:09","guid":{"rendered":"https:\/\/portalpopmais.com.br\/?p=188437"},"modified":"2023-08-18T19:36:21","modified_gmt":"2023-08-18T22:36:21","slug":"suzane-richthofen-pode-estar-gravida-diz-jornalista","status":"publish","type":"post","link":"https:\/\/portalpopmais.com.br\/en\/suzane-richthofen-pode-estar-gravida-diz-jornalista\/","title":{"rendered":"Suzane Richthofen pode estar gr\u00e1vida, diz jornalista"},"content":{"rendered":"<p class=\"wp-block-paragraph\"><strong><a href=\"https:\/\/portalpopmais.com.br\/en\/suzane-von-richthofen-e-solta-apos-20-anos-do-assassinato-dos-pais\/\" data-type=\"post\" data-id=\"158746\">Suzane von Richthofen<\/a><\/strong>, condenada a 39 anos de pris\u00e3o pelo assassinato dos pr\u00f3prios pais, pode se tornar m\u00e3e em breve. A colunista M\u00f4nica Bergamo, da Folha de S. Paulo, afirma que a Matrix Editora pausou as impress\u00f5es de uma reedi\u00e7\u00e3o da biografia da criminosa ap\u00f3s o autor, Ullisses Campbell, dizer que ela pode estar esperando um filho.<\/p>\n\n\n\n<p class=\"wp-block-paragraph\">Segundo M\u00f4nica, a informa\u00e7\u00e3o de que Suzane est\u00e1 gr\u00e1vida teria chegado a Ullisses por duas pessoas pr\u00f3ximas da assassina. A suposta gravidez, no entanto, estaria sob sigilo.<\/p>\n\n\n\n<p class=\"wp-block-paragraph\">Campbell, respons\u00e1vel pelo livro Suzane: Assassina e Manipuladora, disse \u00e0 coluna que a gravidez estaria sob sigilo por ainda estar em fase inicial. Ainda n\u00e3o h\u00e1 informa\u00e7\u00f5es sobre o pai da poss\u00edvel <a href=\"http:\/\/Twitter.com\/sitepopmais\" target=\"_blank\" rel=\"noopener\">crian\u00e7a<\/a>.<\/p>\n\n\n\n<p class=\"wp-block-paragraph\">O escritor, respons\u00e1vel ainda por livros de Elize Matsunaga e Flordelis, disse \u00e0 colunista que o desejo de Suzane de se tornar m\u00e3e n\u00e3o \u00e9 uma novidade, j\u00e1 que relat\u00f3rios de psic\u00f3logos que atenderam a mulher enquanto ela ainda estava presa citavam a vontade.<\/p>\n\n\n\n<p class=\"wp-block-paragraph\">Um dos relat\u00f3rios, feito em 2017, diz que se Suzane fosse m\u00e3e de uma menina, daria o nome de Isabela. Caso fosse um menino, seria Gabriel.<\/p>\n\n\n\n<p class=\"wp-block-paragraph\">Josiely Olberg, assistente de Suzane na loja Su Entre Linhas, disse \u00e0 Folha: \u201cAt\u00e9 o presente momento, a gente n\u00e3o est\u00e1 sabendo disso ainda\u201d. Jaqueline Domingues, advogada da ex-detenta, alegou n\u00e3o saber de nada sobre uma gravidez.<\/p>\n\n\n\n<p class=\"wp-block-paragraph\">Ainda segundo a colunista, a suposta gravidez fez com que a Matrix Editora pausasse a reedi\u00e7\u00e3o do livro de Ullisses, para que possa incluir a informa\u00e7\u00e3o. O volume tem lan\u00e7amento previsto para 15 de setembro.<\/p>","protected":false},"excerpt":{"rendered":"<p>Suzane von Richthofen, condenada a 39 anos de pris\u00e3o pelo assassinato dos pr\u00f3prios pais, pode se tornar m\u00e3e em breve. A colunista M\u00f4nica Bergamo, da Folha de S. Paulo, afirma que a Matrix Editora pausou as impress\u00f5es de uma reedi\u00e7\u00e3o da biografia da criminosa ap\u00f3s o autor, Ullisses Campbell, dizer que ela pode estar esperando [&hellip;]<\/p>\n","protected":false},"author":2,"featured_media":188438,"comment_status":"closed","ping_status":"open","sticky":false,"template":"","format":"standard","meta":{"footnotes":""},"categories":[2165],"tags":[13495],"class_list":["post-188437","post","type-post","status-publish","format-standard","has-post-thumbnail","hentry","category-noticias","tag-suzane-von-richthofen"],"_links":{"self":[{"href":"https:\/\/portalpopmais.com.br\/en\/wp-json\/wp\/v2\/posts\/188437","targetHints":{"allow":["GET"]}}],"collection":[{"href":"https:\/\/portalpopmais.com.br\/en\/wp-json\/wp\/v2\/posts"}],"about":[{"href":"https:\/\/portalpopmais.com.br\/en\/wp-json\/wp\/v2\/types\/post"}],"author":[{"embeddable":true,"href":"https:\/\/portalpopmais.com.br\/en\/wp-json\/wp\/v2\/users\/2"}],"replies":[{"embeddable":true,"href":"https:\/\/portalpopmais.com.br\/en\/wp-json\/wp\/v2\/comments?post=188437"}],"version-history":[{"count":0,"href":"https:\/\/portalpopmais.com.br\/en\/wp-json\/wp\/v2\/posts\/188437\/revisions"}],"wp:featuredmedia":[{"embeddable":true,"href":"https:\/\/portalpopmais.com.br\/en\/wp-json\/wp\/v2\/media\/188438"}],"wp:attachment":[{"href":"https:\/\/portalpopmais.com.br\/en\/wp-json\/wp\/v2\/media?parent=188437"}],"wp:term":[{"taxonomy":"category","embeddable":true,"href":"https:\/\/portalpopmais.com.br\/en\/wp-json\/wp\/v2\/categories?post=188437"},{"taxonomy":"post_tag","embeddable":true,"href":"https:\/\/portalpopmais.com.br\/en\/wp-json\/wp\/v2\/tags?post=188437"}],"curies":[{"name":"wp","href":"https:\/\/api.w.org\/{rel}","templated":true}]}}