{"id":189066,"date":"2023-08-25T12:08:39","date_gmt":"2023-08-25T15:08:39","guid":{"rendered":"https:\/\/portalpopmais.com.br\/?p=189066"},"modified":"2023-08-25T12:09:23","modified_gmt":"2023-08-25T15:09:23","slug":"video-intimo-luva-de-pedreiro","status":"publish","type":"post","link":"https:\/\/portalpopmais.com.br\/en\/video-intimo-luva-de-pedreiro\/","title":{"rendered":"Vaza suposto v\u00eddeo \u00edntimo de Luva de Pedreiro com Rebeca Barreto e influenciadora se manifesta; veja"},"content":{"rendered":"<p>H\u00e1 alguns dias, <strong><a href=\"https:\/\/portalpopmais.com.br\/en\/video-luva-de-pedreiro-acusa-famosos-de-criarem-polemicas-para-aparecer\/\" data-type=\"post\" data-id=\"156272\">Luva de Pedreiro<\/a><\/strong> foi envolvido em uma pol\u00eamica junto a Rebeca Barreto. Os dois, que haviam gravado uma dan\u00e7a de tiktok juntos, foram apontados como protagonistas de um v\u00eddeo \u00edntimo. A mo\u00e7a negou que ele seja verdadeiro, afirmando se tratar de uma fake news.<\/p>\n\n\n\n<p>Por\u00e9m, at\u00e9 o momento, Luva n\u00e3o desmentiu a exist\u00eancia de tal v\u00eddeo. Hoje (25), Rebeca foi \u00e0s redes sociais afirmar que se afastou do influencer ap\u00f3s ele n\u00e3o negar a exist\u00eancia do <a href=\"http:\/\/twitter.com\/sitepopmais\" target=\"_blank\" rel=\"noopener\">v\u00eddeo<\/a>.<\/p>\n\n\n\n<p>&#8220;Me pronunciei, mostrei as tatuagens nos bra\u00e7os, mas ningu\u00e9m acreditou&#8221;, contou ela, visivelmente decepcionada. Segundo ela, ao pedir que Luva tamb\u00e9m desmentisse o boato, foi ignorada.<\/p>\n\n\n\n<figure class=\"wp-block-embed is-type-rich is-provider-twitter wp-block-embed-twitter\"><div class=\"wp-block-embed__wrapper\">\n<blockquote class=\"twitter-tweet\" data-width=\"550\" data-dnt=\"true\"><p lang=\"pt\" dir=\"ltr\">\ud83d\udea8VEJA: Beca Barreto diz que se afastou de Luva de Pedreiro ap\u00f3s ele n\u00e3o desmentir v\u00eddeo \u00edntimo. <a href=\"https:\/\/t.co\/itN638Wc0N\">pic.twitter.com\/itN638Wc0N<\/a><\/p>&mdash; poponze (@poponze) <a href=\"https:\/\/twitter.com\/poponze\/status\/1695077591206572194?ref_src=twsrc%5Etfw\" target=\"_blank\" rel=\"noopener\">August 25, 2023<\/a><\/blockquote><script async src=\"https:\/\/platform.twitter.com\/widgets.js\" charset=\"utf-8\"><\/script>\n<\/div><\/figure>","protected":false},"excerpt":{"rendered":"<p>H\u00e1 alguns dias, Luva de Pedreiro foi envolvido em uma pol\u00eamica junto a Rebeca Barreto. Os dois, que haviam gravado uma dan\u00e7a de tiktok juntos, foram apontados como protagonistas de um v\u00eddeo \u00edntimo. A mo\u00e7a negou que ele seja verdadeiro, afirmando se tratar de uma fake news. Por\u00e9m, at\u00e9 o momento, Luva n\u00e3o desmentiu a [&hellip;]<\/p>\n","protected":false},"author":2,"featured_media":189068,"comment_status":"closed","ping_status":"open","sticky":false,"template":"","format":"standard","meta":{"footnotes":""},"categories":[173],"tags":[11541],"class_list":["post-189066","post","type-post","status-publish","format-standard","has-post-thumbnail","hentry","category-celebridades","tag-luva-de-pedreiro"],"_links":{"self":[{"href":"https:\/\/portalpopmais.com.br\/en\/wp-json\/wp\/v2\/posts\/189066","targetHints":{"allow":["GET"]}}],"collection":[{"href":"https:\/\/portalpopmais.com.br\/en\/wp-json\/wp\/v2\/posts"}],"about":[{"href":"https:\/\/portalpopmais.com.br\/en\/wp-json\/wp\/v2\/types\/post"}],"author":[{"embeddable":true,"href":"https:\/\/portalpopmais.com.br\/en\/wp-json\/wp\/v2\/users\/2"}],"replies":[{"embeddable":true,"href":"https:\/\/portalpopmais.com.br\/en\/wp-json\/wp\/v2\/comments?post=189066"}],"version-history":[{"count":0,"href":"https:\/\/portalpopmais.com.br\/en\/wp-json\/wp\/v2\/posts\/189066\/revisions"}],"wp:featuredmedia":[{"embeddable":true,"href":"https:\/\/portalpopmais.com.br\/en\/wp-json\/wp\/v2\/media\/189068"}],"wp:attachment":[{"href":"https:\/\/portalpopmais.com.br\/en\/wp-json\/wp\/v2\/media?parent=189066"}],"wp:term":[{"taxonomy":"category","embeddable":true,"href":"https:\/\/portalpopmais.com.br\/en\/wp-json\/wp\/v2\/categories?post=189066"},{"taxonomy":"post_tag","embeddable":true,"href":"https:\/\/portalpopmais.com.br\/en\/wp-json\/wp\/v2\/tags?post=189066"}],"curies":[{"name":"wp","href":"https:\/\/api.w.org\/{rel}","templated":true}]}}