{"id":189310,"date":"2023-08-26T13:37:03","date_gmt":"2023-08-26T16:37:03","guid":{"rendered":"https:\/\/portalpopmais.com.br\/?p=189310"},"modified":"2023-08-26T13:38:29","modified_gmt":"2023-08-26T16:38:29","slug":"dom-geraldo-majella-fundador-da-pastoral-da-crianca-morre-aos-89-anos","status":"publish","type":"post","link":"https:\/\/portalpopmais.com.br\/en\/dom-geraldo-majella-fundador-da-pastoral-da-crianca-morre-aos-89-anos\/","title":{"rendered":"Dom Geraldo Majella, fundador da Pastoral da Crian\u00e7a, morre aos 89 anos"},"content":{"rendered":"<p class=\"wp-block-paragraph\"><strong><a href=\"http:\/\/portalpopmais.com.br\/en\/radio\/\">Dom Geraldo Majella<\/a><\/strong>, arcebispo em\u00e9rito de Salvador e fundador da Pastoral da Crian\u00e7a, morreu neste s\u00e1bado (26), aos 89 anos. A CNBB (Confedera\u00e7\u00e3o Nacional dos Bispos do Brasil) revelou que o religioso sofreu um AVC (Acidente Vascular Cerebral) em dezembro e estava em interna\u00e7\u00e3o em domic\u00edlio em Londrina, no Paran\u00e1, onde faleceu.<\/p>\n\n\n\n<p class=\"wp-block-paragraph\">&#8220;A Confer\u00eancia Nacional dos Bispos do Brasil (CNBB) une-se em solidariedade \u00e0 Arquidiocese de S\u00e3o Salvador (BA) e aos familiares por ocasi\u00e3o do falecimento de Dom Geraldo Majella Agnelo, arcebispo em\u00e9rito daquela estimada Igreja Particular, neste s\u00e1bado, 26 de agosto, mem\u00f3ria de Santa Maria no s\u00e1bado, em Londrina (PR), onde residia desde 2014&#8221;, afirmou nota <a href=\"http:\/\/twitter.com\/popmaisfm\" target=\"_blank\" rel=\"noopener\">oficial<\/a>.<\/p>\n\n\n\n<p class=\"wp-block-paragraph\">&#8220;Damos gra\u00e7as a Deus pela doa\u00e7\u00e3o deste irm\u00e3o no episcopado que entregou sua vida \u00e0 Igreja no Brasil e no mundo. Dom Geraldo foi destacado, nos lugares onde serviu como padre e bispo, por sua afabilidade e pela virtude de criar la\u00e7os de amizade e comunh\u00e3o entre as pessoas&#8221;, completou.<\/p>\n\n\n\n<p class=\"wp-block-paragraph\">Majella foi nomeado Arcebispo Metropolitano de S\u00e3o Salvador da Bahia, em janeiro de 1999, pelo Papa Jo\u00e3o Paulo II. O religioso foi o respons\u00e1vel por escrever a ora\u00e7\u00e3o de Santa Dulce e ler a carta apost\u00f3lica na beatifica\u00e7\u00e3o da mesma.<\/p>","protected":false},"excerpt":{"rendered":"<p>Dom Geraldo Majella, arcebispo em\u00e9rito de Salvador e fundador da Pastoral da Crian\u00e7a, morreu neste s\u00e1bado (26), aos 89 anos. A CNBB (Confedera\u00e7\u00e3o Nacional dos Bispos do Brasil) revelou que o religioso sofreu um AVC (Acidente Vascular Cerebral) em dezembro e estava em interna\u00e7\u00e3o em domic\u00edlio em Londrina, no Paran\u00e1, onde faleceu. &#8220;A Confer\u00eancia Nacional [&hellip;]<\/p>\n","protected":false},"author":37,"featured_media":189312,"comment_status":"closed","ping_status":"open","sticky":false,"template":"","format":"standard","meta":{"footnotes":""},"categories":[2165],"tags":[15546],"class_list":["post-189310","post","type-post","status-publish","format-standard","has-post-thumbnail","hentry","category-noticias","tag-dom-geraldo-majella"],"_links":{"self":[{"href":"https:\/\/portalpopmais.com.br\/en\/wp-json\/wp\/v2\/posts\/189310","targetHints":{"allow":["GET"]}}],"collection":[{"href":"https:\/\/portalpopmais.com.br\/en\/wp-json\/wp\/v2\/posts"}],"about":[{"href":"https:\/\/portalpopmais.com.br\/en\/wp-json\/wp\/v2\/types\/post"}],"author":[{"embeddable":true,"href":"https:\/\/portalpopmais.com.br\/en\/wp-json\/wp\/v2\/users\/37"}],"replies":[{"embeddable":true,"href":"https:\/\/portalpopmais.com.br\/en\/wp-json\/wp\/v2\/comments?post=189310"}],"version-history":[{"count":0,"href":"https:\/\/portalpopmais.com.br\/en\/wp-json\/wp\/v2\/posts\/189310\/revisions"}],"wp:featuredmedia":[{"embeddable":true,"href":"https:\/\/portalpopmais.com.br\/en\/wp-json\/wp\/v2\/media\/189312"}],"wp:attachment":[{"href":"https:\/\/portalpopmais.com.br\/en\/wp-json\/wp\/v2\/media?parent=189310"}],"wp:term":[{"taxonomy":"category","embeddable":true,"href":"https:\/\/portalpopmais.com.br\/en\/wp-json\/wp\/v2\/categories?post=189310"},{"taxonomy":"post_tag","embeddable":true,"href":"https:\/\/portalpopmais.com.br\/en\/wp-json\/wp\/v2\/tags?post=189310"}],"curies":[{"name":"wp","href":"https:\/\/api.w.org\/{rel}","templated":true}]}}