{"id":189390,"date":"2023-08-28T07:44:26","date_gmt":"2023-08-28T10:44:26","guid":{"rendered":"https:\/\/portalpopmais.com.br\/?p=189390"},"modified":"2023-08-28T07:45:20","modified_gmt":"2023-08-28T10:45:20","slug":"faustao-prioridade-transplante-coracao","status":"publish","type":"post","link":"https:\/\/portalpopmais.com.br\/en\/faustao-prioridade-transplante-coracao\/","title":{"rendered":"Faust\u00e3o teve prioridade na fila de transplante devido ao seu \u2018estado grave de sa\u00fade\u2019, afirma minist\u00e9rio"},"content":{"rendered":"<p class=\"wp-block-paragraph\">O apresentador <strong>Fausto Silva<\/strong>, o Faust\u00e3o, passou por uma cirurgia de transplante de cora\u00e7\u00e3o na tarde deste domingo (27). A velocidade com que o comunicador conseguiu o \u00f3rg\u00e3o surpreendeu os internautas e gerou uma onda de cr\u00edticas, muitos associando o fato \u00e0 fortuna de <a href=\"https:\/\/twitter.com\/sitepopmais\/status\/1695892254861201793\" target=\"_blank\" rel=\"noopener\">Fausto<\/a>.<\/p>\n\n\n\n<p class=\"wp-block-paragraph\"><strong>Leia mais:<br><a href=\"https:\/\/portalpopmais.com.br\/en\/show-alok-rj-arrastoes\/\" target=\"_blank\" rel=\"noreferrer noopener\">Show gratuito de Alok no RJ \u00e9 marcado por arrast\u00f5es; veja v\u00eddeo<\/a><br><a href=\"https:\/\/portalpopmais.com.br\/en\/dancarinos-mc-pipokinha-detonam-cantora\/\" target=\"_blank\" rel=\"noreferrer noopener\">V\u00cdDEO: dan\u00e7arinos de MC Pipokinha pedem demiss\u00e3o e detonam a cantora: \u201cFalsa, hip\u00f3crita\u201d<\/a><\/strong><br><\/p>\n\n\n\n<p class=\"wp-block-paragraph\">Por\u00e9m, d acordo com o Minist\u00e9rio da Sa\u00fade, o apresentador foi priorizado \u201cem raz\u00e3o de seu estado grave de sa\u00fade&#8221;. Em nota, a pasta afirmou que &#8220;ele recebeu um cora\u00e7\u00e3o ap\u00f3s constatada a compatibilidade necess\u00e1ria para o procedimento\u201d.<\/p>\n\n\n\n<p class=\"wp-block-paragraph\">O Minist\u00e9rio ressalta que a lista para transplantes \u00e9 \u00fanica e vale tanto para os pacientes do SUS quanto para os da rede privada. A estrutura \u00e9 gerenciada pelo pr\u00f3prio minist\u00e9rio.<\/p>\n\n\n\n<p class=\"wp-block-paragraph\">\u201cQuando os crit\u00e9rios t\u00e9cnicos s\u00e3o semelhantes, a ordem cronol\u00f3gica de cadastro, ou seja, a ordem de chegada, funciona como crit\u00e9rio de desempate. Pacientes em estado cr\u00edtico s\u00e3o atendidos com prioridade, em raz\u00e3o de sua condi\u00e7\u00e3o cl\u00ednica.\u201d<\/p>\n\n\n\n<h1 class=\"wp-block-heading\">Transplante<\/h1>\n\n\n\n<p class=\"wp-block-paragraph\">A opera\u00e7\u00e3o, que durou 2h30, foi realizada no Hospital Israelita Albert Einstein, em S\u00e3o Paulo. Fausto Silva est\u00e1 internado desde 5 de agosto com um quadro de insufici\u00eancia card\u00edaca.<\/p>\n\n\n\n<p class=\"wp-block-paragraph\">\u201cO Einstein foi acionado pela Central de Transplantes do Estado de S\u00e3o Paulo na madrugada de hoje, quando foi iniciada a avalia\u00e7\u00e3o sobre a compatibilidade do \u00f3rg\u00e3o, levando em considera\u00e7\u00e3o o tipo sangu\u00edneo B\u201d, afirma o hospital em nota <a href=\"http:\/\/portalpopmais.com.br\/en\/\">divulgada<\/a>.<\/p>\n\n\n\n<figure class=\"wp-block-embed is-type-rich is-provider-twitter wp-block-embed-twitter\"><div class=\"wp-block-embed__wrapper\">\n<blockquote class=\"twitter-tweet\" data-width=\"550\" data-dnt=\"true\"><p lang=\"pt\" dir=\"ltr\">Cirurgia de transplante de cora\u00e7\u00e3o em Faust\u00e3o ocorreu com sucesso. Veja o boletim divulgado pelo hospital. <a href=\"https:\/\/t.co\/LQz6MDRTPj\">pic.twitter.com\/LQz6MDRTPj<\/a><\/p>&mdash; Portal POP Mais (@sitepopmais) <a href=\"https:\/\/twitter.com\/sitepopmais\/status\/1695892254861201793?ref_src=twsrc%5Etfw\" target=\"_blank\" rel=\"noopener\">August 27, 2023<\/a><\/blockquote><script async src=\"https:\/\/platform.twitter.com\/widgets.js\" charset=\"utf-8\"><\/script>\n<\/div><\/figure>","protected":false},"excerpt":{"rendered":"<p>O apresentador Fausto Silva, o Faust\u00e3o, passou por uma cirurgia de transplante de cora\u00e7\u00e3o na tarde deste domingo (27). A velocidade com que o comunicador conseguiu o \u00f3rg\u00e3o surpreendeu os internautas e gerou uma onda de cr\u00edticas, muitos associando o fato \u00e0 fortuna de Fausto. Leia mais:Show gratuito de Alok no RJ \u00e9 marcado por [&hellip;]<\/p>\n","protected":false},"author":2,"featured_media":180092,"comment_status":"closed","ping_status":"open","sticky":false,"template":"","format":"standard","meta":{"footnotes":""},"categories":[173],"tags":[7986],"class_list":["post-189390","post","type-post","status-publish","format-standard","has-post-thumbnail","hentry","category-celebridades","tag-faustao"],"_links":{"self":[{"href":"https:\/\/portalpopmais.com.br\/en\/wp-json\/wp\/v2\/posts\/189390","targetHints":{"allow":["GET"]}}],"collection":[{"href":"https:\/\/portalpopmais.com.br\/en\/wp-json\/wp\/v2\/posts"}],"about":[{"href":"https:\/\/portalpopmais.com.br\/en\/wp-json\/wp\/v2\/types\/post"}],"author":[{"embeddable":true,"href":"https:\/\/portalpopmais.com.br\/en\/wp-json\/wp\/v2\/users\/2"}],"replies":[{"embeddable":true,"href":"https:\/\/portalpopmais.com.br\/en\/wp-json\/wp\/v2\/comments?post=189390"}],"version-history":[{"count":0,"href":"https:\/\/portalpopmais.com.br\/en\/wp-json\/wp\/v2\/posts\/189390\/revisions"}],"wp:featuredmedia":[{"embeddable":true,"href":"https:\/\/portalpopmais.com.br\/en\/wp-json\/wp\/v2\/media\/180092"}],"wp:attachment":[{"href":"https:\/\/portalpopmais.com.br\/en\/wp-json\/wp\/v2\/media?parent=189390"}],"wp:term":[{"taxonomy":"category","embeddable":true,"href":"https:\/\/portalpopmais.com.br\/en\/wp-json\/wp\/v2\/categories?post=189390"},{"taxonomy":"post_tag","embeddable":true,"href":"https:\/\/portalpopmais.com.br\/en\/wp-json\/wp\/v2\/tags?post=189390"}],"curies":[{"name":"wp","href":"https:\/\/api.w.org\/{rel}","templated":true}]}}