{"id":190178,"date":"2023-09-03T12:23:44","date_gmt":"2023-09-03T15:23:44","guid":{"rendered":"https:\/\/portalpopmais.com.br\/?p=190178"},"modified":"2023-09-03T12:23:55","modified_gmt":"2023-09-03T15:23:55","slug":"ludmilla-reune-15-mil-pessoas-em-show-em-fortaleza","status":"publish","type":"post","link":"https:\/\/portalpopmais.com.br\/en\/ludmilla-reune-15-mil-pessoas-em-show-em-fortaleza\/","title":{"rendered":"Ludmilla re\u00fane 15 mil pessoas em show em Fortaleza"},"content":{"rendered":"<p>Neste s\u00e1bado (2), a cantora <strong><a href=\"https:\/\/portalpopmais.com.br\/en\/lancamentos-01-de-setembro-de-2023\/\" data-type=\"post\" data-id=\"189850\">Ludmilla<\/a><\/strong> desembarcou em Fortaleza para mais uma edi\u00e7\u00e3o de turn\u00ea &#8220;<strong>Numanice<\/strong>&#8220;. Este \u00e9 o quinto destino da artista neste ano, em um evento que atrai milhares de pessoas em todas as cidades e se tornou um dos grande sucesso na carreira da artista.<\/p>\n\n\n\n<p>Como sempre, o show atraiu uma legi\u00e3o de f\u00e3s que vibraram com os sucessos da cantora na vers\u00e3o pagode. Fortaleza tem uma hist\u00f3ria especial com o Numanice, no ano passado surpreendeu a cantora com ingressos esgotados e um p\u00fablico entregue \u00e0s suas m\u00fasicas.<\/p>\n\n\n<div class=\"wp-block-image\">\n<figure class=\"aligncenter size-large\"><img loading=\"lazy\" decoding=\"async\" width=\"1170\" height=\"694\" src=\"https:\/\/portalpopmais.com.br\/wp-content\/uploads\/2023\/09\/WhatsApp-Image-2023-09-03-at-09.05.56-1170x694.jpeg\" alt=\"\" class=\"wp-image-190180\" title=\"\" srcset=\"https:\/\/portalpopmais.com.br\/wp-content\/uploads\/2023\/09\/WhatsApp-Image-2023-09-03-at-09.05.56-1170x694.jpeg 1170w, https:\/\/portalpopmais.com.br\/wp-content\/uploads\/2023\/09\/WhatsApp-Image-2023-09-03-at-09.05.56-768x456.jpeg 768w\" sizes=\"auto, (max-width: 1170px) 100vw, 1170px\" \/><figcaption class=\"wp-element-caption\">Ludmilla faz show para 15 mil pessoas em Fortaleza &#8211; Foto: Divulga\u00e7\u00e3o<\/figcaption><\/figure>\n<\/div>\n\n\n<p>Nesta edi\u00e7\u00e3o Ludmilla mais uma vez trouxe convidados surpresa. Xande Avi\u00e3o e o cantor Suel se apresentaram e animaram ainda mais os f\u00e3s.<\/p>\n\n\n\n<p>O evento na capital do Cear\u00e1 reuniu 15 mil pessoas. Os pr\u00f3ximos destinos de Ludmilla com o show s\u00e3o Belo Horizonte (30\/09), Vit\u00f3ria (07\/10), Recife (14\/11), Florian\u00f3polis (18\/11), Curitiba (25\/11) e Bras\u00edlia (09\/12).<\/p>","protected":false},"excerpt":{"rendered":"<p>Neste s\u00e1bado (2), a cantora Ludmilla desembarcou em Fortaleza para mais uma edi\u00e7\u00e3o de turn\u00ea &#8220;Numanice&#8220;. Este \u00e9 o quinto destino da artista neste ano, em um evento que atrai milhares de pessoas em todas as cidades e se tornou um dos grande sucesso na carreira da artista. Como sempre, o show atraiu uma legi\u00e3o [&hellip;]<\/p>\n","protected":false},"author":2,"featured_media":190182,"comment_status":"closed","ping_status":"open","sticky":false,"template":"","format":"standard","meta":{"footnotes":""},"categories":[154],"tags":[338],"class_list":["post-190178","post","type-post","status-publish","format-standard","has-post-thumbnail","hentry","category-musica","tag-ludmilla"],"_links":{"self":[{"href":"https:\/\/portalpopmais.com.br\/en\/wp-json\/wp\/v2\/posts\/190178","targetHints":{"allow":["GET"]}}],"collection":[{"href":"https:\/\/portalpopmais.com.br\/en\/wp-json\/wp\/v2\/posts"}],"about":[{"href":"https:\/\/portalpopmais.com.br\/en\/wp-json\/wp\/v2\/types\/post"}],"author":[{"embeddable":true,"href":"https:\/\/portalpopmais.com.br\/en\/wp-json\/wp\/v2\/users\/2"}],"replies":[{"embeddable":true,"href":"https:\/\/portalpopmais.com.br\/en\/wp-json\/wp\/v2\/comments?post=190178"}],"version-history":[{"count":0,"href":"https:\/\/portalpopmais.com.br\/en\/wp-json\/wp\/v2\/posts\/190178\/revisions"}],"wp:featuredmedia":[{"embeddable":true,"href":"https:\/\/portalpopmais.com.br\/en\/wp-json\/wp\/v2\/media\/190182"}],"wp:attachment":[{"href":"https:\/\/portalpopmais.com.br\/en\/wp-json\/wp\/v2\/media?parent=190178"}],"wp:term":[{"taxonomy":"category","embeddable":true,"href":"https:\/\/portalpopmais.com.br\/en\/wp-json\/wp\/v2\/categories?post=190178"},{"taxonomy":"post_tag","embeddable":true,"href":"https:\/\/portalpopmais.com.br\/en\/wp-json\/wp\/v2\/tags?post=190178"}],"curies":[{"name":"wp","href":"https:\/\/api.w.org\/{rel}","templated":true}]}}