{"id":190310,"date":"2023-09-04T15:40:10","date_gmt":"2023-09-04T18:40:10","guid":{"rendered":"https:\/\/portalpopmais.com.br\/?p=190310"},"modified":"2023-09-04T15:40:21","modified_gmt":"2023-09-04T18:40:21","slug":"novo-boletim-medico-de-kayky-brito","status":"publish","type":"post","link":"https:\/\/portalpopmais.com.br\/en\/novo-boletim-medico-de-kayky-brito\/","title":{"rendered":"Veja novo boletim m\u00e9dico de Kayky Brito: &#8220;Permanece sedado&#8221;"},"content":{"rendered":"<p>Nesta segunda-feira (4), o Hospital Copa D\u2019Or divulgou um novo boletim m\u00e9dico do ator <strong><a href=\"https:\/\/portalpopmais.com.br\/en\/motorista-kayky-brito-detalha-acidente\/\" data-type=\"post\" data-id=\"190250\">Kayky Brito<\/a><\/strong>, atualizando seu estado de sa\u00fade. <\/p>\n\n\n\n<p><strong>Leia Mais:<\/strong><br><strong><a href=\"https:\/\/portalpopmais.com.br\/en\/marcus-majella-indireta-para-ex-namorado\/\">Marcus Majella manda indireta para ex-namorado:\u201dMaricona do meu ex\u201d<\/a><br><a href=\"https:\/\/portalpopmais.com.br\/en\/vitor-meyniel-fala-sobre-espancamento-nada-saira-impune\/\">Vitor Meyniel fala sobre espancamento: \u201cNada sair\u00e1 impune\u201d<\/a><br><a href=\"https:\/\/portalpopmais.com.br\/en\/preta-gil-detona-ex-marido-e-amante\/\">Preta Gil detona ex-marido e amante: \u201cForam cru\u00e9is e sujos comigo\u201d<\/a><\/strong><\/p>\n\n\n\n<p>O artista ainda permanece sedado, intubado e na<a href=\"https:\/\/www.instagram.com\/portalpopmais\/\" target=\"_blank\" rel=\"noopener\"> UTI<\/a> da unidade de sa\u00fade. \u201cO Hospital Copa D\u2019Or informa que o paciente Kayky Fernandes Brito permanece sedado, em ventila\u00e7\u00e3o mec\u00e2nica e sob cuidados da equipe assistente na UTI. Hoje foi realizada a fixa\u00e7\u00e3o de fratura da pelve e do membro superior direito, com sucesso\u201d, diz a nota. <\/p>\n\n\n\n<p>Kayky Brito foi <a href=\"https:\/\/portalpopmais.com.br\/en\/\">atropelado por um motorista de aplicativo<\/a> na madrugada do s\u00e1bado (2), na Barra da Tijuca, Zona Oeste do Rio de Janeiro. O artista de 34 anos est\u00e1 internado em estado grave e teve politrauma corporal e traumatismo craniano. Ele passou por um procedimento para fixar a fratura da pelve e do membro superior direito. <\/p>","protected":false},"excerpt":{"rendered":"<p>Nesta segunda-feira (4), o Hospital Copa D\u2019Or divulgou um novo boletim m\u00e9dico do ator Kayky Brito, atualizando seu estado de sa\u00fade. Leia Mais:Marcus Majella manda indireta para ex-namorado:\u201dMaricona do meu ex\u201dVitor Meyniel fala sobre espancamento: \u201cNada sair\u00e1 impune\u201dPreta Gil detona ex-marido e amante: \u201cForam cru\u00e9is e sujos comigo\u201d O artista ainda permanece sedado, intubado e [&hellip;]<\/p>\n","protected":false},"author":2,"featured_media":190312,"comment_status":"closed","ping_status":"open","sticky":false,"template":"","format":"standard","meta":{"footnotes":""},"categories":[173],"tags":[10293],"class_list":["post-190310","post","type-post","status-publish","format-standard","has-post-thumbnail","hentry","category-celebridades","tag-kayky-brito"],"_links":{"self":[{"href":"https:\/\/portalpopmais.com.br\/en\/wp-json\/wp\/v2\/posts\/190310","targetHints":{"allow":["GET"]}}],"collection":[{"href":"https:\/\/portalpopmais.com.br\/en\/wp-json\/wp\/v2\/posts"}],"about":[{"href":"https:\/\/portalpopmais.com.br\/en\/wp-json\/wp\/v2\/types\/post"}],"author":[{"embeddable":true,"href":"https:\/\/portalpopmais.com.br\/en\/wp-json\/wp\/v2\/users\/2"}],"replies":[{"embeddable":true,"href":"https:\/\/portalpopmais.com.br\/en\/wp-json\/wp\/v2\/comments?post=190310"}],"version-history":[{"count":0,"href":"https:\/\/portalpopmais.com.br\/en\/wp-json\/wp\/v2\/posts\/190310\/revisions"}],"wp:featuredmedia":[{"embeddable":true,"href":"https:\/\/portalpopmais.com.br\/en\/wp-json\/wp\/v2\/media\/190312"}],"wp:attachment":[{"href":"https:\/\/portalpopmais.com.br\/en\/wp-json\/wp\/v2\/media?parent=190310"}],"wp:term":[{"taxonomy":"category","embeddable":true,"href":"https:\/\/portalpopmais.com.br\/en\/wp-json\/wp\/v2\/categories?post=190310"},{"taxonomy":"post_tag","embeddable":true,"href":"https:\/\/portalpopmais.com.br\/en\/wp-json\/wp\/v2\/tags?post=190310"}],"curies":[{"name":"wp","href":"https:\/\/api.w.org\/{rel}","templated":true}]}}