{"id":190918,"date":"2023-09-09T13:49:36","date_gmt":"2023-09-09T16:49:36","guid":{"rendered":"https:\/\/portalpopmais.com.br\/?p=190918"},"modified":"2023-09-09T13:49:47","modified_gmt":"2023-09-09T16:49:47","slug":"bell-marques-incendeia-publico-em-encerramento-da-segunda-noite-do-sauipe-weekend","status":"publish","type":"post","link":"https:\/\/portalpopmais.com.br\/en\/bell-marques-incendeia-publico-em-encerramento-da-segunda-noite-do-sauipe-weekend\/","title":{"rendered":"Bell Marques incendeia p\u00fablico em encerramento da segunda noite do Sau\u00edpe Weekend"},"content":{"rendered":"<p>A segunda noite do Sau\u00edpe Weekend terminou com um patrim\u00f4nio do Carnaval brasileiro: Bell Marques! O astro do ax\u00e9 incendiou os foli\u00f5es da Arena Sau\u00edpe na noite desta sexta-feira (8).<\/p>\n\n\n\n<p>O p\u00fablico vibrou com o repert\u00f3rio do show de Bell Marques, repleto de hits do grupo Chiclete Com Banana, que liderou os vocais durante mais de tr\u00eas d\u00e9cadas, e de sua fase solo.<\/p>\n\n\n\n<p>&#8220;Estou no melhor momento dos meus 46 anos de carreira. Chegar \u00e0 idade que cheguei e agregar pessoas jovens \u00e9 uma coisa inusitada. Fico muito agradecido. Para mim, shows s\u00e3o muito prazerosos. Quando subo no palco, esque\u00e7o tudo e procuro fazer com que as pesoas se divirtam e saiam felizes&#8221;, destaca Bell.<\/p>\n\n\n\n<p>A Arena Sau\u00edpe ainda recebeu Xand Avi\u00e3o, representando o forr\u00f3 na folia do Sau\u00edpe Weekend. Antes, Xanddy Harmonia arrastou uma multid\u00e3o no Trio Pranch\u00e3o.<\/p>\n\n\n\n<p>O megafestival realizado no complexo hoteleiro da Costa do Sau\u00edpe (BA) come\u00e7ou na \u00faltima quinta-feira (7), com artistas como \u00c9 o Tchan, Tomate e Banda Eva. No s\u00e1bado (9), terceiro e \u00faltimo dia de evento, o line-up ter\u00e1 Durval Lelys, Timbalada e Rafa &amp; Pipo, entre outras atra\u00e7\u00f5es.<\/p>","protected":false},"excerpt":{"rendered":"<p>A segunda noite do Sau\u00edpe Weekend terminou com um patrim\u00f4nio do Carnaval brasileiro: Bell Marques! O astro do ax\u00e9 incendiou os foli\u00f5es da Arena Sau\u00edpe na noite desta sexta-feira (8). O p\u00fablico vibrou com o repert\u00f3rio do show de Bell Marques, repleto de hits do grupo Chiclete Com Banana, que liderou os vocais durante mais [&hellip;]<\/p>\n","protected":false},"author":2,"featured_media":190922,"comment_status":"closed","ping_status":"open","sticky":false,"template":"","format":"standard","meta":{"footnotes":""},"categories":[154],"tags":[15637],"class_list":["post-190918","post","type-post","status-publish","format-standard","has-post-thumbnail","hentry","category-musica","tag-bell-marques"],"_links":{"self":[{"href":"https:\/\/portalpopmais.com.br\/en\/wp-json\/wp\/v2\/posts\/190918","targetHints":{"allow":["GET"]}}],"collection":[{"href":"https:\/\/portalpopmais.com.br\/en\/wp-json\/wp\/v2\/posts"}],"about":[{"href":"https:\/\/portalpopmais.com.br\/en\/wp-json\/wp\/v2\/types\/post"}],"author":[{"embeddable":true,"href":"https:\/\/portalpopmais.com.br\/en\/wp-json\/wp\/v2\/users\/2"}],"replies":[{"embeddable":true,"href":"https:\/\/portalpopmais.com.br\/en\/wp-json\/wp\/v2\/comments?post=190918"}],"version-history":[{"count":0,"href":"https:\/\/portalpopmais.com.br\/en\/wp-json\/wp\/v2\/posts\/190918\/revisions"}],"wp:featuredmedia":[{"embeddable":true,"href":"https:\/\/portalpopmais.com.br\/en\/wp-json\/wp\/v2\/media\/190922"}],"wp:attachment":[{"href":"https:\/\/portalpopmais.com.br\/en\/wp-json\/wp\/v2\/media?parent=190918"}],"wp:term":[{"taxonomy":"category","embeddable":true,"href":"https:\/\/portalpopmais.com.br\/en\/wp-json\/wp\/v2\/categories?post=190918"},{"taxonomy":"post_tag","embeddable":true,"href":"https:\/\/portalpopmais.com.br\/en\/wp-json\/wp\/v2\/tags?post=190918"}],"curies":[{"name":"wp","href":"https:\/\/api.w.org\/{rel}","templated":true}]}}