{"id":191734,"date":"2023-09-19T09:08:03","date_gmt":"2023-09-19T12:08:03","guid":{"rendered":"https:\/\/portalpopmais.com.br\/?p=191734"},"modified":"2023-09-19T09:08:14","modified_gmt":"2023-09-19T12:08:14","slug":"wesley-safadao-desabafa-na-web","status":"publish","type":"post","link":"https:\/\/portalpopmais.com.br\/en\/wesley-safadao-desabafa-na-web\/","title":{"rendered":"Ap\u00f3s se afastar dos palcos, Wesley Safad\u00e3o desabafa na web: &#8220;Pre\u00e7o caro e alto&#8221;"},"content":{"rendered":"<p>Ap\u00f3s se afastar dos palcos devido as crises de ansiedade, <strong><a href=\"https:\/\/portalpopmais.com.br\/en\/mae-de-wesley-safadao-abala-afastamento-palco\/\" data-type=\"post\" data-id=\"190803\">Wesley Safad\u00e3o<\/a><\/strong> foi at\u00e9 as redes sociais nesta segunda-feira (18) e falar um pouco sobre como est\u00e1 sua sa\u00fade.<\/p>\n\n\n\n<p><strong>Leia Mais:<\/strong><br><strong><a href=\"https:\/\/portalpopmais.com.br\/en\/morre-rafael-puglisi-o-dentista-dos-famosos-aos-35-anos\/\">Morre Rafael Puglisi, o \u2018Dentista dos Famosos\u2019, aos 35 anos<\/a><br><a href=\"https:\/\/portalpopmais.com.br\/en\/lista-descobertas-musicais-da-plataforma-groover-12\/\">Lista: Descobertas musicais da plataforma Groover<\/a><br><a href=\"https:\/\/portalpopmais.com.br\/en\/maraisa-se-declara-para-fernando-moco\/\">Mara\u00edsa se declara para empres\u00e1rio Fernando Moc\u00f3: \u201cSou mais feliz\u201d<\/a><\/strong><\/p>\n\n\n\n<p>Sem previs\u00e3o de volta com a<a href=\"https:\/\/twitter.com\/popmaisfm\" target=\"_blank\" rel=\"noopener\"> agenda de shows<\/a>, o cantor disse que vem melhorando cada dia um pouquinho: \u201cCada dia que passa, venho me sentindo melhor. \u00c9 um processo. Em alguns momentos, a gente se sente meio estranho, tem alguns sentimentos assim, mas estou melhorando\u201d. <\/p>\n\n\n\n<p>Wesley Safad\u00e3o ainda destacou que com a fama, deixou de lado a sa\u00fade e acabou ocasionando preju\u00edzos maiores. &#8220;Esses dias estou com minha fam\u00edlia. Tenho voltado a jogar futebol. Tirei os compromissos da frente, reduzi bastante coisa. Eu precisava passar por isso para ter mais equil\u00edbrio. S\u00e3o 22 anos na estrada, na correria que \u00e9 a vida de um artista&#8221;. <\/p>\n\n\n\n<p>E continuou: &#8220;O sucesso \u00e9 bom, mas a gente paga um pre\u00e7o muito caro e alto por isso. Tenho buscado mais equil\u00edbrio. No decorrer desses dias, a gente tem tirado momentos para ir ajustando as coisas. Esse tempo tem sido precioso para fazer uma avalia\u00e7\u00e3o do que precisa ser feito nos pr\u00f3ximos anos. Ser\u00e3o os melhores da minha vida&#8221;.<\/p>\n\n\n\n<p>Esta n\u00e3o foi a primeira vez que acabou tendo um pico de estresse, em <a href=\"https:\/\/portalpopmais.com.br\/en\/\">2018<\/a> Wesley Safad\u00e3o acabou passando por uma situa\u00e7\u00e3o menos agravante, mas que precisava ter parado e buscado ajuda. \u201cQuero voltar para os shows mais equilibrado, com uma quantidade menor. Isso \u00e9 algo que eu desejava h\u00e1 muito tempo. Agora \u00e9 hora de botar em pr\u00e1tica\u201d.<\/p>\n\n\n\n<p><\/p>","protected":false},"excerpt":{"rendered":"<p>Ap\u00f3s se afastar dos palcos devido as crises de ansiedade, Wesley Safad\u00e3o foi at\u00e9 as redes sociais nesta segunda-feira (18) e falar um pouco sobre como est\u00e1 sua sa\u00fade. Leia Mais:Morre Rafael Puglisi, o \u2018Dentista dos Famosos\u2019, aos 35 anosLista: Descobertas musicais da plataforma GrooverMara\u00edsa se declara para empres\u00e1rio Fernando Moc\u00f3: \u201cSou mais feliz\u201d Sem [&hellip;]<\/p>\n","protected":false},"author":2,"featured_media":190804,"comment_status":"closed","ping_status":"open","sticky":false,"template":"","format":"standard","meta":{"footnotes":""},"categories":[173],"tags":[221],"class_list":["post-191734","post","type-post","status-publish","format-standard","has-post-thumbnail","hentry","category-celebridades","tag-wesley-safadao"],"_links":{"self":[{"href":"https:\/\/portalpopmais.com.br\/en\/wp-json\/wp\/v2\/posts\/191734","targetHints":{"allow":["GET"]}}],"collection":[{"href":"https:\/\/portalpopmais.com.br\/en\/wp-json\/wp\/v2\/posts"}],"about":[{"href":"https:\/\/portalpopmais.com.br\/en\/wp-json\/wp\/v2\/types\/post"}],"author":[{"embeddable":true,"href":"https:\/\/portalpopmais.com.br\/en\/wp-json\/wp\/v2\/users\/2"}],"replies":[{"embeddable":true,"href":"https:\/\/portalpopmais.com.br\/en\/wp-json\/wp\/v2\/comments?post=191734"}],"version-history":[{"count":0,"href":"https:\/\/portalpopmais.com.br\/en\/wp-json\/wp\/v2\/posts\/191734\/revisions"}],"wp:featuredmedia":[{"embeddable":true,"href":"https:\/\/portalpopmais.com.br\/en\/wp-json\/wp\/v2\/media\/190804"}],"wp:attachment":[{"href":"https:\/\/portalpopmais.com.br\/en\/wp-json\/wp\/v2\/media?parent=191734"}],"wp:term":[{"taxonomy":"category","embeddable":true,"href":"https:\/\/portalpopmais.com.br\/en\/wp-json\/wp\/v2\/categories?post=191734"},{"taxonomy":"post_tag","embeddable":true,"href":"https:\/\/portalpopmais.com.br\/en\/wp-json\/wp\/v2\/tags?post=191734"}],"curies":[{"name":"wp","href":"https:\/\/api.w.org\/{rel}","templated":true}]}}