{"id":191739,"date":"2023-09-19T09:32:24","date_gmt":"2023-09-19T12:32:24","guid":{"rendered":"https:\/\/portalpopmais.com.br\/?p=191739"},"modified":"2023-09-19T11:13:08","modified_gmt":"2023-09-19T14:13:08","slug":"fazenda-15-rachel-sheherazade-humilha-concorrentes","status":"publish","type":"post","link":"https:\/\/portalpopmais.com.br\/en\/fazenda-15-rachel-sheherazade-humilha-concorrentes\/","title":{"rendered":"A Fazenda 15: Rachel Sheherazade esculacha concorrentes ao vivo: &#8220;Nunca vi antes&#8221;"},"content":{"rendered":"\n<p>Aconteceu ontem (18), a pr\u00e9-estreia de <strong><a href=\"https:\/\/twitter.com\/popmaisfm\" target=\"_blank\" rel=\"noopener\">&#8220;A Fazenda 15&#8221;,<\/a><\/strong> na Record TV. A jornalista<strong><a href=\"https:\/\/portalpopmais.com.br\/rachel-sheherazade-tv-saida-sbt\/\" data-type=\"post\" data-id=\"159500\"> Rachel Sheherazade<\/a><\/strong> entregou conte\u00fado e sem papas na l\u00edngua foi bem sincera. <\/p>\n\n\n\n<p><strong>Leia Mais:<\/strong><br><strong><a href=\"https:\/\/portalpopmais.com.br\/mais-pop-do-que-nunca-davi-kneip-lanca-eu-nem-dei-tchau\/\">Mais pop do que nunca, Davi Kneip lan\u00e7a \u201cEu Nem Dei Tchau\u201d<\/a><br><a href=\"https:\/\/portalpopmais.com.br\/morre-rafael-puglisi-o-dentista-dos-famosos-aos-35-anos\/\">Morre Rafael Puglisi, o \u2018Dentista dos Famosos\u2019, aos 35 anos<\/a><br><a href=\"https:\/\/portalpopmais.com.br\/wesley-safadao-desabafa-na-web\/\">Ap\u00f3s se afastar dos palcos, Wesley Safad\u00e3o desabafa na web: \u201cPre\u00e7o caro e alto\u201d<\/a><\/strong><\/p>\n\n\n\n<p>Ela foi indagada sobre ter falado mal sobre reality show e agora decidiu participar. &#8220;Eu nunca falei mal de reality show, voc\u00ea trem algum print? Mostra pra mim, ent\u00e3o. Fala o que eu disse&#8221;, disparou ela. <\/p>\n\n\n\n<p>Na sequ\u00eancia, Rachel Sheherazade ent\u00e3o revelou que nunca assistiu de fato um reality. &#8220;Eu nunca assisti, o primeiro foi A Fazenda, esse que eu t\u00f4 participando. Acho que essa informa\u00e7\u00e3o chegou pra voc\u00ea meio truncada. Dizer que eu n\u00e3o gosto de reality show, eu nunca falei. N\u00e3o \u00e9 novidade pra ningu\u00e9m. Esse \u00e9 o primeiro que eu t\u00f4 assistindo&#8221;. <\/p>\n\n\n\n<p>A jornalista ainda d\u00e1 mais uma atravessada e fala: &#8220;N\u00e3o esperem edredom, estou aqui para concorrer ao pr\u00eamio de R$ 1 milh\u00e3o, pra vivenciar experi\u00eancia \u00fanica e estar com pessoas que nunca vi antes, que n\u00e3o conhecia&#8221;. <\/p>\n\n\n\n<p>Raquel Sheherazade ent\u00e3o finalizou: &#8220;Acho que eu s\u00f3 conhecia de fato, l\u00f3gico pela fama o Andr\u00e9 [Gon\u00e7alves, ator]. N\u00e3o sou do entretenimento, mas estou disposta a conviver e conhecer cada um de voc\u00eas&#8221;.  Os pe\u00f5es gargalharam. <\/p>\n\n\n\n<blockquote class=\"twitter-tweet\"><p lang=\"pt\" dir=\"ltr\">&quot;Eu nunca falei mal de reality show! Voc\u00ea tem algum print?&quot;, dispara Sheherazade ao jornalista \ud83d\ude2e <a href=\"https:\/\/twitter.com\/hashtag\/AFazenda?src=hash&amp;ref_src=twsrc%5Etfw\" target=\"_blank\" rel=\"noopener\">#AFazenda<\/a> <a href=\"https:\/\/twitter.com\/hashtag\/Pr%C3%A9EstreiaAFazenda?src=hash&amp;ref_src=twsrc%5Etfw\" target=\"_blank\" rel=\"noopener\">#Pr\u00e9EstreiaAFazenda<\/a> <a href=\"https:\/\/t.co\/gRixGMv5TP\">pic.twitter.com\/gRixGMv5TP<\/a><\/p>&mdash; A Fazenda (@afazendarecord) <a href=\"https:\/\/twitter.com\/afazendarecord\/status\/1703966139099885657?ref_src=twsrc%5Etfw\" target=\"_blank\" rel=\"noopener\">September 19, 2023<\/a><\/blockquote> <script async src=\"https:\/\/platform.twitter.com\/widgets.js\" charset=\"utf-8\"><\/script>\n","protected":false},"excerpt":{"rendered":"<p>Aconteceu ontem (18), a pr\u00e9-estreia de &#8220;A Fazenda 15&#8221;, na Record TV. A jornalista Rachel Sheherazade entregou conte\u00fado e sem papas na l\u00edngua foi bem sincera. Leia Mais:Mais pop do que nunca, Davi Kneip lan\u00e7a \u201cEu Nem Dei Tchau\u201dMorre Rafael Puglisi, o \u2018Dentista dos Famosos\u2019, aos 35 anosAp\u00f3s se afastar dos palcos, Wesley Safad\u00e3o desabafa [&hellip;]<\/p>\n","protected":false},"author":2,"featured_media":191750,"comment_status":"closed","ping_status":"open","sticky":false,"template":"","format":"standard","meta":{"footnotes":""},"categories":[8605],"tags":[14183,4281],"class_list":["post-191739","post","type-post","status-publish","format-standard","has-post-thumbnail","hentry","category-realities","tag-a-fazenda-15","tag-rachel-sheherazade"],"_links":{"self":[{"href":"https:\/\/portalpopmais.com.br\/en\/wp-json\/wp\/v2\/posts\/191739","targetHints":{"allow":["GET"]}}],"collection":[{"href":"https:\/\/portalpopmais.com.br\/en\/wp-json\/wp\/v2\/posts"}],"about":[{"href":"https:\/\/portalpopmais.com.br\/en\/wp-json\/wp\/v2\/types\/post"}],"author":[{"embeddable":true,"href":"https:\/\/portalpopmais.com.br\/en\/wp-json\/wp\/v2\/users\/2"}],"replies":[{"embeddable":true,"href":"https:\/\/portalpopmais.com.br\/en\/wp-json\/wp\/v2\/comments?post=191739"}],"version-history":[{"count":0,"href":"https:\/\/portalpopmais.com.br\/en\/wp-json\/wp\/v2\/posts\/191739\/revisions"}],"wp:featuredmedia":[{"embeddable":true,"href":"https:\/\/portalpopmais.com.br\/en\/wp-json\/wp\/v2\/media\/191750"}],"wp:attachment":[{"href":"https:\/\/portalpopmais.com.br\/en\/wp-json\/wp\/v2\/media?parent=191739"}],"wp:term":[{"taxonomy":"category","embeddable":true,"href":"https:\/\/portalpopmais.com.br\/en\/wp-json\/wp\/v2\/categories?post=191739"},{"taxonomy":"post_tag","embeddable":true,"href":"https:\/\/portalpopmais.com.br\/en\/wp-json\/wp\/v2\/tags?post=191739"}],"curies":[{"name":"wp","href":"https:\/\/api.w.org\/{rel}","templated":true}]}}