{"id":191741,"date":"2023-09-19T09:25:37","date_gmt":"2023-09-19T12:25:37","guid":{"rendered":"https:\/\/portalpopmais.com.br\/?p=191741"},"modified":"2023-09-19T09:25:49","modified_gmt":"2023-09-19T12:25:49","slug":"mais-pop-do-que-nunca-davi-kneip-lanca-eu-nem-dei-tchau","status":"publish","type":"post","link":"https:\/\/portalpopmais.com.br\/en\/mais-pop-do-que-nunca-davi-kneip-lanca-eu-nem-dei-tchau\/","title":{"rendered":"Mais pop do que nunca, Davi Kneip lan\u00e7a &#8220;Eu Nem Dei Tchau&#8221;"},"content":{"rendered":"<p><strong><a href=\"https:\/\/portalpopmais.com.br\/en\/davi-kneip-kotim-empina-e-toma\/\" target=\"_blank\" data-type=\"post\" data-id=\"189758\" rel=\"noreferrer noopener\">Davi Kneip<\/a><\/strong> abra\u00e7a seu lado mais rom\u00e2ntico em &#8220;<a href=\"https:\/\/www.youtube.com\/watch?v=Wgv30ruJI_4\" target=\"_blank\" rel=\"noreferrer noopener\">Eu Nem Dei Tchau<\/a>&#8220;, lan\u00e7ado na sexta-feira (15), acompanhado de videoclipe. A can\u00e7\u00e3o, composta pelo DJ e cantor e Ca\u00edque Patti da Gama, \u00e9 um funk mais pop, diferente da sonoridade dos outros singles que ele costuma lan\u00e7ar, incluindo o hit &#8220;SentaDONA&#8221;.<\/p>\n\n\n\n<p><em>&#8220;Acredito muito no potencial dessa m\u00fasica. Esse ser\u00e1 o primeiro de v\u00e1rios lan\u00e7amentos que farei nesse estilo&#8221;<\/em>, adianta. <\/p>\n\n\n\n<p>O single, que tem o refr\u00e3o dan\u00e7ante, fala sobre um casal que estava flertando em um &#8216;rol\u00ea&#8221;. No fim o rapaz de t\u00e3o entusiasmado com a menina nem se despede dos <a href=\"http:\/\/twitter.com\/popmaisfm\" target=\"_blank\" rel=\"noopener\">amigos<\/a> depois que eles ficam. <\/p>\n\n\n\n<figure class=\"wp-block-embed is-type-video is-provider-youtube wp-block-embed-youtube wp-embed-aspect-16-9 wp-has-aspect-ratio\"><div class=\"wp-block-embed__wrapper\">\n<iframe loading=\"lazy\" title=\"EU NEM DEI TCHAU - Davi Kneip (CLIPE OFICIAL)\" width=\"880\" height=\"495\" src=\"https:\/\/www.youtube.com\/embed\/Wgv30ruJI_4?feature=oembed\" frameborder=\"0\" allow=\"accelerometer; autoplay; clipboard-write; encrypted-media; gyroscope; picture-in-picture; web-share\" referrerpolicy=\"strict-origin-when-cross-origin\" allowfullscreen><\/iframe>\n<\/div><\/figure>","protected":false},"excerpt":{"rendered":"<p>Davi Kneip abra\u00e7a seu lado mais rom\u00e2ntico em &#8220;Eu Nem Dei Tchau&#8220;, lan\u00e7ado na sexta-feira (15), acompanhado de videoclipe. A can\u00e7\u00e3o, composta pelo DJ e cantor e Ca\u00edque Patti da Gama, \u00e9 um funk mais pop, diferente da sonoridade dos outros singles que ele costuma lan\u00e7ar, incluindo o hit &#8220;SentaDONA&#8221;. &#8220;Acredito muito no potencial dessa [&hellip;]<\/p>\n","protected":false},"author":1,"featured_media":191743,"comment_status":"closed","ping_status":"open","sticky":false,"template":"","format":"standard","meta":{"footnotes":""},"categories":[154],"tags":[10881],"class_list":["post-191741","post","type-post","status-publish","format-standard","has-post-thumbnail","hentry","category-musica","tag-davi-kneip"],"_links":{"self":[{"href":"https:\/\/portalpopmais.com.br\/en\/wp-json\/wp\/v2\/posts\/191741","targetHints":{"allow":["GET"]}}],"collection":[{"href":"https:\/\/portalpopmais.com.br\/en\/wp-json\/wp\/v2\/posts"}],"about":[{"href":"https:\/\/portalpopmais.com.br\/en\/wp-json\/wp\/v2\/types\/post"}],"author":[{"embeddable":true,"href":"https:\/\/portalpopmais.com.br\/en\/wp-json\/wp\/v2\/users\/1"}],"replies":[{"embeddable":true,"href":"https:\/\/portalpopmais.com.br\/en\/wp-json\/wp\/v2\/comments?post=191741"}],"version-history":[{"count":0,"href":"https:\/\/portalpopmais.com.br\/en\/wp-json\/wp\/v2\/posts\/191741\/revisions"}],"wp:featuredmedia":[{"embeddable":true,"href":"https:\/\/portalpopmais.com.br\/en\/wp-json\/wp\/v2\/media\/191743"}],"wp:attachment":[{"href":"https:\/\/portalpopmais.com.br\/en\/wp-json\/wp\/v2\/media?parent=191741"}],"wp:term":[{"taxonomy":"category","embeddable":true,"href":"https:\/\/portalpopmais.com.br\/en\/wp-json\/wp\/v2\/categories?post=191741"},{"taxonomy":"post_tag","embeddable":true,"href":"https:\/\/portalpopmais.com.br\/en\/wp-json\/wp\/v2\/tags?post=191741"}],"curies":[{"name":"wp","href":"https:\/\/api.w.org\/{rel}","templated":true}]}}