{"id":191819,"date":"2023-09-20T07:55:21","date_gmt":"2023-09-20T10:55:21","guid":{"rendered":"https:\/\/portalpopmais.com.br\/?p=191819"},"modified":"2023-09-20T07:55:33","modified_gmt":"2023-09-20T10:55:33","slug":"video-vice-presidente-do-flamengo-e-acusado-de-morder-a-virilha-do-torcedor-em-briga","status":"publish","type":"post","link":"https:\/\/portalpopmais.com.br\/en\/video-vice-presidente-do-flamengo-e-acusado-de-morder-a-virilha-do-torcedor-em-briga\/","title":{"rendered":"V\u00eddeo: vice-presidente do Flamengo \u00e9 acusado de morder a virilha do torcedor em briga"},"content":{"rendered":"<p><strong><a href=\"http:\/\/twitter.com\/popmaisfm\" target=\"_blank\" rel=\"noopener\">Marcos Braz<\/a><\/strong>, vice-presidente do <a href=\"https:\/\/portalpopmais.com.br\/en\/jogadores-do-flamengo-trocam-socos\/\" data-type=\"post\" data-id=\"188104\">Flamengo<\/a>, se envolveu em uma confus\u00e3o com torcedores em um shopping no Rio de Janeiro na \u00faltima ter\u00e7a-feira (19). <\/p>\n\n\n\n<p><strong>Leia mais:<br><a href=\"https:\/\/portalpopmais.com.br\/en\/treyce-compra-cobertura-na-praia-do-rio\/\" target=\"_blank\" rel=\"noreferrer noopener\">Treyce, do hit \u2018Lovezinho\u2019 compra cobertura na praia do Rio<\/a><br><a href=\"https:\/\/portalpopmais.com.br\/en\/mae-de-kleber-alvarenga-publica-carta-aberta\/\" target=\"_blank\" rel=\"noreferrer noopener\">Ator de filmes de amor intenso, Kleber Alvarenga \u00e9 internado em cl\u00ednica de reabilita\u00e7\u00e3o<\/a><\/strong><\/p>\n\n\n\n<p>O torcedor no qual Marcos chegou as vias de fato, identificado como Leandro Campos da Silveira Gon\u00e7alves J\u00fanior, de vinte e dois anos, prestou depoimento na delegacia sobre o ocorrido ap\u00f3s passar pelo exame de corpo de delito no Instituto M\u00e9dico Legal, o IML.<\/p>\n\n\n\n<p>O jovem, que trabalha como entregador de aplicativo, disse que a pol\u00edcia que Marcos chegou as vias de fatos quando virou as costas e houve at\u00e9 uma mordida na virilha.<\/p>\n\n\n\n<p>Ainda no depoimento, dois amigos de Leandro que trabalham no shopping Via Parque e souberam da presen\u00e7a de Braz no Barra Shopping. Com isso, a dupla, que integra o segundo Pelot\u00e3o da organizada Torcida Jovem do Flamengo, foi ao local e fez cobran\u00e7as ao dirigente.<\/p>\n\n\n\n<p>Marcos Braz tamb\u00e9m deu seu depoimento na mesma delegacia de Leandro, a 16\u00aa DP na Barra da Tijuca, bairro na Zona Oeste do Rio de Janeiro onde aconteceu a treta.<\/p>\n\n\n\n<h2 class=\"wp-block-heading\">Confus\u00e3o<\/h2>\n\n\n\n<p>O vice-presidente do Flamengo, Marcos Braz, chegou \u00e0s vias de fato com um torcedor na tarde desta ter\u00e7a (19\/09) no Barra Shopping, na Barra da Tijuca, Zona Oeste do Rio de Janeiro.<\/p>\n\n\n\n<p>Segundo relatos, o dirigente estava com sua filha, que amanh\u00e3 completa 15 anos, dentro de uma loja de joias quando foi abordado por tr\u00eas torcedores, que se identificaram como integrantes de uma organizada. Eles criticaram o vice de futebol e pediram a sa\u00edda do t\u00e9cnico Jorge Sampaoli e de Gabigol.<\/p>\n\n\n\n<p>Com isso, Braz disse que foi ofendido e a partir da\u00ed iniciou-se a confus\u00e3o. Outros torcedores se juntaram no coro de cr\u00edticas ao cartola.<\/p>\n\n\n\n<p>A treta ocorreu por volta das cinco horas da tarde e assustou lojistas e clientes que passavam pelo shopping. O dirigente se refugiou dentro de uma loja depois da confus\u00e3o. Quase uma hora ap\u00f3s a briga, policiais chegaram ao local para que o vice-presidente pudesse sair do estabelecimento. Muitos curiosos tomaram o corredor enquanto o cartola permanecia na loja.<\/p>\n\n\n\n<figure class=\"wp-block-embed is-type-rich is-provider-instagram wp-block-embed-instagram\"><div class=\"wp-block-embed__wrapper\">\nhttps:\/\/www.instagram.com\/reel\/CxY7SdCtp0N\/?utm_source=ig_embed&#038;ig_rid=469c12b4-1568-48c6-8e97-12960a15d610\n<\/div><\/figure>","protected":false},"excerpt":{"rendered":"<p>Marcos Braz, vice-presidente do Flamengo, se envolveu em uma confus\u00e3o com torcedores em um shopping no Rio de Janeiro na \u00faltima ter\u00e7a-feira (19). Leia mais:Treyce, do hit \u2018Lovezinho\u2019 compra cobertura na praia do RioAtor de filmes de amor intenso, Kleber Alvarenga \u00e9 internado em cl\u00ednica de reabilita\u00e7\u00e3o O torcedor no qual Marcos chegou as vias [&hellip;]<\/p>\n","protected":false},"author":2,"featured_media":191821,"comment_status":"closed","ping_status":"open","sticky":false,"template":"","format":"standard","meta":{"footnotes":""},"categories":[2165],"tags":[2365],"class_list":["post-191819","post","type-post","status-publish","format-standard","has-post-thumbnail","hentry","category-noticias","tag-flamengo"],"_links":{"self":[{"href":"https:\/\/portalpopmais.com.br\/en\/wp-json\/wp\/v2\/posts\/191819","targetHints":{"allow":["GET"]}}],"collection":[{"href":"https:\/\/portalpopmais.com.br\/en\/wp-json\/wp\/v2\/posts"}],"about":[{"href":"https:\/\/portalpopmais.com.br\/en\/wp-json\/wp\/v2\/types\/post"}],"author":[{"embeddable":true,"href":"https:\/\/portalpopmais.com.br\/en\/wp-json\/wp\/v2\/users\/2"}],"replies":[{"embeddable":true,"href":"https:\/\/portalpopmais.com.br\/en\/wp-json\/wp\/v2\/comments?post=191819"}],"version-history":[{"count":0,"href":"https:\/\/portalpopmais.com.br\/en\/wp-json\/wp\/v2\/posts\/191819\/revisions"}],"wp:featuredmedia":[{"embeddable":true,"href":"https:\/\/portalpopmais.com.br\/en\/wp-json\/wp\/v2\/media\/191821"}],"wp:attachment":[{"href":"https:\/\/portalpopmais.com.br\/en\/wp-json\/wp\/v2\/media?parent=191819"}],"wp:term":[{"taxonomy":"category","embeddable":true,"href":"https:\/\/portalpopmais.com.br\/en\/wp-json\/wp\/v2\/categories?post=191819"},{"taxonomy":"post_tag","embeddable":true,"href":"https:\/\/portalpopmais.com.br\/en\/wp-json\/wp\/v2\/tags?post=191819"}],"curies":[{"name":"wp","href":"https:\/\/api.w.org\/{rel}","templated":true}]}}