{"id":191847,"date":"2023-09-20T09:17:01","date_gmt":"2023-09-20T12:17:01","guid":{"rendered":"https:\/\/portalpopmais.com.br\/?p=191847"},"modified":"2023-09-20T09:17:13","modified_gmt":"2023-09-20T12:17:13","slug":"yuri-e-nathalia-protagonizam-primeiro-beijo-de-a-fazenda-15-assista","status":"publish","type":"post","link":"https:\/\/portalpopmais.com.br\/en\/yuri-e-nathalia-protagonizam-primeiro-beijo-de-a-fazenda-15-assista\/","title":{"rendered":"Yuri e Nathalia protagonizam primeiro beijo de A Fazenda 15; assista"},"content":{"rendered":"<p>A nova temporada de &#8220;<a href=\"http:\/\/afazenda.r7.com\" target=\"_blank\" rel=\"noopener\">A Fazenda<\/a>&#8220;, reality show da <strong>Record TV<\/strong>, come\u00e7ou nesta ter\u00e7a-feira (19). E, em menos de 24 horas, j\u00e1 rolou o primeiro beijo na <strong><a href=\"http:\/\/portalpopmais.com.br\/en\/\">casa<\/a><\/strong>.<\/p>\n\n\n\n<p><strong>Leia mais:<br><a href=\"https:\/\/portalpopmais.com.br\/en\/treyce-compra-cobertura-na-praia-do-rio\/\" target=\"_blank\" rel=\"noreferrer noopener\">Treyce, do hit \u2018Lovezinho\u2019 compra cobertura na praia do Rio<\/a><br><a href=\"https:\/\/portalpopmais.com.br\/en\/video-vice-presidente-do-flamengo-e-acusado-de-morder-a-virilha-do-torcedor-em-briga\/\" target=\"_blank\" rel=\"noreferrer noopener\">V\u00eddeo: vice-presidente do Flamengo \u00e9 acusado de morder a virilha do torcedor em briga<\/a><\/strong><\/p>\n\n\n\n<p>Yuri Meirelles e Nathalia Valente estavam deitados debaixo do edredom, quando protagonizaram este momento. Uma parte do p\u00fablico j\u00e1 estava na torcida pela forma\u00e7\u00e3o deste casal, quando os participantes foram divulgados.<\/p>\n\n\n\n<p>Nas redes sociais, internautas repercutiram o beijo dos pe\u00f5es. \u201cS\u00e3o fofos, shippo\u201d, declarou uma. \u201cParecem combinar\u201d, disse outra.<\/p>\n\n\n\n<figure class=\"wp-block-embed is-type-rich is-provider-twitter wp-block-embed-twitter\"><div class=\"wp-block-embed__wrapper\">\nhttps:\/\/twitter.com\/centralreality\/status\/1704431015580598722\n<\/div><\/figure>","protected":false},"excerpt":{"rendered":"<p>A nova temporada de &#8220;A Fazenda&#8220;, reality show da Record TV, come\u00e7ou nesta ter\u00e7a-feira (19). E, em menos de 24 horas, j\u00e1 rolou o primeiro beijo na casa. Leia mais:Treyce, do hit \u2018Lovezinho\u2019 compra cobertura na praia do RioV\u00eddeo: vice-presidente do Flamengo \u00e9 acusado de morder a virilha do torcedor em briga Yuri Meirelles e [&hellip;]<\/p>\n","protected":false},"author":2,"featured_media":191852,"comment_status":"closed","ping_status":"open","sticky":false,"template":"","format":"standard","meta":{"footnotes":""},"categories":[8605],"tags":[14183],"class_list":["post-191847","post","type-post","status-publish","format-standard","has-post-thumbnail","hentry","category-realities","tag-a-fazenda-15"],"_links":{"self":[{"href":"https:\/\/portalpopmais.com.br\/en\/wp-json\/wp\/v2\/posts\/191847","targetHints":{"allow":["GET"]}}],"collection":[{"href":"https:\/\/portalpopmais.com.br\/en\/wp-json\/wp\/v2\/posts"}],"about":[{"href":"https:\/\/portalpopmais.com.br\/en\/wp-json\/wp\/v2\/types\/post"}],"author":[{"embeddable":true,"href":"https:\/\/portalpopmais.com.br\/en\/wp-json\/wp\/v2\/users\/2"}],"replies":[{"embeddable":true,"href":"https:\/\/portalpopmais.com.br\/en\/wp-json\/wp\/v2\/comments?post=191847"}],"version-history":[{"count":0,"href":"https:\/\/portalpopmais.com.br\/en\/wp-json\/wp\/v2\/posts\/191847\/revisions"}],"wp:featuredmedia":[{"embeddable":true,"href":"https:\/\/portalpopmais.com.br\/en\/wp-json\/wp\/v2\/media\/191852"}],"wp:attachment":[{"href":"https:\/\/portalpopmais.com.br\/en\/wp-json\/wp\/v2\/media?parent=191847"}],"wp:term":[{"taxonomy":"category","embeddable":true,"href":"https:\/\/portalpopmais.com.br\/en\/wp-json\/wp\/v2\/categories?post=191847"},{"taxonomy":"post_tag","embeddable":true,"href":"https:\/\/portalpopmais.com.br\/en\/wp-json\/wp\/v2\/tags?post=191847"}],"curies":[{"name":"wp","href":"https:\/\/api.w.org\/{rel}","templated":true}]}}