{"id":192333,"date":"2023-09-22T11:59:23","date_gmt":"2023-09-22T14:59:23","guid":{"rendered":"https:\/\/portalpopmais.com.br\/?p=192333"},"modified":"2023-09-22T13:36:44","modified_gmt":"2023-09-22T16:36:44","slug":"rafael-ilha-morte-gugu-liberato-nao-acidente","status":"publish","type":"post","link":"https:\/\/portalpopmais.com.br\/en\/rafael-ilha-morte-gugu-liberato-nao-acidente\/","title":{"rendered":"Rafael Ilha diz que morte de Gugu Liberato n\u00e3o foi acidente: \u2018Foi procurar algo\u2019"},"content":{"rendered":"\n<p class=\"wp-block-paragraph\"><strong><a href=\"http:\/\/Twitter.com\/popmaisfm\" target=\"_blank\" rel=\"noopener\">Rafael Ilha<\/a><\/strong> esteve no canal do YouTube, NaReal, do jornalista Bruno Di Simoni e disse que n\u00e3o acredita que a morte de <strong><a href=\"https:\/\/portalpopmais.com.br\/filho-de-gugu-liberato-pes-piada-na-web\/\" data-type=\"post\" data-id=\"186135\">Gugu Liberato<\/a><\/strong> n\u00e3o foi acidental. Ele caiu concertando o ar-condicionado da mans\u00e3o dos Estados Unidos  e afirmou que a verdade vai aparecer.<\/p>\n\n\n\n<p class=\"wp-block-paragraph\"><strong>Leia Mais: <br><a href=\"https:\/\/portalpopmais.com.br\/kayky-brito-ja-conversa-com-familiares\/\">Novo boletim medico de Kayky Brito diz que ele j\u00e1 conversa com familiares<\/a><br><a href=\"https:\/\/portalpopmais.com.br\/hebe-camargo-mansao-pela-metade-do-preco\/\">Fam\u00edlia de Hebe Camargo vende mans\u00e3o pela metade do pre\u00e7o<\/a><br><a href=\"https:\/\/portalpopmais.com.br\/walewska-se-jogou-do-17o-andar-do-predio\/\">Walewska se jogou do 17\u00ba andar do pr\u00e9dio&nbsp;em que estava<\/a><\/strong><\/p>\n\n\n\n<p class=\"wp-block-paragraph\">\u201cVontade de falar \u2018eu acho que aconteceu isso\u2019, mas a gente tem que ter muito cuidado com o que vai falar. Mas com certeza ele n\u00e3o tava consertando um ar-condicionado, n\u00e9? Ele n\u00e3o ia estar entrando no sistema de condicionamento de ar de uma mans\u00e3o pra consertar algo\u201d, come\u00e7ou Rafael.<\/p>\n\n\n\n<p class=\"wp-block-paragraph\">Rafael Ilha continuou: &nbsp;\u201cSe voc\u00ea chegar pra mim, que sou, entre aspas, dono de casa tamb\u00e9m junto com a Aline [esposa do cantor], [e falar] \u2018preciso trocar um interruptor, uma tomada, uma resist\u00eancia de chuveiro\u2019, eu troco de boa. Mas se voc\u00ea falar pra mim \u2018deu pau aqui no condicionamento de ar do quarto, voc\u00ea ver o que aconteceu?\u2019. Eu vou falar n\u00e3o, n\u00e3o tenho condi\u00e7\u00e3o nunca de fazer isso. Imagina o Gugu. Chegar pra ele e falar \u2018troca uma l\u00e2mpada\u2019, ele n\u00e3o sabe, muito menos mexer num sistema de condicionamento de ar\u201d.<\/p>\n\n\n\n<p class=\"wp-block-paragraph\">O amigo de Gugu Liberato ainda disse \u201cO que eu acho \u00e9 que ele foi l\u00e1 em cima procurar algo. \u00c9 muito triste, \u00e9 uma coisa que mexe muito comigo at\u00e9 hoje. \u00c9 uma coisa que me traz muita dor e raiva ao mesmo tempo. At\u00e9 na \u00e9poca eu fui o primeiro a falar \u2018eu n\u00e3o acredito que o Gugu morreu assim, assado. Que o fato que o levou \u00e0quele lugar foi esse&#8217;\u201d. <\/p>\n\n\n\n<p class=\"wp-block-paragraph\">Rafael Ilha que tudo isso est\u00e1 envolvendo dinheiro. \u201cTem muita grana envolvida. Logo que comecei a falar sobre isso, me chamaram de biscoiteiro, mas eu fui o primeiro a ter coragem de falar. A\u00ed, hoje, todo mundo fica com o toba na m\u00e3o de falar qualquer coisa, com medo de processo. Tem que saber falar. Voc\u00ea pode achar o que quiser, s\u00f3 n\u00e3o pode acusar. Achar \u00e9 um direito meu e posso achar o que eu quiser<\/p>\n\n\n\n<p class=\"wp-block-paragraph\">Rafael ainda enfatizou mais uma vez que Gugu Liberato no estava mexendo no ar. \u201cMas com certeza ele n\u00e3o foi consertar ar-condicionado. Ainda mais, numa mans\u00e3o voc\u00ea tem seguro do condom\u00ednio, assist\u00eancia t\u00e9cnica. \u00c9 s\u00f3 ligar pra portaria e pedir um eletricista. Se n\u00e3o tiver no condom\u00ednio, voc\u00ea pega o seu seguro residencial e liga, que l\u00e1 nos EUA funciona rapidamente\u201d. <\/p>\n\n\n\n<p class=\"wp-block-paragraph\">O cantor ainda relembrou sobre a primeira vers\u00e3o de que Gugu Liberato havia subido para pegar coisas de natal. \u201ceu tenho certeza que a verdade vai chegar com mais detalhes do que eu acho que sei\u201d.<\/p>\n","protected":false},"excerpt":{"rendered":"<p>Rafael Ilha esteve no canal do YouTube, NaReal, do jornalista Bruno Di Simoni e disse que n\u00e3o acredita que a morte de Gugu Liberato n\u00e3o foi acidental. Ele caiu concertando o ar-condicionado da mans\u00e3o dos Estados Unidos e afirmou que a verdade vai aparecer. Leia Mais: Novo boletim medico de Kayky Brito diz que ele [&hellip;]<\/p>\n","protected":false},"author":2,"featured_media":132481,"comment_status":"closed","ping_status":"open","sticky":false,"template":"","format":"standard","meta":{"footnotes":""},"categories":[173],"tags":[2264],"class_list":["post-192333","post","type-post","status-publish","format-standard","has-post-thumbnail","hentry","category-celebridades","tag-gugu-liberato"],"_links":{"self":[{"href":"https:\/\/portalpopmais.com.br\/en\/wp-json\/wp\/v2\/posts\/192333","targetHints":{"allow":["GET"]}}],"collection":[{"href":"https:\/\/portalpopmais.com.br\/en\/wp-json\/wp\/v2\/posts"}],"about":[{"href":"https:\/\/portalpopmais.com.br\/en\/wp-json\/wp\/v2\/types\/post"}],"author":[{"embeddable":true,"href":"https:\/\/portalpopmais.com.br\/en\/wp-json\/wp\/v2\/users\/2"}],"replies":[{"embeddable":true,"href":"https:\/\/portalpopmais.com.br\/en\/wp-json\/wp\/v2\/comments?post=192333"}],"version-history":[{"count":0,"href":"https:\/\/portalpopmais.com.br\/en\/wp-json\/wp\/v2\/posts\/192333\/revisions"}],"wp:featuredmedia":[{"embeddable":true,"href":"https:\/\/portalpopmais.com.br\/en\/wp-json\/wp\/v2\/media\/132481"}],"wp:attachment":[{"href":"https:\/\/portalpopmais.com.br\/en\/wp-json\/wp\/v2\/media?parent=192333"}],"wp:term":[{"taxonomy":"category","embeddable":true,"href":"https:\/\/portalpopmais.com.br\/en\/wp-json\/wp\/v2\/categories?post=192333"},{"taxonomy":"post_tag","embeddable":true,"href":"https:\/\/portalpopmais.com.br\/en\/wp-json\/wp\/v2\/tags?post=192333"}],"curies":[{"name":"wp","href":"https:\/\/api.w.org\/{rel}","templated":true}]}}