{"id":192469,"date":"2023-09-24T08:40:52","date_gmt":"2023-09-24T11:40:52","guid":{"rendered":"https:\/\/portalpopmais.com.br\/?p=192469"},"modified":"2023-09-24T08:41:05","modified_gmt":"2023-09-24T11:41:05","slug":"henrique-de-a-fazenda-15-e-flagrado-excitado-e-video-viraliza-veja","status":"publish","type":"post","link":"https:\/\/portalpopmais.com.br\/en\/henrique-de-a-fazenda-15-e-flagrado-excitado-e-video-viraliza-veja\/","title":{"rendered":"Henrique, de A Fazenda 15, \u00e9 flagrado excitado e v\u00eddeo viraliza; veja"},"content":{"rendered":"<p>O pe\u00e3o <strong>Henrique<\/strong>, presente no elenco de <strong><a href=\"https:\/\/portalpopmais.com.br\/en\/a-fazenda-15-yuri-meirelles-e-nathalia-valente-movimentam-edredom-e-agitam-a-web-veja-video\/\" data-type=\"post\" data-id=\"192031\">A Fazenda 15<\/a><\/strong>, anda fazendo a alegria dos internautas. Se tornou comum flagrar o rapaz de &#8220;barraca armada&#8221; e tudo marcando pelos corredores da sede do reality.<\/p>\n\n\n\n<p>Na manh\u00e3 deste domingo (24), ele acordou pra l\u00e1 de animado, se \u00e9 que me entende, e n\u00e3o se mostrou envergonhado de mostrar tudo enquanto trocava de roupa.<\/p>\n\n\n\n<p>O v\u00eddeo viralizou na X\/Twitter, rendendo v\u00e1rios coment\u00e1rios. &#8220;O tes\u00e3o sem fim toda manh\u00e3 hahaha&#8221;, disparou um usu\u00e1rio. &#8220;Que del\u00edcia! Parece que ele vive \u2026 duro&#8221;, disse mais um. O v\u00eddeo est\u00e1 dispon\u00edvel neste <a href=\"https:\/\/twitter.com\/FlagrasReality2\/status\/1705904052981076261\" target=\"_blank\" rel=\"noreferrer noopener\">link<\/a>.<\/p>\n\n\n\n<figure class=\"wp-block-embed is-type-rich is-provider-twitter wp-block-embed-twitter\"><div class=\"wp-block-embed__wrapper\">\n<blockquote class=\"twitter-tweet\" data-width=\"550\" data-dnt=\"true\"><p lang=\"pt\" dir=\"ltr\">O Henrique Martins armado no quarto de <a href=\"https:\/\/twitter.com\/hashtag\/AFazenda15?src=hash&amp;ref_src=twsrc%5Etfw\" target=\"_blank\" rel=\"noopener\">#AFazenda15<\/a> \ud83d\udc40\ud83d\udd25 <a href=\"https:\/\/t.co\/bTtoynjoov\">pic.twitter.com\/bTtoynjoov<\/a><\/p>&mdash; POPTime (@siteptbr) <a href=\"https:\/\/twitter.com\/siteptbr\/status\/1704621025059557635?ref_src=twsrc%5Etfw\" target=\"_blank\" rel=\"noopener\">September 20, 2023<\/a><\/blockquote><script async src=\"https:\/\/platform.twitter.com\/widgets.js\" charset=\"utf-8\"><\/script>\n<\/div><\/figure>","protected":false},"excerpt":{"rendered":"<p>O pe\u00e3o Henrique, presente no elenco de A Fazenda 15, anda fazendo a alegria dos internautas. Se tornou comum flagrar o rapaz de &#8220;barraca armada&#8221; e tudo marcando pelos corredores da sede do reality. Na manh\u00e3 deste domingo (24), ele acordou pra l\u00e1 de animado, se \u00e9 que me entende, e n\u00e3o se mostrou envergonhado [&hellip;]<\/p>\n","protected":false},"author":2,"featured_media":192473,"comment_status":"closed","ping_status":"open","sticky":false,"template":"","format":"standard","meta":{"footnotes":""},"categories":[8605],"tags":[14183,11224],"class_list":["post-192469","post","type-post","status-publish","format-standard","has-post-thumbnail","hentry","category-realities","tag-a-fazenda-15","tag-henrique"],"_links":{"self":[{"href":"https:\/\/portalpopmais.com.br\/en\/wp-json\/wp\/v2\/posts\/192469","targetHints":{"allow":["GET"]}}],"collection":[{"href":"https:\/\/portalpopmais.com.br\/en\/wp-json\/wp\/v2\/posts"}],"about":[{"href":"https:\/\/portalpopmais.com.br\/en\/wp-json\/wp\/v2\/types\/post"}],"author":[{"embeddable":true,"href":"https:\/\/portalpopmais.com.br\/en\/wp-json\/wp\/v2\/users\/2"}],"replies":[{"embeddable":true,"href":"https:\/\/portalpopmais.com.br\/en\/wp-json\/wp\/v2\/comments?post=192469"}],"version-history":[{"count":0,"href":"https:\/\/portalpopmais.com.br\/en\/wp-json\/wp\/v2\/posts\/192469\/revisions"}],"wp:featuredmedia":[{"embeddable":true,"href":"https:\/\/portalpopmais.com.br\/en\/wp-json\/wp\/v2\/media\/192473"}],"wp:attachment":[{"href":"https:\/\/portalpopmais.com.br\/en\/wp-json\/wp\/v2\/media?parent=192469"}],"wp:term":[{"taxonomy":"category","embeddable":true,"href":"https:\/\/portalpopmais.com.br\/en\/wp-json\/wp\/v2\/categories?post=192469"},{"taxonomy":"post_tag","embeddable":true,"href":"https:\/\/portalpopmais.com.br\/en\/wp-json\/wp\/v2\/tags?post=192469"}],"curies":[{"name":"wp","href":"https:\/\/api.w.org\/{rel}","templated":true}]}}