{"id":192470,"date":"2023-09-24T08:48:11","date_gmt":"2023-09-24T11:48:11","guid":{"rendered":"https:\/\/portalpopmais.com.br\/?p=192470"},"modified":"2023-09-24T08:48:23","modified_gmt":"2023-09-24T11:48:23","slug":"leci-brandao-internada-rj","status":"publish","type":"post","link":"https:\/\/portalpopmais.com.br\/en\/leci-brandao-internada-rj\/","title":{"rendered":"Leci Brand\u00e3o \u00e9 internada \u00e0s pressas no Rio de Janeiro"},"content":{"rendered":"<p>A cantora <strong><a href=\"https:\/\/portalpopmais.com.br\/en\/renato-da-rocinha-grava-dvd-de-15-anos-de-carreira-com-convidados-especiais\/\" data-type=\"post\" data-id=\"186244\">Leci Brand\u00e3o<\/a><\/strong> precisou ser levada \u00e0s pressas para o hospital, na tarde deste s\u00e1bado (23), ap\u00f3s passar mal.As informa\u00e7\u00f5es s\u00e3o do Leo Dias.<\/p>\n\n\n\n<p>De acordo com o jornalista, a artista sentiu fortes dores em um dos bra\u00e7os e no pulso durante um voo da ponte a\u00e9rea entre S\u00e3o Paulo e Rio de Janeiro.  A cantora est\u00e1 internada no Hospital Copa D\u2019Or, em Copacabana, zona sul da capital <a href=\"http:\/\/twitter.com\/popmaisfm\" target=\"_blank\" rel=\"noopener\">fluminense<\/a>. <\/p>\n\n\n\n<p>A cantora teria perdido o movimento do pulso. Ela segue sob cuidados m\u00e9dicos e em observa\u00e7\u00e3o no hospital.<\/p>\n\n\n\n<figure class=\"wp-block-embed is-type-rich is-provider-instagram wp-block-embed-instagram\"><div class=\"wp-block-embed__wrapper\">\nhttps:\/\/www.instagram.com\/p\/Ce40bqTsUGy\/?utm_source=ig_embed&#038;ig_rid=7f1a9079-5421-4ca7-8769-d2fd4736e1ae\n<\/div><\/figure>","protected":false},"excerpt":{"rendered":"<p>A cantora Leci Brand\u00e3o precisou ser levada \u00e0s pressas para o hospital, na tarde deste s\u00e1bado (23), ap\u00f3s passar mal.As informa\u00e7\u00f5es s\u00e3o do Leo Dias. De acordo com o jornalista, a artista sentiu fortes dores em um dos bra\u00e7os e no pulso durante um voo da ponte a\u00e9rea entre S\u00e3o Paulo e Rio de Janeiro. [&hellip;]<\/p>\n","protected":false},"author":2,"featured_media":192477,"comment_status":"closed","ping_status":"open","sticky":false,"template":"","format":"standard","meta":{"footnotes":""},"categories":[173],"tags":[15708],"class_list":["post-192470","post","type-post","status-publish","format-standard","has-post-thumbnail","hentry","category-celebridades","tag-leci-brandao"],"_links":{"self":[{"href":"https:\/\/portalpopmais.com.br\/en\/wp-json\/wp\/v2\/posts\/192470","targetHints":{"allow":["GET"]}}],"collection":[{"href":"https:\/\/portalpopmais.com.br\/en\/wp-json\/wp\/v2\/posts"}],"about":[{"href":"https:\/\/portalpopmais.com.br\/en\/wp-json\/wp\/v2\/types\/post"}],"author":[{"embeddable":true,"href":"https:\/\/portalpopmais.com.br\/en\/wp-json\/wp\/v2\/users\/2"}],"replies":[{"embeddable":true,"href":"https:\/\/portalpopmais.com.br\/en\/wp-json\/wp\/v2\/comments?post=192470"}],"version-history":[{"count":0,"href":"https:\/\/portalpopmais.com.br\/en\/wp-json\/wp\/v2\/posts\/192470\/revisions"}],"wp:featuredmedia":[{"embeddable":true,"href":"https:\/\/portalpopmais.com.br\/en\/wp-json\/wp\/v2\/media\/192477"}],"wp:attachment":[{"href":"https:\/\/portalpopmais.com.br\/en\/wp-json\/wp\/v2\/media?parent=192470"}],"wp:term":[{"taxonomy":"category","embeddable":true,"href":"https:\/\/portalpopmais.com.br\/en\/wp-json\/wp\/v2\/categories?post=192470"},{"taxonomy":"post_tag","embeddable":true,"href":"https:\/\/portalpopmais.com.br\/en\/wp-json\/wp\/v2\/tags?post=192470"}],"curies":[{"name":"wp","href":"https:\/\/api.w.org\/{rel}","templated":true}]}}