{"id":193024,"date":"2023-10-02T11:00:00","date_gmt":"2023-10-02T14:00:00","guid":{"rendered":"https:\/\/portalpopmais.com.br\/?p=193024"},"modified":"2023-10-02T10:11:24","modified_gmt":"2023-10-02T13:11:24","slug":"datena-se-afastara-da-televisao","status":"publish","type":"post","link":"https:\/\/portalpopmais.com.br\/en\/datena-se-afastara-da-televisao\/","title":{"rendered":"Datena se afastar\u00e1 da televis\u00e3o e faz pedido sincero aos f\u00e3s: &#8220;Orem por mim&#8221;"},"content":{"rendered":"<p><strong><a href=\"https:\/\/portalpopmais.com.br\/en\/datena-banho-chuva-ao-vivo-band\/\" data-type=\"post\" data-id=\"170625\">Datena<\/a><\/strong> pediu demiss\u00e3o de seu cargo na <a href=\"http:\/\/twitter.com\/popmaisfm\" target=\"_blank\" rel=\"noopener\">R\u00e1dio Bandeirantes <\/a>e vai se afastar do comando do programa di\u00e1rio do <strong><a href=\"https:\/\/portalpopmais.com.br\/en\/\">Brasil Urgente<\/a><\/strong>. Ap\u00f3s fazer o an\u00fancio no \u00faltimo s\u00e1bado (30), o jornalista aproveitou para fazer um pedido sincero aos f\u00e3s. <\/p>\n\n\n\n<p><strong>Leia Mais:<\/strong><br><strong><a href=\"https:\/\/portalpopmais.com.br\/en\/nathalia-valente-confessa-vai-esperar-yuri\/\">Mel \u00e9 bom? Nathalia Valente confessa que vai esperar Yuri: \u201cEu quero\u201d<\/a><br><a href=\"https:\/\/portalpopmais.com.br\/en\/chico-moedas-quer-processar-luisa-sonza\/\">Chico Moedas quer processar Lu\u00edsa Sonza por danos a sua imagem<\/a><br><a href=\"https:\/\/portalpopmais.com.br\/en\/fas-de-luisa-sonza-recado-para-chico\/\">F\u00e3s de Lu\u00edsa Sonza mandam recado para Chico durante show<\/a><\/strong><\/p>\n\n\n\n<p>O comunicador ir\u00e1 se afastar da televis\u00e3o por motivos de sa\u00fade, tendo que realizar cirurgias previstas para acontecer nesta quinta-feira (5), no Hospital S\u00edrio Liban\u00eas. Ele confessou que acredita nos m\u00e9dicos, mas acredita ainda mais na for\u00e7a das ora\u00e7\u00f5es. <\/p>\n\n\n\n<p>\u201cEu tenho impress\u00e3o que Deus vai me ajudar muito. Mas mesmo com bons m\u00e9dicos, mesmo com um excelente hospital, eu gostaria que voc\u00eas orassem por mim e rezassem por mim, porque eu confio muito nos m\u00e9dicos, mas eu confio que Deus ilumina os m\u00e9dicos, entendeu? Ent\u00e3o, s\u00e3o duas cirurgias meio que complexas, porque eu j\u00e1 tenho seis stents no cora\u00e7\u00e3o\u201d, disse Datena. <\/p>\n\n\n\n<p><\/p>","protected":false},"excerpt":{"rendered":"<p>Datena pediu demiss\u00e3o de seu cargo na R\u00e1dio Bandeirantes e vai se afastar do comando do programa di\u00e1rio do Brasil Urgente. Ap\u00f3s fazer o an\u00fancio no \u00faltimo s\u00e1bado (30), o jornalista aproveitou para fazer um pedido sincero aos f\u00e3s. Leia Mais:Mel \u00e9 bom? Nathalia Valente confessa que vai esperar Yuri: \u201cEu quero\u201dChico Moedas quer processar [&hellip;]<\/p>\n","protected":false},"author":2,"featured_media":124013,"comment_status":"closed","ping_status":"open","sticky":false,"template":"","format":"standard","meta":{"footnotes":""},"categories":[173],"tags":[1155],"class_list":["post-193024","post","type-post","status-publish","format-standard","has-post-thumbnail","hentry","category-celebridades","tag-datena"],"_links":{"self":[{"href":"https:\/\/portalpopmais.com.br\/en\/wp-json\/wp\/v2\/posts\/193024","targetHints":{"allow":["GET"]}}],"collection":[{"href":"https:\/\/portalpopmais.com.br\/en\/wp-json\/wp\/v2\/posts"}],"about":[{"href":"https:\/\/portalpopmais.com.br\/en\/wp-json\/wp\/v2\/types\/post"}],"author":[{"embeddable":true,"href":"https:\/\/portalpopmais.com.br\/en\/wp-json\/wp\/v2\/users\/2"}],"replies":[{"embeddable":true,"href":"https:\/\/portalpopmais.com.br\/en\/wp-json\/wp\/v2\/comments?post=193024"}],"version-history":[{"count":0,"href":"https:\/\/portalpopmais.com.br\/en\/wp-json\/wp\/v2\/posts\/193024\/revisions"}],"wp:featuredmedia":[{"embeddable":true,"href":"https:\/\/portalpopmais.com.br\/en\/wp-json\/wp\/v2\/media\/124013"}],"wp:attachment":[{"href":"https:\/\/portalpopmais.com.br\/en\/wp-json\/wp\/v2\/media?parent=193024"}],"wp:term":[{"taxonomy":"category","embeddable":true,"href":"https:\/\/portalpopmais.com.br\/en\/wp-json\/wp\/v2\/categories?post=193024"},{"taxonomy":"post_tag","embeddable":true,"href":"https:\/\/portalpopmais.com.br\/en\/wp-json\/wp\/v2\/tags?post=193024"}],"curies":[{"name":"wp","href":"https:\/\/api.w.org\/{rel}","templated":true}]}}