{"id":193244,"date":"2023-10-05T09:36:01","date_gmt":"2023-10-05T12:36:01","guid":{"rendered":"https:\/\/portalpopmais.com.br\/?p=193244"},"modified":"2023-10-05T09:36:12","modified_gmt":"2023-10-05T12:36:12","slug":"preta-gil-passara-por-nova-cirurgia","status":"publish","type":"post","link":"https:\/\/portalpopmais.com.br\/en\/preta-gil-passara-por-nova-cirurgia\/","title":{"rendered":"Preta Gil passar\u00e1 por nova cirurgia: &#8220;Delicada e muita dedica\u00e7\u00e3o&#8221;"},"content":{"rendered":"<p>Ap\u00f3s passar uma cirurgia de extra\u00e7\u00e3o do tumor no reto, <strong><a href=\"https:\/\/portalpopmais.com.br\/en\/preta-gil-detona-ex-marido-e-amante\/\" data-type=\"post\" data-id=\"190278\">Preta Gil<\/a><\/strong> passar\u00e1 por mais uma cirurgia. Utilizando uma bolsa ileostomia, que \u00e9 necess\u00e1ria para que as fezes n\u00e3o passem no intestino durante um tempo, a cantora nesta quarta-feira (4), respondeu algumas <a href=\"http:\/\/twitter.com\/popmaisfm\" target=\"_blank\" rel=\"noopener\">perguntas dos seguidores<\/a>. <\/p>\n\n\n\n<p><strong>Leia Mais:<\/strong><br><strong><a href=\"https:\/\/portalpopmais.com.br\/en\/saulo-poncio-e-internado-as-pressas-em-uti-apos-fortes-dores-no-torax\/\">Saulo Poncio \u00e9 internado \u00e0s pressas em UTI ap\u00f3s fortes dores no t\u00f3rax<\/a><br><a href=\"https:\/\/portalpopmais.com.br\/en\/yuri-meirelles-garoto-de-programa\/\">Influencer faz exposed de Yuri Meirelles e diz que ele \u00e9 garoto<\/a><br><a href=\"https:\/\/portalpopmais.com.br\/en\/yuri-meirelles-garoto-de-programa\/\"> de programa: \u201cQuem come gay tamb\u00e9m \u00e9 gay\u201d<\/a><br><a href=\"https:\/\/portalpopmais.com.br\/en\/gala-do-facebook-e-preso-apos-aplicar-golpes-de-r-200-mil-a-mulheres-carentes-em-manaus\/\">\u2018Gal\u00e3 do facebook\u2019 \u00e9 preso ap\u00f3s aplicar golpes de R$ 200 mil a mulheres <\/a><br><a href=\"https:\/\/portalpopmais.com.br\/en\/gala-do-facebook-e-preso-apos-aplicar-golpes-de-r-200-mil-a-mulheres-carentes-em-manaus\/\">carentes, em Manaus<\/a><\/strong><\/p>\n\n\n\n<p>A minha segunda cirurgia \u00e9 para retirar a bolsa e reconstruir meu<a href=\"https:\/\/portalpopmais.com.br\/en\/\"> trato intestinal.<\/a> Essa cirurgia \u00e9 mais simples, mas minha recupera\u00e7\u00e3o no p\u00f3s tamb\u00e9m \u00e9 delicada e requer muita dedica\u00e7\u00e3o. Na minha primeira cirurgia foi retirado meu reto, meu tumor era no reto&#8221;, disse. <\/p>\n\n\n\n<p>&#8220;N\u00e3o tenho mais o reto, ent\u00e3o as fezes saem do intestino direto pro esf\u00edncter. Isso requer fisioterapia, uma dedica\u00e7\u00e3o minha, dos m\u00e9dicos, enfermeiros, t\u00e9cnicos, para que eu possa ter esse controle o mais r\u00e1pido poss\u00edvel. Tanto de expulsar quanto de segurar as fezes&#8221;, continuou Preta Gil. <\/p>\n\n\n\n<p>A artista foi indagada sobre a bolsa e disse que ela n\u00e3o a incomodada. &#8220;No come\u00e7o, quando falaram que eu ia usar a bolsa, eu fiz um drama. Quando eu sa\u00ed da cirurgia, eu fiquei estranhando. E de repente eu comecei a entender, ver e ouvir historias, de como a bolsa salvou vidas&#8221;. <\/p>\n\n\n\n<p>Preta Gil finalizou:  &#8220;Pessoas que poderiam morrer de c\u00e2ncer ou usar a bolsa. A bolsa \u00e9 uma salva\u00e7\u00e3o. No meu caso \u00e9 tempor\u00e1ria, mas muitas pessoas usam definitivamente e t\u00eam uma vida normal. Eu hoje tenho uma vida muito perto da normalidade. Ainda estou me acostumando e vou testando algumas coisas, mas eu praticamente j\u00e1 me acostumei com ela. Vou usando roupas que eu consigo me sentir melhor, entendendo como \u00e9 isso. Quest\u00e3o de costume, viv\u00eancia, e voc\u00ea vai aprendendo a lidar&#8221;.<\/p>\n\n\n\n<figure class=\"wp-block-embed is-type-rich is-provider-instagram wp-block-embed-instagram\"><div class=\"wp-block-embed__wrapper\">\nhttps:\/\/www.instagram.com\/p\/Cx_difdOey-\/\n<\/div><\/figure>","protected":false},"excerpt":{"rendered":"<p>Ap\u00f3s passar uma cirurgia de extra\u00e7\u00e3o do tumor no reto, Preta Gil passar\u00e1 por mais uma cirurgia. Utilizando uma bolsa ileostomia, que \u00e9 necess\u00e1ria para que as fezes n\u00e3o passem no intestino durante um tempo, a cantora nesta quarta-feira (4), respondeu algumas perguntas dos seguidores. Leia Mais:Saulo Poncio \u00e9 internado \u00e0s pressas em UTI ap\u00f3s [&hellip;]<\/p>\n","protected":false},"author":2,"featured_media":158446,"comment_status":"closed","ping_status":"open","sticky":false,"template":"","format":"standard","meta":{"footnotes":""},"categories":[173],"tags":[567],"class_list":["post-193244","post","type-post","status-publish","format-standard","has-post-thumbnail","hentry","category-celebridades","tag-preta-gil"],"_links":{"self":[{"href":"https:\/\/portalpopmais.com.br\/en\/wp-json\/wp\/v2\/posts\/193244","targetHints":{"allow":["GET"]}}],"collection":[{"href":"https:\/\/portalpopmais.com.br\/en\/wp-json\/wp\/v2\/posts"}],"about":[{"href":"https:\/\/portalpopmais.com.br\/en\/wp-json\/wp\/v2\/types\/post"}],"author":[{"embeddable":true,"href":"https:\/\/portalpopmais.com.br\/en\/wp-json\/wp\/v2\/users\/2"}],"replies":[{"embeddable":true,"href":"https:\/\/portalpopmais.com.br\/en\/wp-json\/wp\/v2\/comments?post=193244"}],"version-history":[{"count":0,"href":"https:\/\/portalpopmais.com.br\/en\/wp-json\/wp\/v2\/posts\/193244\/revisions"}],"wp:featuredmedia":[{"embeddable":true,"href":"https:\/\/portalpopmais.com.br\/en\/wp-json\/wp\/v2\/media\/158446"}],"wp:attachment":[{"href":"https:\/\/portalpopmais.com.br\/en\/wp-json\/wp\/v2\/media?parent=193244"}],"wp:term":[{"taxonomy":"category","embeddable":true,"href":"https:\/\/portalpopmais.com.br\/en\/wp-json\/wp\/v2\/categories?post=193244"},{"taxonomy":"post_tag","embeddable":true,"href":"https:\/\/portalpopmais.com.br\/en\/wp-json\/wp\/v2\/tags?post=193244"}],"curies":[{"name":"wp","href":"https:\/\/api.w.org\/{rel}","templated":true}]}}