{"id":194243,"date":"2023-10-15T08:24:13","date_gmt":"2023-10-15T11:24:13","guid":{"rendered":"https:\/\/portalpopmais.com.br\/?p=194243"},"modified":"2023-10-15T08:24:13","modified_gmt":"2023-10-15T11:24:13","slug":"esquentou-jaquelline-e-lucas-souza-agitam-edredom-em-a-fazenda-15-veja-video","status":"publish","type":"post","link":"https:\/\/portalpopmais.com.br\/en\/esquentou-jaquelline-e-lucas-souza-agitam-edredom-em-a-fazenda-15-veja-video\/","title":{"rendered":"Esquentou! Jaquelline e Lucas Souza agitam edredom em A Fazenda 15; veja v\u00eddeo"},"content":{"rendered":"<p><strong>Jaquelline<\/strong> e <strong><a href=\"https:\/\/portalpopmais.com.br\/en\/mp-indiciar-bruno-de-luca-kayky-brito\/\" data-type=\"post\" data-id=\"194215\">Lucas Souza<\/a><\/strong> est\u00e3o em alta na web ap\u00f3s agitarem o edredom na noite deste s\u00e1bado (15). O momento rolou ap\u00f3s o ex-militar se despedir dos colegas e ir dormir.<\/p>\n\n\n\n<p>Jaque foi logo atr\u00e1s, mas prometeu a Rachel que ia s\u00f3 d\u00e1 uma olhadinha no quarto. Juntinhos numa cama de solteiros, eles se deitaram para dormir. Debaixo do edredom, Jaque e Lucas trocam beijos, e o clima esquentou.<\/p>\n\n\n\n<p>Vale lembrar que na noite anterior os amigos se beijaram pela primeira vez, na quarta festa de A Fazenda.<\/p>\n\n\n\n<figure class=\"wp-block-embed is-type-rich is-provider-twitter wp-block-embed-twitter\"><div class=\"wp-block-embed__wrapper\">\n<blockquote class=\"twitter-tweet\" data-width=\"550\" data-dnt=\"true\"><p lang=\"pt\" dir=\"ltr\">Lucas e Jaque foram para o edredom <a href=\"https:\/\/twitter.com\/hashtag\/AFazenda?src=hash&amp;ref_src=twsrc%5Etfw\" target=\"_blank\" rel=\"noopener\">#AFazenda<\/a>  <a href=\"https:\/\/t.co\/PmcrgLAoFb\">pic.twitter.com\/PmcrgLAoFb<\/a><\/p>&mdash; Realitys Vip (@RealitysVip) <a href=\"https:\/\/twitter.com\/RealitysVip\/status\/1713400527990522174?ref_src=twsrc%5Etfw\" target=\"_blank\" rel=\"noopener\">October 15, 2023<\/a><\/blockquote><script async src=\"https:\/\/platform.twitter.com\/widgets.js\" charset=\"utf-8\"><\/script>\n<\/div><\/figure>","protected":false},"excerpt":{"rendered":"<p>Jaquelline e Lucas Souza est\u00e3o em alta na web ap\u00f3s agitarem o edredom na noite deste s\u00e1bado (15). O momento rolou ap\u00f3s o ex-militar se despedir dos colegas e ir dormir. Jaque foi logo atr\u00e1s, mas prometeu a Rachel que ia s\u00f3 d\u00e1 uma olhadinha no quarto. Juntinhos numa cama de solteiros, eles se deitaram [&hellip;]<\/p>\n","protected":false},"author":2,"featured_media":194246,"comment_status":"closed","ping_status":"open","sticky":false,"template":"","format":"standard","meta":{"footnotes":""},"categories":[8605],"tags":[14183],"class_list":["post-194243","post","type-post","status-publish","format-standard","has-post-thumbnail","hentry","category-realities","tag-a-fazenda-15"],"_links":{"self":[{"href":"https:\/\/portalpopmais.com.br\/en\/wp-json\/wp\/v2\/posts\/194243","targetHints":{"allow":["GET"]}}],"collection":[{"href":"https:\/\/portalpopmais.com.br\/en\/wp-json\/wp\/v2\/posts"}],"about":[{"href":"https:\/\/portalpopmais.com.br\/en\/wp-json\/wp\/v2\/types\/post"}],"author":[{"embeddable":true,"href":"https:\/\/portalpopmais.com.br\/en\/wp-json\/wp\/v2\/users\/2"}],"replies":[{"embeddable":true,"href":"https:\/\/portalpopmais.com.br\/en\/wp-json\/wp\/v2\/comments?post=194243"}],"version-history":[{"count":0,"href":"https:\/\/portalpopmais.com.br\/en\/wp-json\/wp\/v2\/posts\/194243\/revisions"}],"wp:featuredmedia":[{"embeddable":true,"href":"https:\/\/portalpopmais.com.br\/en\/wp-json\/wp\/v2\/media\/194246"}],"wp:attachment":[{"href":"https:\/\/portalpopmais.com.br\/en\/wp-json\/wp\/v2\/media?parent=194243"}],"wp:term":[{"taxonomy":"category","embeddable":true,"href":"https:\/\/portalpopmais.com.br\/en\/wp-json\/wp\/v2\/categories?post=194243"},{"taxonomy":"post_tag","embeddable":true,"href":"https:\/\/portalpopmais.com.br\/en\/wp-json\/wp\/v2\/tags?post=194243"}],"curies":[{"name":"wp","href":"https:\/\/api.w.org\/{rel}","templated":true}]}}