{"id":194457,"date":"2023-10-18T10:34:58","date_gmt":"2023-10-18T13:34:58","guid":{"rendered":"https:\/\/portalpopmais.com.br\/?p=194457"},"modified":"2023-10-18T10:35:11","modified_gmt":"2023-10-18T13:35:11","slug":"justin-timberlake-pede-para-que-britney-spears-pare-de-lembrar-do-passado-e-amadureca","status":"publish","type":"post","link":"https:\/\/portalpopmais.com.br\/en\/justin-timberlake-pede-para-que-britney-spears-pare-de-lembrar-do-passado-e-amadureca\/","title":{"rendered":"Justin Timberlake pede para que Britney Spears &#8220;pare de lembrar do passado e amadure\u00e7a&#8221;"},"content":{"rendered":"<p>Ap\u00f3s ter sido apontado como o culpado pelo suposto aborto de <strong><a href=\"https:\/\/portalpopmais.com.br\/en\/everytime-de-britney-spears-aborda-filho-da-cantora-com-justin-timberlake-diz-rumor\/\" data-type=\"post\" data-id=\"194413\">Britney Spears<\/a><\/strong>, Justin Timberlake, em uma nota divulgada pela ET, se pronunciou sobre o <a href=\"http:\/\/twitter.com\/popmaisfm\" target=\"_blank\" rel=\"noopener\">assunto<\/a>. <\/p>\n\n\n\n<p>Segundo a publica\u00e7\u00e3o, o cantor pediu para que ela &#8220;pare de relembrar coisas do passado e amadure\u00e7a&#8221;.<\/p>\n\n\n\n<div class=\"wp-block-group\"><div class=\"wp-block-group__inner-container is-layout-constrained wp-block-group-is-layout-constrained\">\n<h2 class=\"wp-block-heading\">Leia mais<\/h2>\n\n\n<ul class=\"wp-block-latest-posts__list is-grid columns-3 aligncenter wp-block-latest-posts\"><li><div class=\"wp-block-latest-posts__featured-image aligncenter\"><a href=\"https:\/\/portalpopmais.com.br\/en\/entenda-o-motivo-do-atraso-do-show-de-shakira-em-copacabana\/\" aria-label=\"Entenda o motivo do atraso do show de Shakira em Copacabana\"><img loading=\"lazy\" decoding=\"async\" width=\"768\" height=\"456\" src=\"https:\/\/portalpopmais.com.br\/wp-content\/uploads\/2026\/02\/Shakira-POP-Mais-768x456.webp\" class=\"attachment-medium size-medium wp-post-image\" alt=\"Shakira far\u00e1 show gratuito em Copacabana - Foto: Reprodu\u00e7\u00e3o\/ TV Globo\" style=\"\" srcset=\"https:\/\/portalpopmais.com.br\/wp-content\/uploads\/2026\/02\/Shakira-POP-Mais-768x456.webp 768w, https:\/\/portalpopmais.com.br\/wp-content\/uploads\/2026\/02\/Shakira-POP-Mais-1170x694.webp 1170w, https:\/\/portalpopmais.com.br\/wp-content\/uploads\/2026\/02\/Shakira-POP-Mais-18x10.webp 18w\" sizes=\"auto, (max-width: 768px) 100vw, 768px\" title=\"\"><\/a><\/div><a class=\"wp-block-latest-posts__post-title\" href=\"https:\/\/portalpopmais.com.br\/en\/entenda-o-motivo-do-atraso-do-show-de-shakira-em-copacabana\/\">Entenda o motivo do atraso do show de Shakira em Copacabana<\/a><\/li>\n<li><div class=\"wp-block-latest-posts__featured-image aligncenter\"><a href=\"https:\/\/portalpopmais.com.br\/en\/matheus-dupla-com-kauan-anuncia-fim-do-casamento\/\" aria-label=\"Matheus, dupla com Kauan, anuncia fim do casamento\"><img loading=\"lazy\" decoding=\"async\" width=\"768\" height=\"456\" src=\"https:\/\/portalpopmais.com.br\/wp-content\/uploads\/2026\/05\/fim-casamento-768x456.png\" class=\"attachment-medium size-medium wp-post-image\" alt=\"fim casamento\" style=\"\" srcset=\"https:\/\/portalpopmais.com.br\/wp-content\/uploads\/2026\/05\/fim-casamento-768x456.png 768w, https:\/\/portalpopmais.com.br\/wp-content\/uploads\/2026\/05\/fim-casamento-18x12.png 18w\" sizes=\"auto, (max-width: 768px) 100vw, 768px\" title=\"\"><\/a><\/div><a class=\"wp-block-latest-posts__post-title\" href=\"https:\/\/portalpopmais.com.br\/en\/matheus-dupla-com-kauan-anuncia-fim-do-casamento\/\">Matheus, dupla com Kauan, anuncia fim do casamento<\/a><\/li>\n<li><div class=\"wp-block-latest-posts__featured-image aligncenter\"><a href=\"https:\/\/portalpopmais.com.br\/en\/esposa-de-faustao-emociona-ao-falar-sobre-saude-do-apresentador-em-homenagem\/\" aria-label=\"Esposa de Faust\u00e3o emociona ao falar sobre sa\u00fade do apresentador em homenagem\"><img loading=\"lazy\" decoding=\"async\" width=\"768\" height=\"456\" src=\"https:\/\/portalpopmais.com.br\/wp-content\/uploads\/2025\/08\/IMG-20250806-WA0116-768x456.jpg\" class=\"attachment-medium size-medium wp-post-image\" alt=\"O apresentador Faust\u00e3o\" style=\"\" title=\"\"><\/a><\/div><a class=\"wp-block-latest-posts__post-title\" href=\"https:\/\/portalpopmais.com.br\/en\/esposa-de-faustao-emociona-ao-falar-sobre-saude-do-apresentador-em-homenagem\/\">Esposa de Faust\u00e3o emociona ao falar sobre sa\u00fade do apresentador em homenagem<\/a><\/li>\n<li><div class=\"wp-block-latest-posts__featured-image aligncenter\"><a href=\"https:\/\/portalpopmais.com.br\/en\/namorado-de-wanessa-camargo-diverte-fas-ao-acompanhar-cantora-em-compras\/\" aria-label=\"Namorado de Wanessa Camargo diverte f\u00e3s ao acompanhar cantora em compras\"><img loading=\"lazy\" decoding=\"async\" width=\"768\" height=\"456\" src=\"https:\/\/portalpopmais.com.br\/wp-content\/uploads\/2026\/05\/namorado-wanessa-camargo-768x456.png\" class=\"attachment-medium size-medium wp-post-image\" alt=\"namorado wanessa camargo\" style=\"\" srcset=\"https:\/\/portalpopmais.com.br\/wp-content\/uploads\/2026\/05\/namorado-wanessa-camargo-768x456.png 768w, https:\/\/portalpopmais.com.br\/wp-content\/uploads\/2026\/05\/namorado-wanessa-camargo-1170x694.png 1170w, https:\/\/portalpopmais.com.br\/wp-content\/uploads\/2026\/05\/namorado-wanessa-camargo-18x12.png 18w\" sizes=\"auto, (max-width: 768px) 100vw, 768px\" title=\"\"><\/a><\/div><a class=\"wp-block-latest-posts__post-title\" href=\"https:\/\/portalpopmais.com.br\/en\/namorado-de-wanessa-camargo-diverte-fas-ao-acompanhar-cantora-em-compras\/\">Namorado de Wanessa Camargo diverte f\u00e3s ao acompanhar cantora em compras<\/a><\/li>\n<li><div class=\"wp-block-latest-posts__featured-image aligncenter\"><a href=\"https:\/\/portalpopmais.com.br\/en\/zoo-ex-de-christian-figueiredo-viraliza-apos-vazamento-de-video-intimo\/\" aria-label=\"Zoo, ex de Christian Figueiredo, viraliza ap\u00f3s vazamento de v\u00eddeo \u00edntimo\"><img loading=\"lazy\" decoding=\"async\" width=\"768\" height=\"456\" src=\"https:\/\/portalpopmais.com.br\/wp-content\/uploads\/2026\/05\/zoo-christian-figueiredo-reproducao-instagram-768x456.jpg\" class=\"attachment-medium size-medium wp-post-image\" alt=\"zoo christian figueiredo reproducao instagram\" style=\"\" srcset=\"https:\/\/portalpopmais.com.br\/wp-content\/uploads\/2026\/05\/zoo-christian-figueiredo-reproducao-instagram-768x456.jpg 768w, https:\/\/portalpopmais.com.br\/wp-content\/uploads\/2026\/05\/zoo-christian-figueiredo-reproducao-instagram-1170x694.jpg 1170w, https:\/\/portalpopmais.com.br\/wp-content\/uploads\/2026\/05\/zoo-christian-figueiredo-reproducao-instagram-18x12.jpg 18w\" sizes=\"auto, (max-width: 768px) 100vw, 768px\" title=\"\"><\/a><\/div><a class=\"wp-block-latest-posts__post-title\" href=\"https:\/\/portalpopmais.com.br\/en\/zoo-ex-de-christian-figueiredo-viraliza-apos-vazamento-de-video-intimo\/\">Zoo, ex de Christian Figueiredo, viraliza ap\u00f3s vazamento de v\u00eddeo \u00edntimo<\/a><\/li>\n<li><div class=\"wp-block-latest-posts__featured-image aligncenter\"><a href=\"https:\/\/portalpopmais.com.br\/en\/pedro-novaes-ja-apareceu-nu-na-internet\/\" aria-label=\"Pedro Novaes j\u00e1 apareceu nu na internet\"><img loading=\"lazy\" decoding=\"async\" width=\"586\" height=\"456\" src=\"https:\/\/portalpopmais.com.br\/wp-content\/uploads\/2025\/02\/2020-08-18-pedro-novaes-586x456.jpg\" class=\"attachment-medium size-medium wp-post-image\" alt=\"\" style=\"\" title=\"\"><\/a><\/div><a class=\"wp-block-latest-posts__post-title\" href=\"https:\/\/portalpopmais.com.br\/en\/pedro-novaes-ja-apareceu-nu-na-internet\/\">Pedro Novaes j\u00e1 apareceu nu na internet<\/a><\/li>\n<\/ul><\/div><\/div>\n\n\n\n<p>Continuando a declara\u00e7\u00e3o, Timberlake ressaltou que &#8220;est\u00e1 focado na sua pr\u00f3pria fam\u00edlia e n\u00e3o quer se preocupar com o livro de mem\u00f3rias da Britney&#8221; e que tentou ajudar a artistas in\u00fameras vezes.<\/p>\n\n\n\n<h2 class=\"wp-block-heading\">Aborto<\/h2>\n\n\n\n<p>Ontem (17), veio a tona que Britney Spears ficou gr\u00e1vida de Justin Timberlake, na \u00e9poca em que namoravam, no in\u00edcio dos anos 2000. A hist\u00f3ria foi relatada no livro de mem\u00f3rias da cantora, que ser\u00e1 lan\u00e7ado na pr\u00f3xima semana.<\/p>\n\n\n\n<p>A crian\u00e7a, no entanto, nunca veio ao mundo, j\u00e1 que Britney e Timberlake teriam chegado a um acordo de abort\u00e1-la. Saiba mais <a href=\"https:\/\/portalpopmais.com.br\/en\/everytime-de-britney-spears-aborda-filho-da-cantora-com-justin-timberlake-diz-rumor\/\" data-type=\"post\" data-id=\"194413\">aqui<\/a>.<\/p>","protected":false},"excerpt":{"rendered":"<p>Ap\u00f3s ter sido apontado como o culpado pelo suposto aborto de Britney Spears, Justin Timberlake, em uma nota divulgada pela ET, se pronunciou sobre o assunto. Segundo a publica\u00e7\u00e3o, o cantor pediu para que ela &#8220;pare de relembrar coisas do passado e amadure\u00e7a&#8221;. Leia mais Continuando a declara\u00e7\u00e3o, Timberlake ressaltou que &#8220;est\u00e1 focado na sua [&hellip;]<\/p>\n","protected":false},"author":1,"featured_media":194460,"comment_status":"closed","ping_status":"open","sticky":false,"template":"","format":"standard","meta":{"footnotes":""},"categories":[173],"tags":[172,15785],"class_list":["post-194457","post","type-post","status-publish","format-standard","has-post-thumbnail","hentry","category-celebridades","tag-britney-spears","tag-justim-timberlake"],"_links":{"self":[{"href":"https:\/\/portalpopmais.com.br\/en\/wp-json\/wp\/v2\/posts\/194457","targetHints":{"allow":["GET"]}}],"collection":[{"href":"https:\/\/portalpopmais.com.br\/en\/wp-json\/wp\/v2\/posts"}],"about":[{"href":"https:\/\/portalpopmais.com.br\/en\/wp-json\/wp\/v2\/types\/post"}],"author":[{"embeddable":true,"href":"https:\/\/portalpopmais.com.br\/en\/wp-json\/wp\/v2\/users\/1"}],"replies":[{"embeddable":true,"href":"https:\/\/portalpopmais.com.br\/en\/wp-json\/wp\/v2\/comments?post=194457"}],"version-history":[{"count":0,"href":"https:\/\/portalpopmais.com.br\/en\/wp-json\/wp\/v2\/posts\/194457\/revisions"}],"wp:featuredmedia":[{"embeddable":true,"href":"https:\/\/portalpopmais.com.br\/en\/wp-json\/wp\/v2\/media\/194460"}],"wp:attachment":[{"href":"https:\/\/portalpopmais.com.br\/en\/wp-json\/wp\/v2\/media?parent=194457"}],"wp:term":[{"taxonomy":"category","embeddable":true,"href":"https:\/\/portalpopmais.com.br\/en\/wp-json\/wp\/v2\/categories?post=194457"},{"taxonomy":"post_tag","embeddable":true,"href":"https:\/\/portalpopmais.com.br\/en\/wp-json\/wp\/v2\/tags?post=194457"}],"curies":[{"name":"wp","href":"https:\/\/api.w.org\/{rel}","templated":true}]}}