{"id":194873,"date":"2023-10-21T09:23:17","date_gmt":"2023-10-21T12:23:17","guid":{"rendered":"https:\/\/portalpopmais.com.br\/?p=194873"},"modified":"2023-10-21T09:23:30","modified_gmt":"2023-10-21T12:23:30","slug":"a-fazenda-15-perde-patrocinador-apos-expulsao-de-rachel-sheherazade","status":"publish","type":"post","link":"https:\/\/portalpopmais.com.br\/en\/a-fazenda-15-perde-patrocinador-apos-expulsao-de-rachel-sheherazade\/","title":{"rendered":"A Fazenda 15 perde patrocinador ap\u00f3s expuls\u00e3o de Rachel Sheherazade"},"content":{"rendered":"<p class=\"wp-block-paragraph\">Um dos patrocinadores de <strong><a href=\"https:\/\/portalpopmais.com.br\/en\/video-agressao-de-rachel-sheherazade\/\" data-type=\"post\" data-id=\"194747\">A Fazenda 15<\/a><\/strong> decidiu romper o contrato com a Record nesta sexta (20\/10), ap\u00f3s a expuls\u00e3o de <strong><a href=\"https:\/\/portalpopmais.com.br\/en\/leao-lobo-raquel-sherazade-enterrar-carreira\/\" data-type=\"post\" data-id=\"191615\">Rachel Sheherazade<\/a><\/strong>.<\/p>\n\n\n\n<p class=\"wp-block-paragraph\">O Grupo Empresarial Adir, que administra v\u00e1rias empresas, especialmente na regi\u00e3o de Lages, em Santa Catarina, publicou nas redes sociais um comunicado avisando que decidiu parar de patrocinar o reality da Record. A empresa anunciava na afiliada da emissora de Edir Macedo na regi\u00e3o.<\/p>\n\n\n\n<div class=\"wp-block-group\"><div class=\"wp-block-group__inner-container is-layout-constrained wp-block-group-is-layout-constrained\">\n<p class=\"wp-block-paragraph\">Leia mais<\/p>\n\n\n<ul class=\"wp-block-latest-posts__list is-grid aligncenter wp-block-latest-posts is-layout-flow wp-block-latest-posts-is-layout-flow\"><li><div class=\"wp-block-latest-posts__featured-image\"><a href=\"https:\/\/portalpopmais.com.br\/en\/nina-dobrev-e-retirada-do-tapete-vermelho-no-festival-de-veneza-eu-teria-evaporado-de-vergonha\/\" aria-label=\"Nina Dobrev \u00e9 retirada do tapete vermelho no Festival de Veneza: \u201cEu teria evaporado de vergonha\u201d\"><img loading=\"lazy\" decoding=\"async\" width=\"768\" height=\"456\" src=\"https:\/\/portalpopmais.com.br\/wp-content\/uploads\/2026\/09\/Screenshot_20260903-194159-768x456.png\" class=\"attachment-medium size-medium wp-post-image\" alt=\"Screenshot 20260903 194159\" style=\"\" srcset=\"https:\/\/portalpopmais.com.br\/wp-content\/uploads\/2026\/09\/Screenshot_20260903-194159-768x456.png 768w, https:\/\/portalpopmais.com.br\/wp-content\/uploads\/2026\/09\/Screenshot_20260903-194159-18x12.png 18w\" sizes=\"auto, (max-width: 768px) 100vw, 768px\" title=\"\"><\/a><\/div><a class=\"wp-block-latest-posts__post-title\" href=\"https:\/\/portalpopmais.com.br\/en\/nina-dobrev-e-retirada-do-tapete-vermelho-no-festival-de-veneza-eu-teria-evaporado-de-vergonha\/\">Nina Dobrev \u00e9 retirada do tapete vermelho no Festival de Veneza: \u201cEu teria evaporado de vergonha\u201d<\/a><\/li>\n<li><div class=\"wp-block-latest-posts__featured-image\"><a href=\"https:\/\/portalpopmais.com.br\/en\/justica-condena-miguel-falabella-por-plagio-em-peca-de-teatro\/\" aria-label=\"Justi\u00e7a condena Miguel Falabella por pl\u00e1gio em pe\u00e7a de teatro\"><img loading=\"lazy\" decoding=\"async\" width=\"768\" height=\"456\" src=\"https:\/\/portalpopmais.com.br\/wp-content\/uploads\/2020\/06\/falabella-768x456.jpg\" class=\"attachment-medium size-medium wp-post-image\" alt=\"Miguel Falabella \u00e9 demitido da Globo ap\u00f3s quase 40 anos\" style=\"\" srcset=\"https:\/\/portalpopmais.com.br\/wp-content\/uploads\/2020\/06\/falabella-768x456.jpg 768w, https:\/\/portalpopmais.com.br\/wp-content\/uploads\/2020\/06\/falabella-1170x694.jpg 1170w\" sizes=\"auto, (max-width: 768px) 100vw, 768px\" title=\"\"><\/a><\/div><a class=\"wp-block-latest-posts__post-title\" href=\"https:\/\/portalpopmais.com.br\/en\/justica-condena-miguel-falabella-por-plagio-em-peca-de-teatro\/\">Justi\u00e7a condena Miguel Falabella por pl\u00e1gio em pe\u00e7a de teatro<\/a><\/li>\n<li><div class=\"wp-block-latest-posts__featured-image\"><a href=\"https:\/\/portalpopmais.com.br\/en\/juliano-floss-e-flagrado-em-momento-intimo-com-affair\/\" aria-label=\"Juliano Floss \u00e9 flagrado em momento \u00edntimo com affair\"><img loading=\"lazy\" decoding=\"async\" width=\"768\" height=\"456\" src=\"https:\/\/portalpopmais.com.br\/wp-content\/uploads\/2026\/02\/juliano-floss-768x456.jpg\" class=\"attachment-medium size-medium wp-post-image\" alt=\"juliano floss\" style=\"\" srcset=\"https:\/\/portalpopmais.com.br\/wp-content\/uploads\/2026\/02\/juliano-floss-768x456.jpg 768w, https:\/\/portalpopmais.com.br\/wp-content\/uploads\/2026\/02\/juliano-floss-1170x694.jpg 1170w, https:\/\/portalpopmais.com.br\/wp-content\/uploads\/2026\/02\/juliano-floss-18x10.jpg 18w\" sizes=\"auto, (max-width: 768px) 100vw, 768px\" title=\"\"><\/a><\/div><a class=\"wp-block-latest-posts__post-title\" href=\"https:\/\/portalpopmais.com.br\/en\/juliano-floss-e-flagrado-em-momento-intimo-com-affair\/\">Juliano Floss \u00e9 flagrado em momento \u00edntimo com affair<\/a><\/li>\n<li><div class=\"wp-block-latest-posts__featured-image\"><a href=\"https:\/\/portalpopmais.com.br\/en\/gloria-steinem-um-dos-maiores-icones-do-feminismo-mundial-morre-aos-92-anos\/\" aria-label=\"Gloria Steinem, um dos maiores \u00edcones do feminismo mundial, morre aos 92 anos\"><img loading=\"lazy\" decoding=\"async\" width=\"768\" height=\"456\" src=\"https:\/\/portalpopmais.com.br\/wp-content\/uploads\/2026\/09\/Gloria-Steinem-768x456.webp\" class=\"attachment-medium size-medium wp-post-image\" alt=\"Gloria Steinem\" style=\"\" srcset=\"https:\/\/portalpopmais.com.br\/wp-content\/uploads\/2026\/09\/Gloria-Steinem-768x456.webp 768w, https:\/\/portalpopmais.com.br\/wp-content\/uploads\/2026\/09\/Gloria-Steinem-1170x694.webp 1170w, https:\/\/portalpopmais.com.br\/wp-content\/uploads\/2026\/09\/Gloria-Steinem-18x12.webp 18w\" sizes=\"auto, (max-width: 768px) 100vw, 768px\" title=\"\"><\/a><\/div><a class=\"wp-block-latest-posts__post-title\" href=\"https:\/\/portalpopmais.com.br\/en\/gloria-steinem-um-dos-maiores-icones-do-feminismo-mundial-morre-aos-92-anos\/\">Gloria Steinem, um dos maiores \u00edcones do feminismo mundial, morre aos 92 anos<\/a><\/li>\n<li><div class=\"wp-block-latest-posts__featured-image\"><a href=\"https:\/\/portalpopmais.com.br\/en\/supernanny-cris-poli-emociona-ao-falar-sobre-a-morte-de-um-dos-filhos-vitima-de-cancer\/\" aria-label=\"Supernanny, Cris Poli, emociona ao falar sobre a morte de um dos filhos v\u00edtima de c\u00e2ncer\"><img loading=\"lazy\" decoding=\"async\" width=\"768\" height=\"456\" src=\"https:\/\/portalpopmais.com.br\/wp-content\/uploads\/2026\/09\/1_lembra-dela-supernanny-faz-desabafo-comovente-apos-morte-do-filho-67584505-768x456.jpg\" class=\"attachment-medium size-medium wp-post-image\" alt=\"1 lembra dela supernanny faz desabafo comovente apos morte do filho 67584505\" style=\"\" srcset=\"https:\/\/portalpopmais.com.br\/wp-content\/uploads\/2026\/09\/1_lembra-dela-supernanny-faz-desabafo-comovente-apos-morte-do-filho-67584505-768x456.jpg 768w, https:\/\/portalpopmais.com.br\/wp-content\/uploads\/2026\/09\/1_lembra-dela-supernanny-faz-desabafo-comovente-apos-morte-do-filho-67584505-1170x694.jpg 1170w, https:\/\/portalpopmais.com.br\/wp-content\/uploads\/2026\/09\/1_lembra-dela-supernanny-faz-desabafo-comovente-apos-morte-do-filho-67584505-18x12.jpg 18w\" sizes=\"auto, (max-width: 768px) 100vw, 768px\" title=\"\"><\/a><\/div><a class=\"wp-block-latest-posts__post-title\" href=\"https:\/\/portalpopmais.com.br\/en\/supernanny-cris-poli-emociona-ao-falar-sobre-a-morte-de-um-dos-filhos-vitima-de-cancer\/\">Supernanny, Cris Poli, emociona ao falar sobre a morte de um dos filhos v\u00edtima de c\u00e2ncer<\/a><\/li>\n<li><div class=\"wp-block-latest-posts__featured-image\"><a href=\"https:\/\/portalpopmais.com.br\/en\/diego-hypolito-antes-depois-procedimentos\/\" aria-label=\"Diego Hypolito mostra o antes e depois ap\u00f3s procedimentos est\u00e9ticos e surpreende\"><img loading=\"lazy\" decoding=\"async\" width=\"768\" height=\"456\" src=\"https:\/\/portalpopmais.com.br\/wp-content\/uploads\/2026\/09\/Diego-Hypolito-mostra-antes-e-depois-de-procedimentos-esteticos-768x456.png\" class=\"attachment-medium size-medium wp-post-image\" alt=\"Diego Hypolito mostra antes e depois de procedimentos est\u00e9ticos\" style=\"\" srcset=\"https:\/\/portalpopmais.com.br\/wp-content\/uploads\/2026\/09\/Diego-Hypolito-mostra-antes-e-depois-de-procedimentos-esteticos-768x456.png 768w, https:\/\/portalpopmais.com.br\/wp-content\/uploads\/2026\/09\/Diego-Hypolito-mostra-antes-e-depois-de-procedimentos-esteticos-1170x694.png 1170w, https:\/\/portalpopmais.com.br\/wp-content\/uploads\/2026\/09\/Diego-Hypolito-mostra-antes-e-depois-de-procedimentos-esteticos-18x12.png 18w\" sizes=\"auto, (max-width: 768px) 100vw, 768px\" title=\"\"><\/a><\/div><a class=\"wp-block-latest-posts__post-title\" href=\"https:\/\/portalpopmais.com.br\/en\/diego-hypolito-antes-depois-procedimentos\/\">Diego Hypolito mostra o antes e depois ap\u00f3s procedimentos est\u00e9ticos e surpreende<\/a><\/li>\n<\/ul><\/div><\/div>\n\n\n\n<p class=\"wp-block-paragraph\">Em nota, o Grupo Adir disse que n\u00e3o compactua com a\u00e7\u00f5es manipuladas e <a href=\"http:\/\/twitter.com\/popmaisfm\" target=\"_blank\" rel=\"noopener\">arbitr\u00e1rias<\/a>.<\/p>\n\n\n\n<p class=\"wp-block-paragraph\"><em>\u201cO grupo empresarial Adir vem por meio de seu CEO, Lucas Schuster e suas doze empresas, informar ao p\u00fablico que cancelou, na tarde de ontem, o oferecimento do programa \u201cA Fazenda 15\u2033 da Record TV em seis pra\u00e7as da emissora. O grupo n\u00e3o compactua com a\u00e7\u00f5es manipuladas e arbitr\u00e1rias da emissora\u201d <\/em>\u2013 diz o comunicado.<\/p>\n\n\n\n<p class=\"wp-block-paragraph\">Al\u00e9m disso, a Record tamb\u00e9m est\u00e1 tendo que lidar com o expressivo n\u00famero de assinaturas do <a href=\"https:\/\/portalpopmais.com.br\/en\/rachel-sheherazade-playplus-queda-de-assinantes\/\" data-type=\"post\" data-id=\"194771\">Play Plus, streaming da emissora, sendo canceladas<\/a>. Muitos assinantes est\u00e3o desistindo de pagar para ter acesso \u00e0 plataforma por n\u00e3o concordar com a expuls\u00e3o de Rachel.<\/p>","protected":false},"excerpt":{"rendered":"<p>Um dos patrocinadores de A Fazenda 15 decidiu romper o contrato com a Record nesta sexta (20\/10), ap\u00f3s a expuls\u00e3o de Rachel Sheherazade. O Grupo Empresarial Adir, que administra v\u00e1rias empresas, especialmente na regi\u00e3o de Lages, em Santa Catarina, publicou nas redes sociais um comunicado avisando que decidiu parar de patrocinar o reality da Record. [&hellip;]<\/p>\n","protected":false},"author":2,"featured_media":65049,"comment_status":"closed","ping_status":"open","sticky":false,"template":"","format":"standard","meta":{"footnotes":""},"categories":[8605],"tags":[4281],"class_list":["post-194873","post","type-post","status-publish","format-standard","has-post-thumbnail","hentry","category-realities","tag-rachel-sheherazade"],"_links":{"self":[{"href":"https:\/\/portalpopmais.com.br\/en\/wp-json\/wp\/v2\/posts\/194873","targetHints":{"allow":["GET"]}}],"collection":[{"href":"https:\/\/portalpopmais.com.br\/en\/wp-json\/wp\/v2\/posts"}],"about":[{"href":"https:\/\/portalpopmais.com.br\/en\/wp-json\/wp\/v2\/types\/post"}],"author":[{"embeddable":true,"href":"https:\/\/portalpopmais.com.br\/en\/wp-json\/wp\/v2\/users\/2"}],"replies":[{"embeddable":true,"href":"https:\/\/portalpopmais.com.br\/en\/wp-json\/wp\/v2\/comments?post=194873"}],"version-history":[{"count":0,"href":"https:\/\/portalpopmais.com.br\/en\/wp-json\/wp\/v2\/posts\/194873\/revisions"}],"wp:featuredmedia":[{"embeddable":true,"href":"https:\/\/portalpopmais.com.br\/en\/wp-json\/wp\/v2\/media\/65049"}],"wp:attachment":[{"href":"https:\/\/portalpopmais.com.br\/en\/wp-json\/wp\/v2\/media?parent=194873"}],"wp:term":[{"taxonomy":"category","embeddable":true,"href":"https:\/\/portalpopmais.com.br\/en\/wp-json\/wp\/v2\/categories?post=194873"},{"taxonomy":"post_tag","embeddable":true,"href":"https:\/\/portalpopmais.com.br\/en\/wp-json\/wp\/v2\/tags?post=194873"}],"curies":[{"name":"wp","href":"https:\/\/api.w.org\/{rel}","templated":true}]}}