{"id":195070,"date":"2023-10-24T10:24:14","date_gmt":"2023-10-24T13:24:14","guid":{"rendered":"https:\/\/portalpopmais.com.br\/?p=195070"},"modified":"2023-10-24T10:26:40","modified_gmt":"2023-10-24T13:26:40","slug":"com-pessima-audiencia-chris-flores-deve-sair-do-programa-fofocalizando","status":"publish","type":"post","link":"https:\/\/portalpopmais.com.br\/en\/com-pessima-audiencia-chris-flores-deve-sair-do-programa-fofocalizando\/","title":{"rendered":"Com p\u00e9ssima audi\u00eancia, Chris Flores deve sair do programa &#8216;Fofocalizando&#8217;"},"content":{"rendered":"<p>Insatisfeita, <strong><a href=\"https:\/\/portalpopmais.com.br\/en\/chris-flores-faz-sbt-manchete-em-jornais-internacionais\/\" data-type=\"post\" data-id=\"191094\">Chris Flores<\/a><\/strong> pediu f\u00e9rias do programa &#8216;Fofocalizando&#8217;,do SBT. A apresentadora principal da atra\u00e7\u00e3o no formato de revista digital com foco no entretenimento est\u00e1 cansada, segundo disseram pessoas pr\u00f3ximas. As informa\u00e7\u00f5es s\u00e3o do colunista Fl\u00e1vio Ricco, do R7.<\/p>\n\n\n\n<p>Segundo a publica\u00e7\u00e3o, a previs\u00e3o de volta para as telas est\u00e1 marcada para dezembro, mas as chances disso n\u00e3o acontecer s\u00e3o grandes. Nos \u00faltimos meses Chris \u201cse queimou\u201d bastante por falas e opini\u00f5es sobre acontecimentos que acabaram por minar o futuro profissional da <a href=\"http:\/\/twitter.com\/popmaisfm\" target=\"_blank\" rel=\"noopener\">jo<\/a><a href=\"http:\/\/twitter.com\/popmaisfm\" target=\"_blank\" rel=\"noreferrer noopener\">r<\/a><a href=\"http:\/\/twitter.com\/popmaisfm\" target=\"_blank\" rel=\"noopener\">nalista<\/a>.<\/p>\n\n\n\n<div class=\"wp-block-group\"><div class=\"wp-block-group__inner-container is-layout-constrained wp-block-group-is-layout-constrained\">\n<h2 class=\"wp-block-heading\">Leia mais<\/h2>\n\n\n<ul class=\"wp-block-latest-posts__list is-grid columns-3 wp-block-latest-posts\"><li><div class=\"wp-block-latest-posts__featured-image aligncenter\"><img loading=\"lazy\" decoding=\"async\" width=\"768\" height=\"456\" src=\"https:\/\/portalpopmais.com.br\/wp-content\/uploads\/2026\/04\/3tid47cvo6t8ib3y2zx98kd0w-768x456.jpg\" class=\"attachment-medium size-medium wp-post-image\" alt=\"3tid47cvo6t8ib3y2zx98kd0w\" style=\"\" srcset=\"https:\/\/portalpopmais.com.br\/wp-content\/uploads\/2026\/04\/3tid47cvo6t8ib3y2zx98kd0w-768x456.jpg 768w, https:\/\/portalpopmais.com.br\/wp-content\/uploads\/2026\/04\/3tid47cvo6t8ib3y2zx98kd0w-18x10.jpg 18w\" sizes=\"auto, (max-width: 768px) 100vw, 768px\" title=\"\"><\/div><a class=\"wp-block-latest-posts__post-title\" href=\"https:\/\/portalpopmais.com.br\/en\/bella-campos-fala-pela-primeira-vez-sobre-treta-com-caua-reymond\/\">Bella Campos fala pela primeira vez sobre treta com Cau\u00e3 Reymond<\/a><\/li>\n<li><div class=\"wp-block-latest-posts__featured-image aligncenter\"><img loading=\"lazy\" decoding=\"async\" width=\"768\" height=\"456\" src=\"https:\/\/portalpopmais.com.br\/wp-content\/uploads\/2025\/07\/stenio-garcia-768x456.jpg\" class=\"attachment-medium size-medium wp-post-image\" alt=\"\" style=\"\" srcset=\"https:\/\/portalpopmais.com.br\/wp-content\/uploads\/2025\/07\/stenio-garcia-768x456.jpg 768w, https:\/\/portalpopmais.com.br\/wp-content\/uploads\/2025\/07\/stenio-garcia-1170x694.jpg 1170w\" sizes=\"auto, (max-width: 768px) 100vw, 768px\" title=\"\"><\/div><a class=\"wp-block-latest-posts__post-title\" href=\"https:\/\/portalpopmais.com.br\/en\/stenio-garcia-passa-mal-e-da-entrada-em-hospital-apos-treta-com-as-filhas\/\">St\u00eanio Garcia passa mal e d\u00e1 entrada em hospital ap\u00f3s treta com as filhas<\/a><\/li>\n<li><div class=\"wp-block-latest-posts__featured-image aligncenter\"><img loading=\"lazy\" decoding=\"async\" width=\"768\" height=\"456\" src=\"https:\/\/portalpopmais.com.br\/wp-content\/uploads\/2024\/10\/shakira-shows-brasil-2025-768x456.jpeg\" class=\"attachment-medium size-medium wp-post-image\" alt=\"shakira shows brasil 2025\" style=\"\" title=\"\"><\/div><a class=\"wp-block-latest-posts__post-title\" href=\"https:\/\/portalpopmais.com.br\/en\/as-fotos-da-suite-que-shakira-ficara-hospedada-no-rio\/\">As fotos da su\u00edte que Shakira ficar\u00e1 hospedada no Rio<\/a><\/li>\n<li><div class=\"wp-block-latest-posts__featured-image aligncenter\"><img loading=\"lazy\" decoding=\"async\" width=\"768\" height=\"456\" src=\"https:\/\/portalpopmais.com.br\/wp-content\/uploads\/2026\/04\/cachorro-768x456.webp\" class=\"attachment-medium size-medium wp-post-image\" alt=\"cachorro\" style=\"\" title=\"\"><\/div><a class=\"wp-block-latest-posts__post-title\" href=\"https:\/\/portalpopmais.com.br\/en\/cachorro-de-edson-dupla-com-hudson-e-encontrado-morto-apos-dias-desaparecido-em-sp\/\">Cachorro de Edson, dupla com Hudson, \u00e9 encontrado morto ap\u00f3s dias desaparecido em SP<\/a><\/li>\n<li><div class=\"wp-block-latest-posts__featured-image aligncenter\"><img loading=\"lazy\" decoding=\"async\" width=\"768\" height=\"456\" src=\"https:\/\/portalpopmais.com.br\/wp-content\/uploads\/2025\/08\/Hytalo-Santos-preso-768x456.png\" class=\"attachment-medium size-medium wp-post-image\" alt=\"Hytalo Santos\" style=\"\" srcset=\"https:\/\/portalpopmais.com.br\/wp-content\/uploads\/2025\/08\/Hytalo-Santos-preso-768x456.png 768w, https:\/\/portalpopmais.com.br\/wp-content\/uploads\/2025\/08\/Hytalo-Santos-preso-1170x694.png 1170w\" sizes=\"auto, (max-width: 768px) 100vw, 768px\" title=\"\"><\/div><a class=\"wp-block-latest-posts__post-title\" href=\"https:\/\/portalpopmais.com.br\/en\/preso-e-condenado-hytalo-santos-e-alvo-de-nova-acao-judicial-veja\/\">Preso e condenado, Hytalo Santos \u00e9 alvo de nova a\u00e7\u00e3o judicial; veja<\/a><\/li>\n<li><div class=\"wp-block-latest-posts__featured-image aligncenter\"><img loading=\"lazy\" decoding=\"async\" width=\"768\" height=\"456\" src=\"https:\/\/portalpopmais.com.br\/wp-content\/uploads\/2026\/04\/sam-neill-768x456.png\" class=\"attachment-medium size-medium wp-post-image\" alt=\"sam neill\" style=\"\" title=\"\"><\/div><a class=\"wp-block-latest-posts__post-title\" href=\"https:\/\/portalpopmais.com.br\/en\/sam-neill-anuncia-remissao-de-cancer-apos-tratamento-experimental\/\">Sam Neill anuncia remiss\u00e3o de c\u00e2ncer ap\u00f3s tratamento experimental<\/a><\/li>\n<\/ul><\/div><\/div>\n\n\n\n<p>Outro fator que estaria contribuindo para a poss\u00edvel sa\u00edda da apresentadora \u00e9 a baixa audi\u00eancia do vespertino, o que teria deixado Chris desapontada.<\/p>\n\n\n\n<p>Mesmo em novo hor\u00e1rio, inciando agora \u00e0s 14h15, o programa n\u00e3o consegue superar a m\u00e9dia de 2 pontos na Grande S\u00e3o Paulo. Na semana passada, foram 1,7 ponto e 1,9 respectivamente na segunda (16) e ter\u00e7a (17) passada. No primeiro dia da semana, o programa chegou a registrar apenas 0,9 ponto.<\/p>\n\n\n\n<p>Em 2023, o &#8216;Fofocalizando&#8217; registra seu pior desempenho desde que foi lan\u00e7ado em 2016.<\/p>","protected":false},"excerpt":{"rendered":"<p>Insatisfeita, Chris Flores pediu f\u00e9rias do programa &#8216;Fofocalizando&#8217;,do SBT. A apresentadora principal da atra\u00e7\u00e3o no formato de revista digital com foco no entretenimento est\u00e1 cansada, segundo disseram pessoas pr\u00f3ximas. As informa\u00e7\u00f5es s\u00e3o do colunista Fl\u00e1vio Ricco, do R7. Segundo a publica\u00e7\u00e3o, a previs\u00e3o de volta para as telas est\u00e1 marcada para dezembro, mas as chances [&hellip;]<\/p>\n","protected":false},"author":1,"featured_media":195071,"comment_status":"closed","ping_status":"open","sticky":false,"template":"","format":"standard","meta":{"footnotes":""},"categories":[181],"tags":[4023,403],"class_list":["post-195070","post","type-post","status-publish","format-standard","has-post-thumbnail","hentry","category-televisao","tag-chris-flores","tag-sbt"],"_links":{"self":[{"href":"https:\/\/portalpopmais.com.br\/en\/wp-json\/wp\/v2\/posts\/195070","targetHints":{"allow":["GET"]}}],"collection":[{"href":"https:\/\/portalpopmais.com.br\/en\/wp-json\/wp\/v2\/posts"}],"about":[{"href":"https:\/\/portalpopmais.com.br\/en\/wp-json\/wp\/v2\/types\/post"}],"author":[{"embeddable":true,"href":"https:\/\/portalpopmais.com.br\/en\/wp-json\/wp\/v2\/users\/1"}],"replies":[{"embeddable":true,"href":"https:\/\/portalpopmais.com.br\/en\/wp-json\/wp\/v2\/comments?post=195070"}],"version-history":[{"count":0,"href":"https:\/\/portalpopmais.com.br\/en\/wp-json\/wp\/v2\/posts\/195070\/revisions"}],"wp:featuredmedia":[{"embeddable":true,"href":"https:\/\/portalpopmais.com.br\/en\/wp-json\/wp\/v2\/media\/195071"}],"wp:attachment":[{"href":"https:\/\/portalpopmais.com.br\/en\/wp-json\/wp\/v2\/media?parent=195070"}],"wp:term":[{"taxonomy":"category","embeddable":true,"href":"https:\/\/portalpopmais.com.br\/en\/wp-json\/wp\/v2\/categories?post=195070"},{"taxonomy":"post_tag","embeddable":true,"href":"https:\/\/portalpopmais.com.br\/en\/wp-json\/wp\/v2\/tags?post=195070"}],"curies":[{"name":"wp","href":"https:\/\/api.w.org\/{rel}","templated":true}]}}