{"id":195138,"date":"2023-10-25T08:51:51","date_gmt":"2023-10-25T11:51:51","guid":{"rendered":"https:\/\/portalpopmais.com.br\/?p=195138"},"modified":"2023-10-25T08:52:12","modified_gmt":"2023-10-25T11:52:12","slug":"patricia-poeta-perde-processo-contra-colunista","status":"publish","type":"post","link":"https:\/\/portalpopmais.com.br\/en\/patricia-poeta-perde-processo-contra-colunista\/","title":{"rendered":"Patr\u00edcia Poeta perde processo contra colunista de S\u00f4nia Abr\u00e3o e toma bronca da Ju\u00edza"},"content":{"rendered":"<p>A <strong><a href=\"https:\/\/portalpopmais.com.br\/en\/apos-polemicas-com-patricia-poeta-manoel-soares-deixa-a-tv-globo\/\" data-type=\"post\" data-id=\"184312\">Patr\u00edcia Poeta<\/a><\/strong> perdeu o processo que movia contra Alessandro Lo-Bianco, jornalista que participa do programa da S\u00f4nia Abr\u00e3o, o A Tarde \u00e9 Sua, da Rede TV. Na senten\u00e7a , a ju\u00edza Ana Claudia dos Santos Sillas absolveu o colunista de forma sum\u00e1ria. As informa\u00e7\u00f5es s\u00e3o do site Em OFF.<\/p>\n\n\n\n<p>Na queixa-crime, a apresentadora do Encontro acusou Lo-Bianco de ter cometido \u201ccrimes contra a honra\u201d e praticado cal\u00fania, difama\u00e7\u00e3o e inj\u00faria ao disparar mentiras no programa da Rede TV.<\/p>\n\n\n\n<div class=\"wp-block-group\"><div class=\"wp-block-group__inner-container is-layout-constrained wp-block-group-is-layout-constrained\">\n<h2 class=\"wp-block-heading\">Leia mais<\/h2>\n\n\n<ul class=\"wp-block-latest-posts__list is-grid columns-3 aligncenter wp-block-latest-posts\"><li><div class=\"wp-block-latest-posts__featured-image aligncenter\"><a href=\"https:\/\/portalpopmais.com.br\/en\/bianca-biancardi-anuncia-gravidez-neymar-reage\/\" aria-label=\"Bianca Biancardi anuncia gravidez; Neymar reage\"><img loading=\"lazy\" decoding=\"async\" width=\"768\" height=\"456\" src=\"https:\/\/portalpopmais.com.br\/wp-content\/uploads\/2026\/05\/bianca-biancardi-gravida-768x456.png\" class=\"attachment-medium size-medium wp-post-image\" alt=\"bianca biancardi gravida\" style=\"\" srcset=\"https:\/\/portalpopmais.com.br\/wp-content\/uploads\/2026\/05\/bianca-biancardi-gravida-768x456.png 768w, https:\/\/portalpopmais.com.br\/wp-content\/uploads\/2026\/05\/bianca-biancardi-gravida-18x12.png 18w\" sizes=\"auto, (max-width: 768px) 100vw, 768px\" title=\"\"><\/a><\/div><a class=\"wp-block-latest-posts__post-title\" href=\"https:\/\/portalpopmais.com.br\/en\/bianca-biancardi-anuncia-gravidez-neymar-reage\/\">Bianca Biancardi anuncia gravidez; Neymar reage<\/a><\/li>\n<li><div class=\"wp-block-latest-posts__featured-image aligncenter\"><a href=\"https:\/\/portalpopmais.com.br\/en\/entenda-o-motivo-do-atraso-do-show-de-shakira-em-copacabana\/\" aria-label=\"Entenda o motivo do atraso do show de Shakira em Copacabana\"><img loading=\"lazy\" decoding=\"async\" width=\"768\" height=\"456\" src=\"https:\/\/portalpopmais.com.br\/wp-content\/uploads\/2026\/02\/Shakira-POP-Mais-768x456.webp\" class=\"attachment-medium size-medium wp-post-image\" alt=\"Shakira far\u00e1 show gratuito em Copacabana - Foto: Reprodu\u00e7\u00e3o\/ TV Globo\" style=\"\" srcset=\"https:\/\/portalpopmais.com.br\/wp-content\/uploads\/2026\/02\/Shakira-POP-Mais-768x456.webp 768w, https:\/\/portalpopmais.com.br\/wp-content\/uploads\/2026\/02\/Shakira-POP-Mais-1170x694.webp 1170w, https:\/\/portalpopmais.com.br\/wp-content\/uploads\/2026\/02\/Shakira-POP-Mais-18x10.webp 18w\" sizes=\"auto, (max-width: 768px) 100vw, 768px\" title=\"\"><\/a><\/div><a class=\"wp-block-latest-posts__post-title\" href=\"https:\/\/portalpopmais.com.br\/en\/entenda-o-motivo-do-atraso-do-show-de-shakira-em-copacabana\/\">Entenda o motivo do atraso do show de Shakira em Copacabana<\/a><\/li>\n<li><div class=\"wp-block-latest-posts__featured-image aligncenter\"><a href=\"https:\/\/portalpopmais.com.br\/en\/matheus-dupla-com-kauan-anuncia-fim-do-casamento\/\" aria-label=\"Matheus, dupla com Kauan, anuncia fim do casamento\"><img loading=\"lazy\" decoding=\"async\" width=\"768\" height=\"456\" src=\"https:\/\/portalpopmais.com.br\/wp-content\/uploads\/2026\/05\/fim-casamento-768x456.png\" class=\"attachment-medium size-medium wp-post-image\" alt=\"fim casamento\" style=\"\" srcset=\"https:\/\/portalpopmais.com.br\/wp-content\/uploads\/2026\/05\/fim-casamento-768x456.png 768w, https:\/\/portalpopmais.com.br\/wp-content\/uploads\/2026\/05\/fim-casamento-18x12.png 18w\" sizes=\"auto, (max-width: 768px) 100vw, 768px\" title=\"\"><\/a><\/div><a class=\"wp-block-latest-posts__post-title\" href=\"https:\/\/portalpopmais.com.br\/en\/matheus-dupla-com-kauan-anuncia-fim-do-casamento\/\">Matheus, dupla com Kauan, anuncia fim do casamento<\/a><\/li>\n<li><div class=\"wp-block-latest-posts__featured-image aligncenter\"><a href=\"https:\/\/portalpopmais.com.br\/en\/esposa-de-faustao-emociona-ao-falar-sobre-saude-do-apresentador-em-homenagem\/\" aria-label=\"Esposa de Faust\u00e3o emociona ao falar sobre sa\u00fade do apresentador em homenagem\"><img loading=\"lazy\" decoding=\"async\" width=\"768\" height=\"456\" src=\"https:\/\/portalpopmais.com.br\/wp-content\/uploads\/2025\/08\/IMG-20250806-WA0116-768x456.jpg\" class=\"attachment-medium size-medium wp-post-image\" alt=\"O apresentador Faust\u00e3o\" style=\"\" title=\"\"><\/a><\/div><a class=\"wp-block-latest-posts__post-title\" href=\"https:\/\/portalpopmais.com.br\/en\/esposa-de-faustao-emociona-ao-falar-sobre-saude-do-apresentador-em-homenagem\/\">Esposa de Faust\u00e3o emociona ao falar sobre sa\u00fade do apresentador em homenagem<\/a><\/li>\n<li><div class=\"wp-block-latest-posts__featured-image aligncenter\"><a href=\"https:\/\/portalpopmais.com.br\/en\/namorado-de-wanessa-camargo-diverte-fas-ao-acompanhar-cantora-em-compras\/\" aria-label=\"Namorado de Wanessa Camargo diverte f\u00e3s ao acompanhar cantora em compras\"><img loading=\"lazy\" decoding=\"async\" width=\"768\" height=\"456\" src=\"https:\/\/portalpopmais.com.br\/wp-content\/uploads\/2026\/05\/namorado-wanessa-camargo-768x456.png\" class=\"attachment-medium size-medium wp-post-image\" alt=\"namorado wanessa camargo\" style=\"\" srcset=\"https:\/\/portalpopmais.com.br\/wp-content\/uploads\/2026\/05\/namorado-wanessa-camargo-768x456.png 768w, https:\/\/portalpopmais.com.br\/wp-content\/uploads\/2026\/05\/namorado-wanessa-camargo-1170x694.png 1170w, https:\/\/portalpopmais.com.br\/wp-content\/uploads\/2026\/05\/namorado-wanessa-camargo-18x12.png 18w\" sizes=\"auto, (max-width: 768px) 100vw, 768px\" title=\"\"><\/a><\/div><a class=\"wp-block-latest-posts__post-title\" href=\"https:\/\/portalpopmais.com.br\/en\/namorado-de-wanessa-camargo-diverte-fas-ao-acompanhar-cantora-em-compras\/\">Namorado de Wanessa Camargo diverte f\u00e3s ao acompanhar cantora em compras<\/a><\/li>\n<li><div class=\"wp-block-latest-posts__featured-image aligncenter\"><a href=\"https:\/\/portalpopmais.com.br\/en\/zoo-ex-de-christian-figueiredo-viraliza-apos-vazamento-de-video-intimo\/\" aria-label=\"Zoo, ex de Christian Figueiredo, viraliza ap\u00f3s vazamento de v\u00eddeo \u00edntimo\"><img loading=\"lazy\" decoding=\"async\" width=\"768\" height=\"456\" src=\"https:\/\/portalpopmais.com.br\/wp-content\/uploads\/2026\/05\/zoo-christian-figueiredo-reproducao-instagram-768x456.jpg\" class=\"attachment-medium size-medium wp-post-image\" alt=\"zoo christian figueiredo reproducao instagram\" style=\"\" srcset=\"https:\/\/portalpopmais.com.br\/wp-content\/uploads\/2026\/05\/zoo-christian-figueiredo-reproducao-instagram-768x456.jpg 768w, https:\/\/portalpopmais.com.br\/wp-content\/uploads\/2026\/05\/zoo-christian-figueiredo-reproducao-instagram-1170x694.jpg 1170w, https:\/\/portalpopmais.com.br\/wp-content\/uploads\/2026\/05\/zoo-christian-figueiredo-reproducao-instagram-18x12.jpg 18w\" sizes=\"auto, (max-width: 768px) 100vw, 768px\" title=\"\"><\/a><\/div><a class=\"wp-block-latest-posts__post-title\" href=\"https:\/\/portalpopmais.com.br\/en\/zoo-ex-de-christian-figueiredo-viraliza-apos-vazamento-de-video-intimo\/\">Zoo, ex de Christian Figueiredo, viraliza ap\u00f3s vazamento de v\u00eddeo \u00edntimo<\/a><\/li>\n<\/ul><\/div><\/div>\n\n\n\n<p>A ju\u00edza, no entanto, n\u00e3o concordou e afirmou que o processo \u201c\u00e9 caso de absolvi\u00e7\u00e3o sum\u00e1ria\u201d. Em uma das falas, Lo-Bianco afirmou que Poeta teria faltado a quatro reuni\u00f5es de pauta do programa matinal da Globo, colocando uma assessora no lugar. \u201cA sensa\u00e7\u00e3o que eu tenho \u00e9 que ela chega na hora para fazer o programa e pergunta o que tem\u201d \u2013 disse ele.<\/p>\n\n\n\n<p>Na senten\u00e7a proferida pela ju\u00edza Ana Claudia dos Santos Sillas, consta que embora as cr\u00edticas sejam at\u00e9 grosseiras, ele est\u00e1 protegido pelo livre exerc\u00edcio de atividade profissional. A magistrada se atentou pelo fato de Patr\u00edcia Poeta ser uma <a href=\"http:\/\/twitter.com\/popmaisfm\" target=\"_blank\" rel=\"noopener\">figura p\u00fablica<\/a> e alguns coment\u00e1rios serem naturais, mas que as falas passam longe dos crimes de difama\u00e7\u00e3o ou inj\u00faria.<\/p>","protected":false},"excerpt":{"rendered":"<p>A Patr\u00edcia Poeta perdeu o processo que movia contra Alessandro Lo-Bianco, jornalista que participa do programa da S\u00f4nia Abr\u00e3o, o A Tarde \u00e9 Sua, da Rede TV. Na senten\u00e7a , a ju\u00edza Ana Claudia dos Santos Sillas absolveu o colunista de forma sum\u00e1ria. As informa\u00e7\u00f5es s\u00e3o do site Em OFF. Na queixa-crime, a apresentadora do [&hellip;]<\/p>\n","protected":false},"author":2,"featured_media":195141,"comment_status":"closed","ping_status":"open","sticky":false,"template":"","format":"standard","meta":{"footnotes":""},"categories":[173],"tags":[9106],"class_list":["post-195138","post","type-post","status-publish","format-standard","has-post-thumbnail","hentry","category-celebridades","tag-patricia-poeta"],"_links":{"self":[{"href":"https:\/\/portalpopmais.com.br\/en\/wp-json\/wp\/v2\/posts\/195138","targetHints":{"allow":["GET"]}}],"collection":[{"href":"https:\/\/portalpopmais.com.br\/en\/wp-json\/wp\/v2\/posts"}],"about":[{"href":"https:\/\/portalpopmais.com.br\/en\/wp-json\/wp\/v2\/types\/post"}],"author":[{"embeddable":true,"href":"https:\/\/portalpopmais.com.br\/en\/wp-json\/wp\/v2\/users\/2"}],"replies":[{"embeddable":true,"href":"https:\/\/portalpopmais.com.br\/en\/wp-json\/wp\/v2\/comments?post=195138"}],"version-history":[{"count":0,"href":"https:\/\/portalpopmais.com.br\/en\/wp-json\/wp\/v2\/posts\/195138\/revisions"}],"wp:featuredmedia":[{"embeddable":true,"href":"https:\/\/portalpopmais.com.br\/en\/wp-json\/wp\/v2\/media\/195141"}],"wp:attachment":[{"href":"https:\/\/portalpopmais.com.br\/en\/wp-json\/wp\/v2\/media?parent=195138"}],"wp:term":[{"taxonomy":"category","embeddable":true,"href":"https:\/\/portalpopmais.com.br\/en\/wp-json\/wp\/v2\/categories?post=195138"},{"taxonomy":"post_tag","embeddable":true,"href":"https:\/\/portalpopmais.com.br\/en\/wp-json\/wp\/v2\/tags?post=195138"}],"curies":[{"name":"wp","href":"https:\/\/api.w.org\/{rel}","templated":true}]}}