{"id":195971,"date":"2023-11-03T10:25:00","date_gmt":"2023-11-03T13:25:00","guid":{"rendered":"https:\/\/portalpopmais.com.br\/?p=195971"},"modified":"2023-11-03T10:25:33","modified_gmt":"2023-11-03T13:25:33","slug":"madonna-prepara-anuncio-da-turne-no-brasil","status":"publish","type":"post","link":"https:\/\/portalpopmais.com.br\/en\/madonna-prepara-anuncio-da-turne-no-brasil\/","title":{"rendered":"Madonna prepara an\u00fancio da turn\u00ea no Brasil, diz jornalista"},"content":{"rendered":"\n<p>A rainha do pop vem a\u00ed!!! Reservem o dinheiro.<a href=\"https:\/\/portalpopmais.com.br\/juliette-compara-o-proprio-show-com-turne-de-madonna\/\" data-type=\"post\" data-id=\"194303\"> <strong>Madonna<\/strong><\/a> est\u00e1 preste a fazer o an\u00fancio da sua mais nova turn\u00ea no Brasil. <strong><a href=\"http:\/\/twitter.com\/popmaisfm\" target=\"_blank\" rel=\"noopener\">&#8220;The Celebration Tour&#8221;<\/a><\/strong>, est\u00e1 comemorando 40 anos de carreira da cantora e est\u00e1 passando pela Europa, e tem datas marcadas at\u00e9 abril de 2024, que inclui Estados Unidos e M\u00e9xico tamb\u00e9m.<\/p>\n\n\n\n<p><strong>Leia Mais: <br><a href=\"https:\/\/portalpopmais.com.br\/heleninha-do-leblon-flagrada-catando-papelao\/\">Perdeu tudo? Fora da TV h\u00e1 anos, Heleninha do Leblon \u00e9 flagrada <\/a><br><a href=\"https:\/\/portalpopmais.com.br\/heleninha-do-leblon-flagrada-catando-papelao\/\">catando papel\u00e3o nas ruas do RJ<\/a><br><a href=\"https:\/\/portalpopmais.com.br\/jenny-miranda-e-eliminada-de-a-fazenda\/\">Pagou o pre\u00e7o! Jenny Miranda \u00e9 eliminada de A Fazenda 15<\/a><br><a href=\"https:\/\/portalpopmais.com.br\/neymar-fala-apos-cirurgia\/\">\u201cFoco na recupera\u00e7\u00e3o\u201d, diz Neymar ap\u00f3s cirurgia no joelho<\/a><\/strong><\/p>\n\n\n\n<p>As informa\u00e7\u00f5es s\u00e3o do jornalista Jos\u00e9 Norberto Flesch conhecido por adiantar os an\u00fancios de shows internacionais no Brasil. &#8220;\u00faltimos detalhes [est\u00e3o] sendo definidos&#8221;. &#8220;Mais informa\u00e7\u00f5es em breve&#8221;, disse nas redes sociais.<\/p>\n\n\n\n<p>Vale ressaltar que a turn\u00ea precisou ser adiada ap\u00f3s hospitaliza\u00e7\u00e3o de Madonna, e foi diagnosticada com uma <a href=\"https:\/\/portalpopmais.com.br\/\" target=\"_blank\" rel=\"noreferrer noopener\">infec\u00e7\u00e3o bacteriana grave<\/a>. Ela ficou v\u00e1rios dias internada. <\/p>\n\n\n\n<p>A \u00faltima vez de Madonna no Brasil foi em 2012 com a turn\u00ea &#8220;MDNA&#8221; e com isso j\u00e1 faz 11 anos que a rainha do pop n\u00e3o pisa em solo brasileiro. <\/p>\n\n\n\n<figure class=\"wp-block-embed is-type-rich is-provider-twitter wp-block-embed-twitter\"><div class=\"wp-block-embed__wrapper\">\n<blockquote class=\"twitter-tweet\" data-width=\"550\" data-dnt=\"true\"><p lang=\"pt\" dir=\"ltr\">Madonna prepara an\u00fancio de shows no Brasil.<br><br>\u00daltimos detalhes sendo definidos.<br><br>Mais informa\u00e7\u00f5es em breve.<\/p>&mdash; Jos\u00e9 Norberto Flesch (@jnflesch) <a href=\"https:\/\/twitter.com\/jnflesch\/status\/1720121098262438085?ref_src=twsrc%5Etfw\" target=\"_blank\" rel=\"noopener\">November 2, 2023<\/a><\/blockquote><script async src=\"https:\/\/platform.twitter.com\/widgets.js\" charset=\"utf-8\"><\/script>\n<\/div><\/figure>\n","protected":false},"excerpt":{"rendered":"<p>A rainha do pop vem a\u00ed!!! Reservem o dinheiro. Madonna est\u00e1 preste a fazer o an\u00fancio da sua mais nova turn\u00ea no Brasil. &#8220;The Celebration Tour&#8221;, est\u00e1 comemorando 40 anos de carreira da cantora e est\u00e1 passando pela Europa, e tem datas marcadas at\u00e9 abril de 2024, que inclui Estados Unidos e M\u00e9xico tamb\u00e9m. Leia [&hellip;]<\/p>\n","protected":false},"author":2,"featured_media":184093,"comment_status":"closed","ping_status":"open","sticky":false,"template":"","format":"standard","meta":{"footnotes":""},"categories":[154],"tags":[169],"class_list":["post-195971","post","type-post","status-publish","format-standard","has-post-thumbnail","hentry","category-musica","tag-madonna"],"_links":{"self":[{"href":"https:\/\/portalpopmais.com.br\/en\/wp-json\/wp\/v2\/posts\/195971","targetHints":{"allow":["GET"]}}],"collection":[{"href":"https:\/\/portalpopmais.com.br\/en\/wp-json\/wp\/v2\/posts"}],"about":[{"href":"https:\/\/portalpopmais.com.br\/en\/wp-json\/wp\/v2\/types\/post"}],"author":[{"embeddable":true,"href":"https:\/\/portalpopmais.com.br\/en\/wp-json\/wp\/v2\/users\/2"}],"replies":[{"embeddable":true,"href":"https:\/\/portalpopmais.com.br\/en\/wp-json\/wp\/v2\/comments?post=195971"}],"version-history":[{"count":0,"href":"https:\/\/portalpopmais.com.br\/en\/wp-json\/wp\/v2\/posts\/195971\/revisions"}],"wp:featuredmedia":[{"embeddable":true,"href":"https:\/\/portalpopmais.com.br\/en\/wp-json\/wp\/v2\/media\/184093"}],"wp:attachment":[{"href":"https:\/\/portalpopmais.com.br\/en\/wp-json\/wp\/v2\/media?parent=195971"}],"wp:term":[{"taxonomy":"category","embeddable":true,"href":"https:\/\/portalpopmais.com.br\/en\/wp-json\/wp\/v2\/categories?post=195971"},{"taxonomy":"post_tag","embeddable":true,"href":"https:\/\/portalpopmais.com.br\/en\/wp-json\/wp\/v2\/tags?post=195971"}],"curies":[{"name":"wp","href":"https:\/\/api.w.org\/{rel}","templated":true}]}}