{"id":196468,"date":"2023-11-09T18:53:20","date_gmt":"2023-11-09T21:53:20","guid":{"rendered":"https:\/\/portalpopmais.com.br\/?p=196468"},"modified":"2023-11-09T18:53:34","modified_gmt":"2023-11-09T21:53:34","slug":"letra-lembro-luccas-carlos","status":"publish","type":"post","link":"https:\/\/portalpopmais.com.br\/en\/letra-lembro-luccas-carlos\/","title":{"rendered":"Letra: &#8216;LEMBRO&#8217; &#8211; Luccas Carlos"},"content":{"rendered":"\n<p>Ap\u00f3s 6 anos do lan\u00e7amento de seu primeiro \u00e1lbum, o &#8220;UM&#8221;, seguido de mais outros 3 \u00e1lbuns ao longo de sua carreira, Luccas Carlos promove uma esp\u00e9cie de volta no tempo e lan\u00e7ou o disco &#8220;Dois&#8221; nesta ter\u00e7a feira (07), pelo selo slap, j\u00e1 dispon\u00edvel em todas as plataformas digitais. Com participa\u00e7\u00e3o de BK&#8217;, Yunk Vino e Maui, o projeto n\u00e3o chega a ser uma continuidade literal do disco &#8220;UM&#8221;, mas sim o reflexo de viv\u00eancias que o artista experimentou naquela \u00e9poca e que de alguma forma se repetiram no momento em que estava compondo o novo disco, o que o inspirou a chamar a nova obra de &#8220;Dois&#8221;.<\/p>\n\n\n\n<figure class=\"wp-block-embed is-type-video is-provider-youtube wp-block-embed-youtube wp-embed-aspect-4-3 wp-has-aspect-ratio\"><div class=\"wp-block-embed__wrapper\">\n<iframe loading=\"lazy\" title=\"Luccas Carlos, Nami - LEMBRO (Visualizer)\" width=\"880\" height=\"660\" src=\"https:\/\/www.youtube.com\/embed\/fVU9CnHX5x8?feature=oembed\" frameborder=\"0\" allow=\"accelerometer; autoplay; clipboard-write; encrypted-media; gyroscope; picture-in-picture; web-share\" referrerpolicy=\"strict-origin-when-cross-origin\" allowfullscreen><\/iframe>\n<\/div><\/figure>\n\n\n\n<h2 class=\"wp-block-heading\">Letra<\/h2>\n\n\n\n<p>[Verso 1: Luccas Carlos]<br>Eu acreditei em voc\u00ea<br>Mas me importei mais<br>Do que eu deveria<br>Eu acho que n\u00e3o era para ser<br>Parei para perceber<br>Que eu nem te conhecia<br>Eu tentei me adaptar<br>E mudar minhas manias<br>Pra ficar com voc\u00ea<br>Mas olha, n\u00e3o sou eu quem tem que entender<br>Espero que essa seja a \u00faltima vez<br>E n\u00e3o joga essa culpa em mim<br>Eu j\u00e1 aprendi com meu erro<br>Voc\u00ea n\u00e3o merece meu amor<br>E nem a aten\u00e7\u00e3o que eu te dou<br>E \u00e9 foda, eu sempre sinto se voc\u00ea n\u00e3o t\u00e1<br>Ainda tenho seu n\u00famero no celular<br>Mas hoje vai ser melhor se eu n\u00e3o te procurar<\/p>\n\n\n\n<p>[Refr\u00e3o: Luccas Carlos]<br>E nossas promessas?<br>Voc\u00ea me jurou que era amor<br>E as nossas conversas?<br>Pra voc\u00ea n\u00e3o foi nada<br>Eu era mais uma op\u00e7\u00e3o<br>\u00c9 que o tempo vai<br>Quando a chuva cai<br>Mais eu lembro<br>C\u00ea nem sabe mais<br>C\u00ea nem liga mais<br>Mas eu lembro<br>Olha, eu nem t\u00f4 com tempo mais<br>De correr atr\u00e1s de sentimento<br>\u00c9 que hoje \u00e9 tarde<br>Pra voc\u00ea querer voltar<\/p>\n\n\n\n<p>[Verso 2: Luccas Carlos]<br>Olhando nossas fotos no passado<br>O perigo estava logo ao lado<br>Eu n\u00e3o vi<br>Se eu soubesse<br>Que esse tipo de coisa acontece<br>Seu carinho n\u00e3o mais me aquece<br>N\u00e3o admite que ama, mas voc\u00ea nunca me esqueceu<br>Toda vez que a noite vem<br>E voc\u00ea pensa que t\u00e1 tudo bem<br>Sua mente te faz ref\u00e9m<br>De algo que n\u00e3o tem mais voltar<br>S\u00f3 n\u00e3o joga essa culpa em mim<br>Eu j\u00e1 aprendi com o meu erro<br>Voc\u00ea n\u00e3o merece meu amor<br>E nem a aten\u00e7\u00e3o que eu te dou<br>E eu n\u00e3o me importo se voc\u00ea n\u00e3o t\u00e1<br>Ainda tenho seu n\u00famero no celular<br>Mas hoje vai ser melhor se eu n\u00e3o te procurar<\/p>\n\n\n\n<p>[Refr\u00e3o: Luccas Carlos]<br>E nossas promessas?<br>Voc\u00ea me jurou que era amor<br>E as nossas conversas?<br>Pra voc\u00ea n\u00e3o foi nada<br>Eu era mais uma op\u00e7\u00e3o<br>\u00c9 que o tempo vai<br>Quando a chuva cai<br>Mais eu lembro<br>C\u00ea nem sabe mais<br>C\u00ea nem liga mais<br>Mas eu lembro<br>Olha, eu nem t\u00f4 com tempo mais<br>De correr atr\u00e1s de sentimento<br>\u00c9 que hoje \u00e9 tarde<br>Pra voc\u00ea querer voltar<\/p>\n","protected":false},"excerpt":{"rendered":"<p>Ap\u00f3s 6 anos do lan\u00e7amento de seu primeiro \u00e1lbum, o &#8220;UM&#8221;, seguido de mais outros 3 \u00e1lbuns ao longo de sua carreira, Luccas Carlos promove uma esp\u00e9cie de volta no tempo e lan\u00e7ou o disco &#8220;Dois&#8221; nesta ter\u00e7a feira (07), pelo selo slap, j\u00e1 dispon\u00edvel em todas as plataformas digitais. Com participa\u00e7\u00e3o de BK&#8217;, Yunk [&hellip;]<\/p>\n","protected":false},"author":2,"featured_media":196451,"comment_status":"closed","ping_status":"open","sticky":false,"template":"","format":"standard","meta":{"footnotes":""},"categories":[154],"tags":[3787],"class_list":["post-196468","post","type-post","status-publish","format-standard","has-post-thumbnail","hentry","category-musica","tag-luccas-carlos"],"_links":{"self":[{"href":"https:\/\/portalpopmais.com.br\/en\/wp-json\/wp\/v2\/posts\/196468","targetHints":{"allow":["GET"]}}],"collection":[{"href":"https:\/\/portalpopmais.com.br\/en\/wp-json\/wp\/v2\/posts"}],"about":[{"href":"https:\/\/portalpopmais.com.br\/en\/wp-json\/wp\/v2\/types\/post"}],"author":[{"embeddable":true,"href":"https:\/\/portalpopmais.com.br\/en\/wp-json\/wp\/v2\/users\/2"}],"replies":[{"embeddable":true,"href":"https:\/\/portalpopmais.com.br\/en\/wp-json\/wp\/v2\/comments?post=196468"}],"version-history":[{"count":0,"href":"https:\/\/portalpopmais.com.br\/en\/wp-json\/wp\/v2\/posts\/196468\/revisions"}],"wp:featuredmedia":[{"embeddable":true,"href":"https:\/\/portalpopmais.com.br\/en\/wp-json\/wp\/v2\/media\/196451"}],"wp:attachment":[{"href":"https:\/\/portalpopmais.com.br\/en\/wp-json\/wp\/v2\/media?parent=196468"}],"wp:term":[{"taxonomy":"category","embeddable":true,"href":"https:\/\/portalpopmais.com.br\/en\/wp-json\/wp\/v2\/categories?post=196468"},{"taxonomy":"post_tag","embeddable":true,"href":"https:\/\/portalpopmais.com.br\/en\/wp-json\/wp\/v2\/tags?post=196468"}],"curies":[{"name":"wp","href":"https:\/\/api.w.org\/{rel}","templated":true}]}}