{"id":196533,"date":"2023-11-10T10:00:00","date_gmt":"2023-11-10T13:00:00","guid":{"rendered":"https:\/\/portalpopmais.com.br\/?p=196533"},"modified":"2023-11-10T09:22:56","modified_gmt":"2023-11-10T12:22:56","slug":"vivian-amorim-criticas-sobre-seu-corpo","status":"publish","type":"post","link":"https:\/\/portalpopmais.com.br\/en\/vivian-amorim-criticas-sobre-seu-corpo\/","title":{"rendered":"Vivian Amorim se revolta com cr\u00edticas sobre seu corpo: &#8220;Parem de exigir perfei\u00e7\u00e3o&#8221;"},"content":{"rendered":"<p>A sociedade est\u00e1 cada vez mais doente com o uso da internet, dando opini\u00f5es onde n\u00e3o foram pedidas. Na semana, da morte da influenciadora <strong><a href=\"https:\/\/portalpopmais.com.br\/en\/noivo-comenta-morte-luana-andrade\/\" data-type=\"post\" data-id=\"196254\">Luana Andrade<\/a><\/strong>, ap\u00f3s fazer procedimento est\u00e9ticos, a ex-bbb, <strong><a href=\"http:\/\/twitter.com\/popmaisfm\" target=\"_blank\" rel=\"noopener\">Vivian Amorim<\/a> <\/strong>falou sobre as diversas cr\u00edticas que vem sofrendo, ap\u00f3s engordar. <\/p>\n\n\n\n<p><strong>Leia Mais: <br><a href=\"https:\/\/portalpopmais.com.br\/en\/soy-rebelde-show-do-rbd-no-rio-de-janeiro-termina-com-arrastoes-veja-video\/\">Soy rebelde! Show do RBD no Rio de Janeiro termina com arrast\u00f5es; veja v\u00eddeo<\/a><br><a href=\"https:\/\/portalpopmais.com.br\/en\/flora-matos-dispensa-feat-com-mano-brown\/\">Flora Matos dispensa feat com Mano Brown: \u201cComigo ou Anitta\u201d<\/a><br><a href=\"https:\/\/portalpopmais.com.br\/en\/letra-onde-voce-tava-pt-2-luccas-carlos\/\">Letra: \u2018\u200b\u200bONDE VOC\u00ca TAVA? pt. 2\u2019 \u2013 Luccas Carlos<\/a><\/strong><\/p>\n\n\n\n<p>M\u00e3e de Malu, de 1 ano e nove meses, a apresentadora destacou que ganhou alguns quilos ap\u00f3s a gesta\u00e7\u00e3o, mas s\u00e3o os internautas que ficam apontando que ela deveria voltar ao seu corpo de antes. &#8220;Deixa eu esclarecer um neg\u00f3cio rapidinho: n\u00e3o, eu n\u00e3o estou gr\u00e1vida e sim, eu engordei. Diariamente eu recebo pitacos por aqui sobre o meu corpo, a minha roupa, o meu cabelo, at\u00e9 sobre a cria\u00e7\u00e3o da minha pr\u00f3pria filha&#8221;, iniciou. <\/p>\n\n\n\n<p>Vivian Amorim disse que consegue ignorar todas as cr\u00edticas desde que saiu do BBB, mas ela enfatizou ser importante falar sobre o assunto. &#8220;E desde que eu sa\u00ed do <a href=\"https:\/\/portalpopmais.com.br\/en\/\">BBB, em 2017, <\/a>quando eu comecei a viver de forma exposta, fui ensinada a ignorar tudo, s\u00f3 que hoje eu achei importante papear com voc\u00eas sobre isso&#8221;.<\/p>\n\n\n\n<p>&#8220;N\u00f3s precisamos normalizar corpos reais, e eu n\u00e3o vou bancar a hip\u00f3crita n\u00e3o, porque se me perguntarem eu vou dizer que me sinto mais bonita quando estou mais magra, sim, e talvez j\u00e1, j\u00e1 e volte para a academia, quero emagrecer de novo, s\u00f3 que isso \u00e9 uma decis\u00e3o que s\u00f3 cabe a mim&#8221;, continuou. <\/p>\n\n\n\n<p>&#8220;Cada um tem o seu tempo, seu tempo, suas escolhas e esse \u00e9 o meu corpo depois de tantas transforma\u00e7\u00f5es. Eu tive filha, eu trintei e eu respeito tudo isso. Mas, se depender dos coment\u00e1rios que eu leio e da influ\u00eancia de v\u00e1rias e v\u00e1rias mulheres que fazem lipo hoje em dia como se fosse uma cirurgia simples e corriqueira, eu j\u00e1 teria me operado faz tempo&#8221;, completou Vivian Amorim. <\/p>\n\n\n\n<p>Na sequ\u00eancia, ela falou sobre a morte de Luana Andrade. &#8220;Ontem, infelizmente, todos n\u00f3s fomos surpreendidos pela not\u00edcia de que uma influenciadora teve complica\u00e7\u00f5es por conta de uma lipoaspira\u00e7\u00e3o e infelizmente veio a \u00f3bito. Que triste, meu Deus, t\u00e3o jovem cheia de vida. Aproveito para deixar aqui, meus sinceros sentimentos \u00e0 fam\u00edlia e ao noivo dela&#8221;, disse a ex-bbb.<\/p>\n\n\n\n<p> &#8220;Agora eu pergunto: quantas de n\u00f3s j\u00e1 n\u00e3o fez dietas malucas ou se entupiu de rem\u00e9dios para emagrecer? Quantas de n\u00f3s j\u00e1 pensou em fazer uma lipo para agradar os outros ou se encaixar nos padr\u00f5es? Eu n\u00e3o t\u00f4 dizendo que esse foi o caso dela, mas o caso dela nos convida a refletir&#8221;, completou Vivian Amorim. <\/p>\n\n\n\n<figure class=\"wp-block-embed is-type-rich is-provider-instagram wp-block-embed-instagram\"><div class=\"wp-block-embed__wrapper\">\nhttps:\/\/www.instagram.com\/reel\/CzcKXbnuS2D\/?utm_source=ig_embed&#038;ig_rid=d0fe503b-f0ea-41e4-b6b1-0d4b7dcf8fa8\n<\/div><\/figure>","protected":false},"excerpt":{"rendered":"<p>A sociedade est\u00e1 cada vez mais doente com o uso da internet, dando opini\u00f5es onde n\u00e3o foram pedidas. Na semana, da morte da influenciadora Luana Andrade, ap\u00f3s fazer procedimento est\u00e9ticos, a ex-bbb, Vivian Amorim falou sobre as diversas cr\u00edticas que vem sofrendo, ap\u00f3s engordar. Leia Mais: Soy rebelde! Show do RBD no Rio de Janeiro [&hellip;]<\/p>\n","protected":false},"author":2,"featured_media":196538,"comment_status":"closed","ping_status":"open","sticky":false,"template":"","format":"standard","meta":{"footnotes":""},"categories":[173],"tags":[15896],"class_list":["post-196533","post","type-post","status-publish","format-standard","has-post-thumbnail","hentry","category-celebridades","tag-vivian-amorim"],"_links":{"self":[{"href":"https:\/\/portalpopmais.com.br\/en\/wp-json\/wp\/v2\/posts\/196533","targetHints":{"allow":["GET"]}}],"collection":[{"href":"https:\/\/portalpopmais.com.br\/en\/wp-json\/wp\/v2\/posts"}],"about":[{"href":"https:\/\/portalpopmais.com.br\/en\/wp-json\/wp\/v2\/types\/post"}],"author":[{"embeddable":true,"href":"https:\/\/portalpopmais.com.br\/en\/wp-json\/wp\/v2\/users\/2"}],"replies":[{"embeddable":true,"href":"https:\/\/portalpopmais.com.br\/en\/wp-json\/wp\/v2\/comments?post=196533"}],"version-history":[{"count":0,"href":"https:\/\/portalpopmais.com.br\/en\/wp-json\/wp\/v2\/posts\/196533\/revisions"}],"wp:featuredmedia":[{"embeddable":true,"href":"https:\/\/portalpopmais.com.br\/en\/wp-json\/wp\/v2\/media\/196538"}],"wp:attachment":[{"href":"https:\/\/portalpopmais.com.br\/en\/wp-json\/wp\/v2\/media?parent=196533"}],"wp:term":[{"taxonomy":"category","embeddable":true,"href":"https:\/\/portalpopmais.com.br\/en\/wp-json\/wp\/v2\/categories?post=196533"},{"taxonomy":"post_tag","embeddable":true,"href":"https:\/\/portalpopmais.com.br\/en\/wp-json\/wp\/v2\/tags?post=196533"}],"curies":[{"name":"wp","href":"https:\/\/api.w.org\/{rel}","templated":true}]}}