{"id":196612,"date":"2023-11-11T12:57:28","date_gmt":"2023-11-11T15:57:28","guid":{"rendered":"https:\/\/portalpopmais.com.br\/?p=196612"},"modified":"2023-11-11T12:57:39","modified_gmt":"2023-11-11T15:57:39","slug":"lexa-desabafo-so-eu-sei-o-que-vivi","status":"publish","type":"post","link":"https:\/\/portalpopmais.com.br\/en\/lexa-desabafo-so-eu-sei-o-que-vivi\/","title":{"rendered":"Lexa desabafa sobre MC Guim\u00ea e cai no choro: \u2018S\u00f3 eu sei o que eu vivi\u2019"},"content":{"rendered":"<p>Na madrugada de hoje (11), a cantora <strong><a href=\"http:\/\/twitter.com\/popmaisfm\" target=\"_blank\" rel=\"noreferrer noopener\">Lexa<\/a> <\/strong>compartilhou em suas redes sociais um v\u00eddeo onde faz um longo desabafo, rebatendo as cr\u00edticas que tem recebido por postar uma s\u00e9rie de fotos exibindo sua felicidade, ap\u00f3s o t\u00e9rmino da rela\u00e7\u00e3o com MC Guim\u00ea. A funkeira escreveu na legenda: \u201ccarta aberta\u201d.<\/p>\n\n\n\n<p><em>\u201cPor muitos anos, eu sonhei com uma fam\u00edlia de margarina, eu fui condicionada a perdoar, a ficar tudo bem. S\u00f3 eu sei o que eu vivi. Eu vejo muitas pessoas falando v\u00e1rias coisas, mas no fundo s\u00f3 voc\u00ea sabe o que voc\u00ea viveu. S\u00f3 eu sei o que eu vivi, o que eu aguentei. O que voc\u00eas viram foi s\u00f3 a ponta do iceberg<\/em>\u201d, come\u00e7ou ela, destacando que os f\u00e3s n\u00e3o sabe pelo o que ela <a href=\"http:\/\/portalpopmais.com.br\/en\/\">passou<\/a>.<\/p>\n\n\n\n<div class=\"wp-block-group\"><div class=\"wp-block-group__inner-container is-layout-constrained wp-block-group-is-layout-constrained\">\n<h2 class=\"wp-block-heading\">Leia mais<\/h2>\n\n\n<ul class=\"wp-block-latest-posts__list is-grid columns-3 aligncenter wp-block-latest-posts\"><li><div class=\"wp-block-latest-posts__featured-image aligncenter\"><a href=\"https:\/\/portalpopmais.com.br\/en\/filho-de-cid-moreira-deixa-prisao-apos-decisao-da-justica-de-sao-paulo\/\" aria-label=\"Filho de Cid Moreira deixa pris\u00e3o ap\u00f3s decis\u00e3o da Justi\u00e7a de S\u00e3o Paulo\"><img loading=\"lazy\" decoding=\"async\" width=\"768\" height=\"456\" src=\"https:\/\/portalpopmais.com.br\/wp-content\/uploads\/2026\/04\/Filho-de-Cid-Moreira-deixa-prisao-apos-decisao-da-Justica-de-SP-768x456.webp\" class=\"attachment-medium size-medium wp-post-image\" alt=\"Filho de Cid Moreira deixa pris\u00e3o ap\u00f3s decis\u00e3o da Justi\u00e7a de SP\" style=\"\" srcset=\"https:\/\/portalpopmais.com.br\/wp-content\/uploads\/2026\/04\/Filho-de-Cid-Moreira-deixa-prisao-apos-decisao-da-Justica-de-SP-768x456.webp 768w, https:\/\/portalpopmais.com.br\/wp-content\/uploads\/2026\/04\/Filho-de-Cid-Moreira-deixa-prisao-apos-decisao-da-Justica-de-SP-1170x694.webp 1170w\" sizes=\"auto, (max-width: 768px) 100vw, 768px\" title=\"\"><\/a><\/div><a class=\"wp-block-latest-posts__post-title\" href=\"https:\/\/portalpopmais.com.br\/en\/filho-de-cid-moreira-deixa-prisao-apos-decisao-da-justica-de-sao-paulo\/\">Filho de Cid Moreira deixa pris\u00e3o ap\u00f3s decis\u00e3o da Justi\u00e7a de S\u00e3o Paulo<\/a><\/li>\n<li><div class=\"wp-block-latest-posts__featured-image aligncenter\"><a href=\"https:\/\/portalpopmais.com.br\/en\/letra-e-traducao-glamorous-life-lady-gaga\/\" aria-label=\"Letra e tradu\u00e7\u00e3o: \u201cGlamorous Life\u201d \u2013 Lady Gaga\"><img loading=\"lazy\" decoding=\"async\" width=\"768\" height=\"456\" src=\"https:\/\/portalpopmais.com.br\/wp-content\/uploads\/2026\/02\/Lady-Gaga-POP-Mais-768x456.png\" class=\"attachment-medium size-medium wp-post-image\" alt=\"Lady Gaga - POP Mais\" style=\"\" srcset=\"https:\/\/portalpopmais.com.br\/wp-content\/uploads\/2026\/02\/Lady-Gaga-POP-Mais-768x456.png 768w, https:\/\/portalpopmais.com.br\/wp-content\/uploads\/2026\/02\/Lady-Gaga-POP-Mais-1170x694.png 1170w, https:\/\/portalpopmais.com.br\/wp-content\/uploads\/2026\/02\/Lady-Gaga-POP-Mais-18x10.png 18w\" sizes=\"auto, (max-width: 768px) 100vw, 768px\" title=\"\"><\/a><\/div><a class=\"wp-block-latest-posts__post-title\" href=\"https:\/\/portalpopmais.com.br\/en\/letra-e-traducao-glamorous-life-lady-gaga\/\">Letra e tradu\u00e7\u00e3o: \u201cGlamorous Life\u201d \u2013 Lady Gaga<\/a><\/li>\n<li><div class=\"wp-block-latest-posts__featured-image aligncenter\"><a href=\"https:\/\/portalpopmais.com.br\/en\/letra-e-traducao-shape-of-a-woman-lady-gaga\/\" aria-label=\"Letra e tradu\u00e7\u00e3o: \u201cShape Of A Woman\u201d \u2013 Lady Gaga\"><img loading=\"lazy\" decoding=\"async\" width=\"768\" height=\"456\" src=\"https:\/\/portalpopmais.com.br\/wp-content\/uploads\/2026\/02\/Lady-Gaga-POP-Mais-768x456.png\" class=\"attachment-medium size-medium wp-post-image\" alt=\"Lady Gaga - POP Mais\" style=\"\" srcset=\"https:\/\/portalpopmais.com.br\/wp-content\/uploads\/2026\/02\/Lady-Gaga-POP-Mais-768x456.png 768w, https:\/\/portalpopmais.com.br\/wp-content\/uploads\/2026\/02\/Lady-Gaga-POP-Mais-1170x694.png 1170w, https:\/\/portalpopmais.com.br\/wp-content\/uploads\/2026\/02\/Lady-Gaga-POP-Mais-18x10.png 18w\" sizes=\"auto, (max-width: 768px) 100vw, 768px\" title=\"\"><\/a><\/div><a class=\"wp-block-latest-posts__post-title\" href=\"https:\/\/portalpopmais.com.br\/en\/letra-e-traducao-shape-of-a-woman-lady-gaga\/\">Letra e tradu\u00e7\u00e3o: \u201cShape Of A Woman\u201d \u2013 Lady Gaga<\/a><\/li>\n<li><div class=\"wp-block-latest-posts__featured-image aligncenter\"><a href=\"https:\/\/portalpopmais.com.br\/en\/whindersson-nunes-relata-confusao-mental-e-levanta-alerta-sobre-saude-psicologica\/\" aria-label=\"Whindersson Nunes relata confus\u00e3o mental e levanta alerta sobre sa\u00fade psicol\u00f3gica\"><img loading=\"lazy\" decoding=\"async\" width=\"768\" height=\"450\" src=\"https:\/\/portalpopmais.com.br\/wp-content\/uploads\/2026\/02\/whindersson-nunes-reproducao-instagram-768x450.jpg\" class=\"attachment-medium size-medium wp-post-image\" alt=\"\" style=\"\" srcset=\"https:\/\/portalpopmais.com.br\/wp-content\/uploads\/2026\/02\/whindersson-nunes-reproducao-instagram-768x450.jpg 768w, https:\/\/portalpopmais.com.br\/wp-content\/uploads\/2026\/02\/whindersson-nunes-reproducao-instagram-18x10.jpg 18w\" sizes=\"auto, (max-width: 768px) 100vw, 768px\" title=\"\"><\/a><\/div><a class=\"wp-block-latest-posts__post-title\" href=\"https:\/\/portalpopmais.com.br\/en\/whindersson-nunes-relata-confusao-mental-e-levanta-alerta-sobre-saude-psicologica\/\">Whindersson Nunes relata confus\u00e3o mental e levanta alerta sobre sa\u00fade psicol\u00f3gica<\/a><\/li>\n<li><div class=\"wp-block-latest-posts__featured-image aligncenter\"><a href=\"https:\/\/portalpopmais.com.br\/en\/leo-lins-ironiza-desabafo-de-thais-carla-e-reacende-polemica\/\" aria-label=\"Leo Lins ironiza desabafo de Thais Carla e reacende pol\u00eamica\"><img loading=\"lazy\" decoding=\"async\" width=\"768\" height=\"456\" src=\"https:\/\/portalpopmais.com.br\/wp-content\/uploads\/2026\/04\/thais-carla-768x456.png\" class=\"attachment-medium size-medium wp-post-image\" alt=\"thais carla\" style=\"\" srcset=\"https:\/\/portalpopmais.com.br\/wp-content\/uploads\/2026\/04\/thais-carla-768x456.png 768w, https:\/\/portalpopmais.com.br\/wp-content\/uploads\/2026\/04\/thais-carla-18x12.png 18w\" sizes=\"auto, (max-width: 768px) 100vw, 768px\" title=\"\"><\/a><\/div><a class=\"wp-block-latest-posts__post-title\" href=\"https:\/\/portalpopmais.com.br\/en\/leo-lins-ironiza-desabafo-de-thais-carla-e-reacende-polemica\/\">Leo Lins ironiza desabafo de Thais Carla e reacende pol\u00eamica<\/a><\/li>\n<li><div class=\"wp-block-latest-posts__featured-image aligncenter\"><a href=\"https:\/\/portalpopmais.com.br\/en\/pericia-independente-diz-que-pc-siqueira-foi-assassinado-entenda\/\" aria-label=\"Per\u00edcia independente diz que PC Siqueira foi assassinado; entenda\"><img loading=\"lazy\" decoding=\"async\" width=\"768\" height=\"456\" src=\"https:\/\/portalpopmais.com.br\/wp-content\/uploads\/2026\/01\/pc-siqueira-212026-768x456.jpg\" class=\"attachment-medium size-medium wp-post-image\" alt=\"\" style=\"\" srcset=\"https:\/\/portalpopmais.com.br\/wp-content\/uploads\/2026\/01\/pc-siqueira-212026-768x456.jpg 768w, https:\/\/portalpopmais.com.br\/wp-content\/uploads\/2026\/01\/pc-siqueira-212026-1170x694.jpg 1170w, https:\/\/portalpopmais.com.br\/wp-content\/uploads\/2026\/01\/pc-siqueira-212026-18x10.jpg 18w\" sizes=\"auto, (max-width: 768px) 100vw, 768px\" title=\"\"><\/a><\/div><a class=\"wp-block-latest-posts__post-title\" href=\"https:\/\/portalpopmais.com.br\/en\/pericia-independente-diz-que-pc-siqueira-foi-assassinado-entenda\/\">Per\u00edcia independente diz que PC Siqueira foi assassinado; entenda<\/a><\/li>\n<\/ul><\/div><\/div>\n\n\n\n<p>Lexa segue falando sobre \u201cdepend\u00eancia emocional\u201d: <em>\u201cEu demorei muito para identificar a minha depend\u00eancia emocional. N\u00e3o foi f\u00e1cil, porque eu estava vendo que eu estava passando por cima de tudo, disposta a qualquer coisa pra dar certo. Gra\u00e7as a Deus, hoje eu enxergo isso\u201d.<\/em><\/p>\n\n\n\n<p>Ao falar sobre as cr\u00edticas, Lexa chegou a chorar relatando a situa\u00e7\u00e3o: <em>\u201cEu s\u00f3 n\u00e3o posso ficar sendo atacada aqui por n\u00e3o estar chorando mais. T\u00f4 chorando agora porque eu t\u00f4 sufocada. Mas eu n\u00e3o posso ficar sofrendo. Voc\u00eas querem me ver sofrer? Porque sorrir t\u00e1 atingindo algumas pessoas, n\u00e3o entendo o porqu\u00ea\u201d.<\/em><\/p>\n\n\n\n<p><em>\u201cS\u00f3 eu sei o que eu vivi. Por muitas vezes, no in\u00edcio do meu outro relacionamento, eu ouvi que eu estava por interesse. E acho que est\u00e1 a\u00ed, o tempo provou que esse n\u00e3o \u00e9 o caso. E s\u00f3 eu sei tudo o que foi vivido. Eu s\u00f3 quero viver em paz daqui pra frente\u201d,<\/em> finalizou.<\/p>\n\n\n\n<figure class=\"wp-block-embed is-type-rich is-provider-instagram wp-block-embed-instagram\"><div class=\"wp-block-embed__wrapper\">\nhttps:\/\/www.instagram.com\/p\/CzfSm3ZL_1p\/\n<\/div><\/figure>","protected":false},"excerpt":{"rendered":"<p>Na madrugada de hoje (11), a cantora Lexa compartilhou em suas redes sociais um v\u00eddeo onde faz um longo desabafo, rebatendo as cr\u00edticas que tem recebido por postar uma s\u00e9rie de fotos exibindo sua felicidade, ap\u00f3s o t\u00e9rmino da rela\u00e7\u00e3o com MC Guim\u00ea. A funkeira escreveu na legenda: \u201ccarta aberta\u201d. \u201cPor muitos anos, eu sonhei [&hellip;]<\/p>\n","protected":false},"author":2,"featured_media":196614,"comment_status":"closed","ping_status":"open","sticky":false,"template":"","format":"standard","meta":{"footnotes":""},"categories":[173],"tags":[702],"class_list":["post-196612","post","type-post","status-publish","format-standard","has-post-thumbnail","hentry","category-celebridades","tag-lexa"],"_links":{"self":[{"href":"https:\/\/portalpopmais.com.br\/en\/wp-json\/wp\/v2\/posts\/196612","targetHints":{"allow":["GET"]}}],"collection":[{"href":"https:\/\/portalpopmais.com.br\/en\/wp-json\/wp\/v2\/posts"}],"about":[{"href":"https:\/\/portalpopmais.com.br\/en\/wp-json\/wp\/v2\/types\/post"}],"author":[{"embeddable":true,"href":"https:\/\/portalpopmais.com.br\/en\/wp-json\/wp\/v2\/users\/2"}],"replies":[{"embeddable":true,"href":"https:\/\/portalpopmais.com.br\/en\/wp-json\/wp\/v2\/comments?post=196612"}],"version-history":[{"count":0,"href":"https:\/\/portalpopmais.com.br\/en\/wp-json\/wp\/v2\/posts\/196612\/revisions"}],"wp:featuredmedia":[{"embeddable":true,"href":"https:\/\/portalpopmais.com.br\/en\/wp-json\/wp\/v2\/media\/196614"}],"wp:attachment":[{"href":"https:\/\/portalpopmais.com.br\/en\/wp-json\/wp\/v2\/media?parent=196612"}],"wp:term":[{"taxonomy":"category","embeddable":true,"href":"https:\/\/portalpopmais.com.br\/en\/wp-json\/wp\/v2\/categories?post=196612"},{"taxonomy":"post_tag","embeddable":true,"href":"https:\/\/portalpopmais.com.br\/en\/wp-json\/wp\/v2\/tags?post=196612"}],"curies":[{"name":"wp","href":"https:\/\/api.w.org\/{rel}","templated":true}]}}