{"id":196628,"date":"2023-11-12T09:51:15","date_gmt":"2023-11-12T12:51:15","guid":{"rendered":"https:\/\/portalpopmais.com.br\/?p=196628"},"modified":"2023-11-12T10:28:56","modified_gmt":"2023-11-12T13:28:56","slug":"felipeh-campos-ignora-ex-colega-sonia-abrao-no-teleton-veja-video","status":"publish","type":"post","link":"https:\/\/portalpopmais.com.br\/en\/felipeh-campos-ignora-ex-colega-sonia-abrao-no-teleton-veja-video\/","title":{"rendered":"Felipeh Campos ignora ex-colega Sonia Abr\u00e3o no Teleton e causa clim\u00e3o ao vivo; veja v\u00eddeo"},"content":{"rendered":"<p>Durante o <strong><a href=\"http:\/\/portalpopmais.com.br\/en\/\">Teleton<\/a><\/strong>, evento beneficente do SBT que arrecada doa\u00e7\u00f5es para a AACD (Associa\u00e7\u00e3o de Assist\u00eancia \u00e0 Crian\u00e7a Deficiente), o apresentador <strong>Felipeh Campos<\/strong> e a jornalista <strong><a href=\"http:\/\/twitter.com\/popmaisfm\" target=\"_blank\" rel=\"noopener\">Sonia Abr\u00e3o<\/a><\/strong> protagonizaram um clim\u00e3o nos palcos da atra\u00e7\u00e3o e deixou os internautas nervosos.<\/p>\n\n\n\n<p>Durante uma de suas falas, Felipeh, que trabalhou por anos ao lado de Sonia na RedeTV!, ignorou a presen\u00e7a da ex-colega de programa. Por sua vez, Sonia parece ter feito o mesmo.<\/p>\n\n\n\n<div class=\"wp-block-group\"><div class=\"wp-block-group__inner-container is-layout-constrained wp-block-group-is-layout-constrained\">\n<h2 class=\"wp-block-heading\">Leia mais<\/h2>\n\n\n<ul class=\"wp-block-latest-posts__list is-grid columns-3 wp-block-latest-posts\"><li><div class=\"wp-block-latest-posts__featured-image aligncenter\"><a href=\"https:\/\/portalpopmais.com.br\/en\/filho-de-cid-moreira-deixa-prisao-apos-decisao-da-justica-de-sao-paulo\/\" aria-label=\"Filho de Cid Moreira deixa pris\u00e3o ap\u00f3s decis\u00e3o da Justi\u00e7a de S\u00e3o Paulo\"><img loading=\"lazy\" decoding=\"async\" width=\"768\" height=\"456\" src=\"https:\/\/portalpopmais.com.br\/wp-content\/uploads\/2026\/04\/Filho-de-Cid-Moreira-deixa-prisao-apos-decisao-da-Justica-de-SP-768x456.webp\" class=\"attachment-medium size-medium wp-post-image\" alt=\"Filho de Cid Moreira deixa pris\u00e3o ap\u00f3s decis\u00e3o da Justi\u00e7a de SP\" style=\"\" srcset=\"https:\/\/portalpopmais.com.br\/wp-content\/uploads\/2026\/04\/Filho-de-Cid-Moreira-deixa-prisao-apos-decisao-da-Justica-de-SP-768x456.webp 768w, https:\/\/portalpopmais.com.br\/wp-content\/uploads\/2026\/04\/Filho-de-Cid-Moreira-deixa-prisao-apos-decisao-da-Justica-de-SP-1170x694.webp 1170w\" sizes=\"auto, (max-width: 768px) 100vw, 768px\" title=\"\"><\/a><\/div><a class=\"wp-block-latest-posts__post-title\" href=\"https:\/\/portalpopmais.com.br\/en\/filho-de-cid-moreira-deixa-prisao-apos-decisao-da-justica-de-sao-paulo\/\">Filho de Cid Moreira deixa pris\u00e3o ap\u00f3s decis\u00e3o da Justi\u00e7a de S\u00e3o Paulo<\/a><\/li>\n<li><div class=\"wp-block-latest-posts__featured-image aligncenter\"><a href=\"https:\/\/portalpopmais.com.br\/en\/whindersson-nunes-relata-confusao-mental-e-levanta-alerta-sobre-saude-psicologica\/\" aria-label=\"Whindersson Nunes relata confus\u00e3o mental e levanta alerta sobre sa\u00fade psicol\u00f3gica\"><img loading=\"lazy\" decoding=\"async\" width=\"768\" height=\"450\" src=\"https:\/\/portalpopmais.com.br\/wp-content\/uploads\/2026\/02\/whindersson-nunes-reproducao-instagram-768x450.jpg\" class=\"attachment-medium size-medium wp-post-image\" alt=\"\" style=\"\" srcset=\"https:\/\/portalpopmais.com.br\/wp-content\/uploads\/2026\/02\/whindersson-nunes-reproducao-instagram-768x450.jpg 768w, https:\/\/portalpopmais.com.br\/wp-content\/uploads\/2026\/02\/whindersson-nunes-reproducao-instagram-18x10.jpg 18w\" sizes=\"auto, (max-width: 768px) 100vw, 768px\" title=\"\"><\/a><\/div><a class=\"wp-block-latest-posts__post-title\" href=\"https:\/\/portalpopmais.com.br\/en\/whindersson-nunes-relata-confusao-mental-e-levanta-alerta-sobre-saude-psicologica\/\">Whindersson Nunes relata confus\u00e3o mental e levanta alerta sobre sa\u00fade psicol\u00f3gica<\/a><\/li>\n<li><div class=\"wp-block-latest-posts__featured-image aligncenter\"><a href=\"https:\/\/portalpopmais.com.br\/en\/leo-lins-ironiza-desabafo-de-thais-carla-e-reacende-polemica\/\" aria-label=\"Leo Lins ironiza desabafo de Thais Carla e reacende pol\u00eamica\"><img loading=\"lazy\" decoding=\"async\" width=\"768\" height=\"456\" src=\"https:\/\/portalpopmais.com.br\/wp-content\/uploads\/2026\/04\/thais-carla-768x456.png\" class=\"attachment-medium size-medium wp-post-image\" alt=\"thais carla\" style=\"\" srcset=\"https:\/\/portalpopmais.com.br\/wp-content\/uploads\/2026\/04\/thais-carla-768x456.png 768w, https:\/\/portalpopmais.com.br\/wp-content\/uploads\/2026\/04\/thais-carla-18x12.png 18w\" sizes=\"auto, (max-width: 768px) 100vw, 768px\" title=\"\"><\/a><\/div><a class=\"wp-block-latest-posts__post-title\" href=\"https:\/\/portalpopmais.com.br\/en\/leo-lins-ironiza-desabafo-de-thais-carla-e-reacende-polemica\/\">Leo Lins ironiza desabafo de Thais Carla e reacende pol\u00eamica<\/a><\/li>\n<li><div class=\"wp-block-latest-posts__featured-image aligncenter\"><a href=\"https:\/\/portalpopmais.com.br\/en\/pericia-independente-diz-que-pc-siqueira-foi-assassinado-entenda\/\" aria-label=\"Per\u00edcia independente diz que PC Siqueira foi assassinado; entenda\"><img loading=\"lazy\" decoding=\"async\" width=\"768\" height=\"456\" src=\"https:\/\/portalpopmais.com.br\/wp-content\/uploads\/2026\/01\/pc-siqueira-212026-768x456.jpg\" class=\"attachment-medium size-medium wp-post-image\" alt=\"\" style=\"\" srcset=\"https:\/\/portalpopmais.com.br\/wp-content\/uploads\/2026\/01\/pc-siqueira-212026-768x456.jpg 768w, https:\/\/portalpopmais.com.br\/wp-content\/uploads\/2026\/01\/pc-siqueira-212026-1170x694.jpg 1170w, https:\/\/portalpopmais.com.br\/wp-content\/uploads\/2026\/01\/pc-siqueira-212026-18x10.jpg 18w\" sizes=\"auto, (max-width: 768px) 100vw, 768px\" title=\"\"><\/a><\/div><a class=\"wp-block-latest-posts__post-title\" href=\"https:\/\/portalpopmais.com.br\/en\/pericia-independente-diz-que-pc-siqueira-foi-assassinado-entenda\/\">Per\u00edcia independente diz que PC Siqueira foi assassinado; entenda<\/a><\/li>\n<li><div class=\"wp-block-latest-posts__featured-image aligncenter\"><a href=\"https:\/\/portalpopmais.com.br\/en\/video-malevola-alves-e-mc-paiva-saem-no-tapa-em-shopping-de-sp\/\" aria-label=\"V\u00eddeo: Mal\u00e9vola Alves e MC Paiva saem no tapa em shopping de SP\"><img loading=\"lazy\" decoding=\"async\" width=\"768\" height=\"456\" src=\"https:\/\/portalpopmais.com.br\/wp-content\/uploads\/2026\/04\/Screenshot_20260430-062505-768x456.png\" class=\"attachment-medium size-medium wp-post-image\" alt=\"Screenshot 20260430 062505\" style=\"\" srcset=\"https:\/\/portalpopmais.com.br\/wp-content\/uploads\/2026\/04\/Screenshot_20260430-062505-768x456.png 768w, https:\/\/portalpopmais.com.br\/wp-content\/uploads\/2026\/04\/Screenshot_20260430-062505-18x10.png 18w\" sizes=\"auto, (max-width: 768px) 100vw, 768px\" title=\"\"><\/a><\/div><a class=\"wp-block-latest-posts__post-title\" href=\"https:\/\/portalpopmais.com.br\/en\/video-malevola-alves-e-mc-paiva-saem-no-tapa-em-shopping-de-sp\/\">V\u00eddeo: Mal\u00e9vola Alves e MC Paiva saem no tapa em shopping de SP<\/a><\/li>\n<li><div class=\"wp-block-latest-posts__featured-image aligncenter\"><a href=\"https:\/\/portalpopmais.com.br\/en\/cantor-envolvido-em-treta-com-daniela-mercury-edson-gomes-foi-acusado-por-deputada-conheci-uma-das-agredidas\/\" aria-label=\"Cantor envolvido em treta com Daniela Mercury, Edson Gomes foi acusado por deputada: &#8216;Conheci uma das agredidas&#8217;\"><img loading=\"lazy\" decoding=\"async\" width=\"768\" height=\"456\" src=\"https:\/\/portalpopmais.com.br\/wp-content\/uploads\/2026\/04\/whatsapp-image-2026-04-29-at-16.32.05-768x456.jpeg\" class=\"attachment-medium size-medium wp-post-image\" alt=\"whatsapp image 2026 04 29 at 16.32.05\" style=\"\" srcset=\"https:\/\/portalpopmais.com.br\/wp-content\/uploads\/2026\/04\/whatsapp-image-2026-04-29-at-16.32.05-768x456.jpeg 768w, https:\/\/portalpopmais.com.br\/wp-content\/uploads\/2026\/04\/whatsapp-image-2026-04-29-at-16.32.05-18x12.jpeg 18w\" sizes=\"auto, (max-width: 768px) 100vw, 768px\" title=\"\"><\/a><\/div><a class=\"wp-block-latest-posts__post-title\" href=\"https:\/\/portalpopmais.com.br\/en\/cantor-envolvido-em-treta-com-daniela-mercury-edson-gomes-foi-acusado-por-deputada-conheci-uma-das-agredidas\/\">Cantor envolvido em treta com Daniela Mercury, Edson Gomes foi acusado por deputada: &#8216;Conheci uma das agredidas&#8217;<\/a><\/li>\n<\/ul><\/div><\/div>\n\n\n\n<p>Tudo aconteceu quando o apresentador assumiu o microfone para pedir doa\u00e7\u00f5es enquanto fala os nomes de algumas celebridades presentes no palco. Por\u00e9m, ele n\u00e3o falou o nome da Sonia.<\/p>\n\n\n\n<p>&#8220;Michelle, Tirulipa, Flor, Marlei, enfim, todo mundo a\u00ed no palco, fazendo a maior farra, porque PIX, pessoal, \u00e9 a palavra mais amada do Brasil&#8221;, disse Felipeh, e enquanto isso, Sonia ficou de cabe\u00e7a abaixada durante toda a fala.<\/p>\n\n\n\n<figure class=\"wp-block-embed is-type-rich is-provider-twitter wp-block-embed-twitter\"><div class=\"wp-block-embed__wrapper\">\n<blockquote class=\"twitter-tweet\" data-width=\"550\" data-dnt=\"true\"><p lang=\"pt\" dir=\"ltr\">O clim\u00e3o entre Felipeh Campos e S\u00f4nia Abr\u00e3o gritou aqui&#8230; \ud83d\udde3\ufe0f<br><br> <a href=\"https:\/\/twitter.com\/hashtag\/Teleton?src=hash&amp;ref_src=twsrc%5Etfw\" target=\"_blank\" rel=\"noopener\">#Teleton<\/a> <a href=\"https:\/\/twitter.com\/hashtag\/Teleton2023?src=hash&amp;ref_src=twsrc%5Etfw\" target=\"_blank\" rel=\"noopener\">#Teleton2023<\/a> <a href=\"https:\/\/t.co\/W9xptPiPmg\">pic.twitter.com\/W9xptPiPmg<\/a><\/p>&mdash; Henrique Brinco (@brinco) <a href=\"https:\/\/twitter.com\/brinco\/status\/1723373562336096653?ref_src=twsrc%5Etfw\" target=\"_blank\" rel=\"noopener\">November 11, 2023<\/a><\/blockquote><script async src=\"https:\/\/platform.twitter.com\/widgets.js\" charset=\"utf-8\"><\/script>\n<\/div><\/figure>\n\n\n\n<p>Felipeh Campos, que trabalhou durante anos com Sonia Abr\u00e3o, saiu do programa &#8220;A Tarde \u00e9 Sua&#8221;, do SBT, no ano passado.<\/p>\n\n\n\n<p>Al\u00e9m disso, recentemente, em seu programa Link Podcast, o Felipeh recebeu uma pergunta de um internauta questionando por quando Sonia iria aparecer no programa, ent\u00e3o ele mandou a resposta: \u201cNunca.&#8221;<\/p>\n\n\n\n<p>O jornalista fez parte do time de comentaristas do programa \u201cA Tarde \u00e9 Sua\u201d durante oito anos (2014-2022). Ele quebrou seu contrato na \u00e9poca para poder trabalhar na Jovem Pan. Na \u00e9poca em que anunciou sua sa\u00edda, ele disse que n\u00e3o houve atrito para nenhum dos dois. Por\u00e9m, atitudes dele provam o contr\u00e1rio.<\/p>","protected":false},"excerpt":{"rendered":"<p>Durante o Teleton, evento beneficente do SBT que arrecada doa\u00e7\u00f5es para a AACD (Associa\u00e7\u00e3o de Assist\u00eancia \u00e0 Crian\u00e7a Deficiente), o apresentador Felipeh Campos e a jornalista Sonia Abr\u00e3o protagonizaram um clim\u00e3o nos palcos da atra\u00e7\u00e3o e deixou os internautas nervosos. Durante uma de suas falas, Felipeh, que trabalhou por anos ao lado de Sonia na [&hellip;]<\/p>\n","protected":false},"author":2,"featured_media":196630,"comment_status":"closed","ping_status":"open","sticky":false,"template":"","format":"standard","meta":{"footnotes":""},"categories":[181],"tags":[11219,778],"class_list":["post-196628","post","type-post","status-publish","format-standard","has-post-thumbnail","hentry","category-televisao","tag-felipeh-campos","tag-sonia-abrao"],"_links":{"self":[{"href":"https:\/\/portalpopmais.com.br\/en\/wp-json\/wp\/v2\/posts\/196628","targetHints":{"allow":["GET"]}}],"collection":[{"href":"https:\/\/portalpopmais.com.br\/en\/wp-json\/wp\/v2\/posts"}],"about":[{"href":"https:\/\/portalpopmais.com.br\/en\/wp-json\/wp\/v2\/types\/post"}],"author":[{"embeddable":true,"href":"https:\/\/portalpopmais.com.br\/en\/wp-json\/wp\/v2\/users\/2"}],"replies":[{"embeddable":true,"href":"https:\/\/portalpopmais.com.br\/en\/wp-json\/wp\/v2\/comments?post=196628"}],"version-history":[{"count":0,"href":"https:\/\/portalpopmais.com.br\/en\/wp-json\/wp\/v2\/posts\/196628\/revisions"}],"wp:featuredmedia":[{"embeddable":true,"href":"https:\/\/portalpopmais.com.br\/en\/wp-json\/wp\/v2\/media\/196630"}],"wp:attachment":[{"href":"https:\/\/portalpopmais.com.br\/en\/wp-json\/wp\/v2\/media?parent=196628"}],"wp:term":[{"taxonomy":"category","embeddable":true,"href":"https:\/\/portalpopmais.com.br\/en\/wp-json\/wp\/v2\/categories?post=196628"},{"taxonomy":"post_tag","embeddable":true,"href":"https:\/\/portalpopmais.com.br\/en\/wp-json\/wp\/v2\/tags?post=196628"}],"curies":[{"name":"wp","href":"https:\/\/api.w.org\/{rel}","templated":true}]}}