{"id":196688,"date":"2023-11-13T13:38:26","date_gmt":"2023-11-13T16:38:26","guid":{"rendered":"https:\/\/portalpopmais.com.br\/?p=196688"},"modified":"2023-11-13T13:41:14","modified_gmt":"2023-11-13T16:41:14","slug":"dancarino-de-lexa-demitido-do-bale","status":"publish","type":"post","link":"https:\/\/portalpopmais.com.br\/en\/dancarino-de-lexa-demitido-do-bale\/","title":{"rendered":"Dan\u00e7arino de Lexa exp\u00f5e que foi demitido da equipe do bal\u00e9"},"content":{"rendered":"<p>DEMITIDO! <strong><a href=\"http:\/\/twitter.com\/popmaisfm\" target=\"_blank\" rel=\"noopener\">Gabriel<\/a><\/strong>, o dan\u00e7arino apontado como piv\u00f4 da separa\u00e7\u00e3o da <a href=\"https:\/\/portalpopmais.com.br\/en\/lexa-desabafo-so-eu-sei-o-que-vivi\/\" data-type=\"post\" data-id=\"196612\"><strong>Lexa<\/strong> <\/a>e <strong><a href=\"https:\/\/portalpopmais.com.br\/en\/\">MC Guim\u00ea<\/a><\/strong>, contou que recebeu um e-mail da equipe da cantora informando que ele n\u00e3o fazia mais parte do bal\u00e9 da funkeira.<\/p>\n\n\n\n<p><strong>Leia Mais: <br><a href=\"https:\/\/portalpopmais.com.br\/en\/noah-schnapp-debocha-de-palestinos\/\">Noah Schnapp debocha de palestinos em novo v\u00eddeo<\/a><br><a href=\"https:\/\/portalpopmais.com.br\/en\/evento-evangelico-de-alagoas-piranha-para-jesus-gera-polemica\/\">Evento evang\u00e9lico de Alagoas, \u201cPiranhas para Jesus\u201d gera pol\u00eamica<\/a><br><a href=\"https:\/\/portalpopmais.com.br\/en\/juliette-deixa-empresa-fundada-anitta\/\">Juliette deixa a empresa fundada por Anitta: \u2018Comum acordo\u2019<\/a><\/strong><\/p>\n\n\n\n<p>\u201cSr. Felinto n\u00e3o temos nenhuma previs\u00e3o de escalas para o sr. Sendo assim aconselho a manter sua vida profissinal com os demais artistas que deseje expor sua dan\u00e7a e n\u00e3o conte mais com as presta\u00e7\u00f5es de servi\u00e7os com a ferrattry empreendimentos&#8221;, dizia a mensagem.<\/p>\n\n\n\n<p>Gabriel estava na equipe de Lexa desde 2020, quando eles se conheceram e passaram a trabalhar juntos.\u00a0 Ele chegou a fazer shows nacionais e internacionais, festivais e at\u00e9 mesmo em apari\u00e7\u00f5es na TV.\u00a0<\/p>\n\n\n\n<p><\/p>","protected":false},"excerpt":{"rendered":"<p>DEMITIDO! Gabriel, o dan\u00e7arino apontado como piv\u00f4 da separa\u00e7\u00e3o da Lexa e MC Guim\u00ea, contou que recebeu um e-mail da equipe da cantora informando que ele n\u00e3o fazia mais parte do bal\u00e9 da funkeira. Leia Mais: Noah Schnapp debocha de palestinos em novo v\u00eddeoEvento evang\u00e9lico de Alagoas, \u201cPiranhas para Jesus\u201d gera pol\u00eamicaJuliette deixa a empresa [&hellip;]<\/p>\n","protected":false},"author":2,"featured_media":196699,"comment_status":"closed","ping_status":"open","sticky":false,"template":"","format":"standard","meta":{"footnotes":""},"categories":[173],"tags":[13470,702],"class_list":["post-196688","post","type-post","status-publish","format-standard","has-post-thumbnail","hentry","category-celebridades","tag-gabriel","tag-lexa"],"_links":{"self":[{"href":"https:\/\/portalpopmais.com.br\/en\/wp-json\/wp\/v2\/posts\/196688","targetHints":{"allow":["GET"]}}],"collection":[{"href":"https:\/\/portalpopmais.com.br\/en\/wp-json\/wp\/v2\/posts"}],"about":[{"href":"https:\/\/portalpopmais.com.br\/en\/wp-json\/wp\/v2\/types\/post"}],"author":[{"embeddable":true,"href":"https:\/\/portalpopmais.com.br\/en\/wp-json\/wp\/v2\/users\/2"}],"replies":[{"embeddable":true,"href":"https:\/\/portalpopmais.com.br\/en\/wp-json\/wp\/v2\/comments?post=196688"}],"version-history":[{"count":0,"href":"https:\/\/portalpopmais.com.br\/en\/wp-json\/wp\/v2\/posts\/196688\/revisions"}],"wp:featuredmedia":[{"embeddable":true,"href":"https:\/\/portalpopmais.com.br\/en\/wp-json\/wp\/v2\/media\/196699"}],"wp:attachment":[{"href":"https:\/\/portalpopmais.com.br\/en\/wp-json\/wp\/v2\/media?parent=196688"}],"wp:term":[{"taxonomy":"category","embeddable":true,"href":"https:\/\/portalpopmais.com.br\/en\/wp-json\/wp\/v2\/categories?post=196688"},{"taxonomy":"post_tag","embeddable":true,"href":"https:\/\/portalpopmais.com.br\/en\/wp-json\/wp\/v2\/tags?post=196688"}],"curies":[{"name":"wp","href":"https:\/\/api.w.org\/{rel}","templated":true}]}}