{"id":19732,"date":"2019-03-24T19:06:28","date_gmt":"2019-03-24T22:06:28","guid":{"rendered":"http:\/\/popmais.com.br\/?p=19732"},"modified":"2019-03-24T19:06:28","modified_gmt":"2019-03-24T22:06:28","slug":"netflix-anuncia-novidades-da-5a-temporada-de-black-mirror","status":"publish","type":"post","link":"https:\/\/portalpopmais.com.br\/en\/netflix-anuncia-novidades-da-5a-temporada-de-black-mirror\/","title":{"rendered":"Netflix anuncia novidades da 5\u00aa temporada de &#8220;Black Mirror&#8221;"},"content":{"rendered":"<p>A Netflix revelou algumas novidades da 5\u00aa temporada de &#8216;Black Mirror&#8217;. A plataforma de streaming divulgou o nome de dois atores que ser\u00e3o protagonistas de epis\u00f3dios da nova temporada.<\/p>\n<p><strong>Anthony Mackie<\/strong>, que interpreta o\u00a0<em>Falc\u00e3o<\/em>, e\u00a0<strong>Yahya Abdul-Mateen<\/strong>,\u00a0que deu vida ao vil\u00e3o <em>Arraia Negra<\/em> no filme <em>&#8216;Aquaman&#8217;<\/em>. Apesar da divulga\u00e7\u00e3o de parte do elenco, a nova temporada de &#8216;Black Mirror&#8217; ainda n\u00e3o tem data de estreia prevista e sua produ\u00e7\u00e3o est\u00e1 em sigilo absoluto.<\/p>\n<p>&nbsp;<\/p>","protected":false},"excerpt":{"rendered":"<p>A Netflix revelou algumas novidades da 5\u00aa temporada de &#8216;Black Mirror&#8217;. A plataforma de streaming divulgou o nome de dois atores que ser\u00e3o protagonistas de epis\u00f3dios da nova temporada. Anthony Mackie, que interpreta o\u00a0Falc\u00e3o, e\u00a0Yahya Abdul-Mateen,\u00a0que deu vida ao vil\u00e3o Arraia Negra no filme &#8216;Aquaman&#8217;. Apesar da divulga\u00e7\u00e3o de parte do elenco, a nova temporada [&hellip;]<\/p>\n","protected":false},"author":2,"featured_media":19733,"comment_status":"open","ping_status":"open","sticky":false,"template":"","format":"standard","meta":{"footnotes":""},"categories":[174],"tags":[526,231],"class_list":["post-19732","post","type-post","status-publish","format-standard","has-post-thumbnail","hentry","category-filmes-series","tag-black-mirror","tag-netflix"],"_links":{"self":[{"href":"https:\/\/portalpopmais.com.br\/en\/wp-json\/wp\/v2\/posts\/19732","targetHints":{"allow":["GET"]}}],"collection":[{"href":"https:\/\/portalpopmais.com.br\/en\/wp-json\/wp\/v2\/posts"}],"about":[{"href":"https:\/\/portalpopmais.com.br\/en\/wp-json\/wp\/v2\/types\/post"}],"author":[{"embeddable":true,"href":"https:\/\/portalpopmais.com.br\/en\/wp-json\/wp\/v2\/users\/2"}],"replies":[{"embeddable":true,"href":"https:\/\/portalpopmais.com.br\/en\/wp-json\/wp\/v2\/comments?post=19732"}],"version-history":[{"count":0,"href":"https:\/\/portalpopmais.com.br\/en\/wp-json\/wp\/v2\/posts\/19732\/revisions"}],"wp:featuredmedia":[{"embeddable":true,"href":"https:\/\/portalpopmais.com.br\/en\/wp-json\/"}],"wp:attachment":[{"href":"https:\/\/portalpopmais.com.br\/en\/wp-json\/wp\/v2\/media?parent=19732"}],"wp:term":[{"taxonomy":"category","embeddable":true,"href":"https:\/\/portalpopmais.com.br\/en\/wp-json\/wp\/v2\/categories?post=19732"},{"taxonomy":"post_tag","embeddable":true,"href":"https:\/\/portalpopmais.com.br\/en\/wp-json\/wp\/v2\/tags?post=19732"}],"curies":[{"name":"wp","href":"https:\/\/api.w.org\/{rel}","templated":true}]}}