{"id":197427,"date":"2023-11-23T08:10:32","date_gmt":"2023-11-23T11:10:32","guid":{"rendered":"https:\/\/portalpopmais.com.br\/?p=197427"},"modified":"2023-11-23T08:10:44","modified_gmt":"2023-11-23T11:10:44","slug":"letra-eu-ofereco-flores-roberto-carlos","status":"publish","type":"post","link":"https:\/\/portalpopmais.com.br\/en\/letra-eu-ofereco-flores-roberto-carlos\/","title":{"rendered":"Letra: &#8216;Eu Ofere\u00e7o Flores&#8217; &#8211; Roberto Carlos"},"content":{"rendered":"<p>Nesta quinta-feira (23), <strong><a href=\"https:\/\/portalpopmais.com.br\/en\/paula-fernandes-suposto-romance-roberto-carlos\/\" data-type=\"post\" data-id=\"168587\">Roberto Carlos<\/a><\/strong> lan\u00e7ou a faixa in\u00e9dita &#8216;Eu Ofere\u00e7o Flores&#8217;. A faixa j\u00e1 havia sido apresentada anterioremente em abril deste ano, durante um show no Parque de Exposi\u00e7\u00f5es Carlos Caiado Barbosa.<\/p>\n\n\n\n<p>A letra tem composi\u00e7\u00e3o assinada pelo pr\u00f3prio Roberto e enaltece o carinho dos f\u00e3s que o acompanham h\u00e1 <a href=\"http:\/\/twitter.com\/popmaisfm\" target=\"_blank\" rel=\"noopener\">d\u00e9cadas<\/a>.<\/p>\n\n\n\n<h2 class=\"wp-block-heading\">Letra<\/h2>\n\n\n\n<p>Eu quero agradecer<br>Por tudo que voc\u00ea<br>De bom me faz sentir<br>Por tantas emo\u00e7\u00f5es<br>Voc\u00ea me viu chorar<br>Voc\u00ea me faz sorrir<br>E as vezes que eu sofri<br>Voc\u00ea estava aqui<br>Me dando a sua m\u00e3o<br>Seu ombro e seu afago<br>Eu agrade\u00e7o e trago<br>Dentro do cora\u00e7\u00e3o<br>Olhares e sorrisos<br>\u00c9 tudo que eu preciso<br>Sentir nesses momentos<br>No cora\u00e7\u00e3o, na alma<br>O aplauso que me acalma<br>Alivia os sofrimentos<br>Olhando pra voc\u00eas<br>Eu vejo esses sorrisos<br>Que enfeitam minha vida<br>De todo cora\u00e7\u00e3o<br>De tudo isso ent\u00e3o<br>Eu ofere\u00e7o flores<br>Olhares e sorrisos<br>S\u00e3o coisas que eu preciso<br>Sentir nesse momento<br>No cora\u00e7\u00e3o, na alma<br>O aplauso que me acalma<br>Alivia os sofrimentos<br>Olhando pra voc\u00eas<br>Eu vejo esses sorrisos<br>Que enfeitam minha vida<br>De alegria e cores<br>De todo cora\u00e7\u00e3o<br>De tudo isso ent\u00e3o<br>Eu ofere\u00e7o flores<br>Eu ofere\u00e7o flores\u201d<\/p>","protected":false},"excerpt":{"rendered":"<p>Nesta quinta-feira (23), Roberto Carlos lan\u00e7ou a faixa in\u00e9dita &#8216;Eu Ofere\u00e7o Flores&#8217;. A faixa j\u00e1 havia sido apresentada anterioremente em abril deste ano, durante um show no Parque de Exposi\u00e7\u00f5es Carlos Caiado Barbosa. A letra tem composi\u00e7\u00e3o assinada pelo pr\u00f3prio Roberto e enaltece o carinho dos f\u00e3s que o acompanham h\u00e1 d\u00e9cadas. Letra Eu quero [&hellip;]<\/p>\n","protected":false},"author":2,"featured_media":108718,"comment_status":"closed","ping_status":"open","sticky":false,"template":"","format":"standard","meta":{"footnotes":""},"categories":[154],"tags":[1909],"class_list":["post-197427","post","type-post","status-publish","format-standard","has-post-thumbnail","hentry","category-musica","tag-roberto-carlos"],"_links":{"self":[{"href":"https:\/\/portalpopmais.com.br\/en\/wp-json\/wp\/v2\/posts\/197427","targetHints":{"allow":["GET"]}}],"collection":[{"href":"https:\/\/portalpopmais.com.br\/en\/wp-json\/wp\/v2\/posts"}],"about":[{"href":"https:\/\/portalpopmais.com.br\/en\/wp-json\/wp\/v2\/types\/post"}],"author":[{"embeddable":true,"href":"https:\/\/portalpopmais.com.br\/en\/wp-json\/wp\/v2\/users\/2"}],"replies":[{"embeddable":true,"href":"https:\/\/portalpopmais.com.br\/en\/wp-json\/wp\/v2\/comments?post=197427"}],"version-history":[{"count":0,"href":"https:\/\/portalpopmais.com.br\/en\/wp-json\/wp\/v2\/posts\/197427\/revisions"}],"wp:featuredmedia":[{"embeddable":true,"href":"https:\/\/portalpopmais.com.br\/en\/wp-json\/wp\/v2\/media\/108718"}],"wp:attachment":[{"href":"https:\/\/portalpopmais.com.br\/en\/wp-json\/wp\/v2\/media?parent=197427"}],"wp:term":[{"taxonomy":"category","embeddable":true,"href":"https:\/\/portalpopmais.com.br\/en\/wp-json\/wp\/v2\/categories?post=197427"},{"taxonomy":"post_tag","embeddable":true,"href":"https:\/\/portalpopmais.com.br\/en\/wp-json\/wp\/v2\/tags?post=197427"}],"curies":[{"name":"wp","href":"https:\/\/api.w.org\/{rel}","templated":true}]}}