{"id":198170,"date":"2023-12-03T08:50:12","date_gmt":"2023-12-03T11:50:12","guid":{"rendered":"https:\/\/portalpopmais.com.br\/?p=198170"},"modified":"2023-12-03T08:50:22","modified_gmt":"2023-12-03T11:50:22","slug":"motorista-kayky-brito-vereador","status":"publish","type":"post","link":"https:\/\/portalpopmais.com.br\/en\/motorista-kayky-brito-vereador\/","title":{"rendered":"Motorista que atropelou Kayky Brito quer ser vereador"},"content":{"rendered":"<p><strong>Diones da Silva Coelho<\/strong>, o motorista que atropelou o ator <a href=\"https:\/\/portalpopmais.com.br\/en\/motorista-kayky-brito-atualiza-bio\/\" data-type=\"post\" data-id=\"194666\">Kayky Brito em setembro de 2023<\/a>, contou que pretende entrar para a pol\u00edtica. Em uma conversa com os f\u00e3s nas redes sociais, ele revelou que pretende se candidatar ao carga de vereador nas pr\u00f3ximas elei\u00e7\u00f5es no <a href=\"http:\/\/twitter.com\/popmaisfm\" target=\"_blank\" rel=\"noopener\">Rio de Janeiro<\/a>.<\/p>\n\n\n\n<p><em>&#8220;Sim, pretendo vir candidato nessa pr\u00f3xima elei\u00e7\u00e3o no Rio de Janeiro. \u00c9 algo que j\u00e1 venho conversando com pessoas influentes, em off, n\u00e9!? Mais para frente isso vai ser formalizado. Creio que tem muita coisa boa pra ser feita, para agregar pra gente que precisa. Muitas \u00e1reas que precisam ser melhoradas, pessoas que precisam ter voz e serem atendidas. Ent\u00e3o, sim, eu pretendo. Mais para frente falarei mais sobre o assunto, quando estiver mais concreto&#8221;<\/em>, disse ele.<\/p>\n\n\n\n<div class=\"wp-block-group\"><div class=\"wp-block-group__inner-container is-layout-constrained wp-block-group-is-layout-constrained\">\n<h2 class=\"wp-block-heading\">Leia mais<\/h2>\n\n\n<ul class=\"wp-block-latest-posts__list is-grid columns-3 aligncenter wp-block-latest-posts\"><li><div class=\"wp-block-latest-posts__featured-image aligncenter\"><a href=\"https:\/\/portalpopmais.com.br\/en\/bella-campos-fala-pela-primeira-vez-sobre-treta-com-caua-reymond\/\" aria-label=\"Bella Campos fala pela primeira vez sobre treta com Cau\u00e3 Reymond\"><img loading=\"lazy\" decoding=\"async\" width=\"768\" height=\"456\" src=\"https:\/\/portalpopmais.com.br\/wp-content\/uploads\/2026\/04\/3tid47cvo6t8ib3y2zx98kd0w-768x456.jpg\" class=\"attachment-medium size-medium wp-post-image\" alt=\"3tid47cvo6t8ib3y2zx98kd0w\" style=\"\" srcset=\"https:\/\/portalpopmais.com.br\/wp-content\/uploads\/2026\/04\/3tid47cvo6t8ib3y2zx98kd0w-768x456.jpg 768w, https:\/\/portalpopmais.com.br\/wp-content\/uploads\/2026\/04\/3tid47cvo6t8ib3y2zx98kd0w-18x10.jpg 18w\" sizes=\"auto, (max-width: 768px) 100vw, 768px\" title=\"\"><\/a><\/div><a class=\"wp-block-latest-posts__post-title\" href=\"https:\/\/portalpopmais.com.br\/en\/bella-campos-fala-pela-primeira-vez-sobre-treta-com-caua-reymond\/\">Bella Campos fala pela primeira vez sobre treta com Cau\u00e3 Reymond<\/a><\/li>\n<li><div class=\"wp-block-latest-posts__featured-image aligncenter\"><a href=\"https:\/\/portalpopmais.com.br\/en\/stenio-garcia-passa-mal-e-da-entrada-em-hospital-apos-treta-com-as-filhas\/\" aria-label=\"St\u00eanio Garcia passa mal e d\u00e1 entrada em hospital ap\u00f3s treta com as filhas\"><img loading=\"lazy\" decoding=\"async\" width=\"768\" height=\"456\" src=\"https:\/\/portalpopmais.com.br\/wp-content\/uploads\/2025\/07\/stenio-garcia-768x456.jpg\" class=\"attachment-medium size-medium wp-post-image\" alt=\"\" style=\"\" srcset=\"https:\/\/portalpopmais.com.br\/wp-content\/uploads\/2025\/07\/stenio-garcia-768x456.jpg 768w, https:\/\/portalpopmais.com.br\/wp-content\/uploads\/2025\/07\/stenio-garcia-1170x694.jpg 1170w\" sizes=\"auto, (max-width: 768px) 100vw, 768px\" title=\"\"><\/a><\/div><a class=\"wp-block-latest-posts__post-title\" href=\"https:\/\/portalpopmais.com.br\/en\/stenio-garcia-passa-mal-e-da-entrada-em-hospital-apos-treta-com-as-filhas\/\">St\u00eanio Garcia passa mal e d\u00e1 entrada em hospital ap\u00f3s treta com as filhas<\/a><\/li>\n<li><div class=\"wp-block-latest-posts__featured-image aligncenter\"><a href=\"https:\/\/portalpopmais.com.br\/en\/show-de-shakira-movimenta-turismo-no-rio-mas-deve-ficar-abaixo-de-lady-gaga\/\" aria-label=\"Shakira n\u00e3o deve superar recorde de Lady Gaga em Copacabana\"><img loading=\"lazy\" decoding=\"async\" width=\"768\" height=\"456\" src=\"https:\/\/portalpopmais.com.br\/wp-content\/uploads\/2026\/02\/Shakira-POP-Mais-768x456.webp\" class=\"attachment-medium size-medium wp-post-image\" alt=\"Shakira far\u00e1 show gratuito em Copacabana - Foto: Reprodu\u00e7\u00e3o\/ TV Globo\" style=\"\" srcset=\"https:\/\/portalpopmais.com.br\/wp-content\/uploads\/2026\/02\/Shakira-POP-Mais-768x456.webp 768w, https:\/\/portalpopmais.com.br\/wp-content\/uploads\/2026\/02\/Shakira-POP-Mais-1170x694.webp 1170w, https:\/\/portalpopmais.com.br\/wp-content\/uploads\/2026\/02\/Shakira-POP-Mais-18x10.webp 18w\" sizes=\"auto, (max-width: 768px) 100vw, 768px\" title=\"\"><\/a><\/div><a class=\"wp-block-latest-posts__post-title\" href=\"https:\/\/portalpopmais.com.br\/en\/show-de-shakira-movimenta-turismo-no-rio-mas-deve-ficar-abaixo-de-lady-gaga\/\">Shakira n\u00e3o deve superar recorde de Lady Gaga em Copacabana<\/a><\/li>\n<li><div class=\"wp-block-latest-posts__featured-image aligncenter\"><a href=\"https:\/\/portalpopmais.com.br\/en\/policial-em-formacao-e-investigado-apos-postar-foto-intima-em-site-adulto\/\" aria-label=\"Policial em forma\u00e7\u00e3o \u00e9 investigado ap\u00f3s postar foto \u00edntima em site adulto\"><img loading=\"lazy\" decoding=\"async\" width=\"768\" height=\"456\" src=\"https:\/\/portalpopmais.com.br\/wp-content\/uploads\/2026\/04\/baixinho-bruto-768x456.webp\" class=\"attachment-medium size-medium wp-post-image\" alt=\"baixinho bruto\" style=\"\" srcset=\"https:\/\/portalpopmais.com.br\/wp-content\/uploads\/2026\/04\/baixinho-bruto-768x456.webp 768w, https:\/\/portalpopmais.com.br\/wp-content\/uploads\/2026\/04\/baixinho-bruto-1170x694.webp 1170w, https:\/\/portalpopmais.com.br\/wp-content\/uploads\/2026\/04\/baixinho-bruto-18x12.webp 18w\" sizes=\"auto, (max-width: 768px) 100vw, 768px\" title=\"\"><\/a><\/div><a class=\"wp-block-latest-posts__post-title\" href=\"https:\/\/portalpopmais.com.br\/en\/policial-em-formacao-e-investigado-apos-postar-foto-intima-em-site-adulto\/\">Policial em forma\u00e7\u00e3o \u00e9 investigado ap\u00f3s postar foto \u00edntima em site adulto<\/a><\/li>\n<li><div class=\"wp-block-latest-posts__featured-image aligncenter\"><a href=\"https:\/\/portalpopmais.com.br\/en\/bilionario-mantem-casamento-com-modelo-investigada-por-fraude-em-ricos-solitarios\/\" aria-label=\"Bilion\u00e1rio mant\u00e9m casamento com modelo investigada por fraude em &#8216;ricos solit\u00e1rios&#8217;\"><img loading=\"lazy\" decoding=\"async\" width=\"768\" height=\"435\" src=\"https:\/\/portalpopmais.com.br\/wp-content\/uploads\/2026\/04\/casamento-bilionario-768x435.webp\" class=\"attachment-medium size-medium wp-post-image\" alt=\"casamento bilionario\" style=\"\" srcset=\"https:\/\/portalpopmais.com.br\/wp-content\/uploads\/2026\/04\/casamento-bilionario-768x435.webp 768w, https:\/\/portalpopmais.com.br\/wp-content\/uploads\/2026\/04\/casamento-bilionario-18x10.webp 18w\" sizes=\"auto, (max-width: 768px) 100vw, 768px\" title=\"\"><\/a><\/div><a class=\"wp-block-latest-posts__post-title\" href=\"https:\/\/portalpopmais.com.br\/en\/bilionario-mantem-casamento-com-modelo-investigada-por-fraude-em-ricos-solitarios\/\">Bilion\u00e1rio mant\u00e9m casamento com modelo investigada por fraude em &#8216;ricos solit\u00e1rios&#8217;<\/a><\/li>\n<li><div class=\"wp-block-latest-posts__featured-image aligncenter\"><a href=\"https:\/\/portalpopmais.com.br\/en\/as-fotos-da-suite-que-shakira-ficara-hospedada-no-rio\/\" aria-label=\"As fotos da su\u00edte que Shakira ficar\u00e1 hospedada no Rio\"><img loading=\"lazy\" decoding=\"async\" width=\"768\" height=\"456\" src=\"https:\/\/portalpopmais.com.br\/wp-content\/uploads\/2024\/10\/shakira-shows-brasil-2025-768x456.jpeg\" class=\"attachment-medium size-medium wp-post-image\" alt=\"shakira shows brasil 2025\" style=\"\" title=\"\"><\/a><\/div><a class=\"wp-block-latest-posts__post-title\" href=\"https:\/\/portalpopmais.com.br\/en\/as-fotos-da-suite-que-shakira-ficara-hospedada-no-rio\/\">As fotos da su\u00edte que Shakira ficar\u00e1 hospedada no Rio<\/a><\/li>\n<\/ul><\/div><\/div>\n\n\n\n<p>Vale lembrar que Diones se transformou em influenciador digital depois da repercuss\u00e3o do acidente. Ele fez alguns conte\u00fados pagos por marcas nas redes sociais e tamb\u00e9m realizou uma harmoniza\u00e7\u00e3o facial, al\u00e9m de ter aumentado o seu n\u00famero de seguidores.<\/p>\n\n\n\n<figure class=\"wp-block-embed is-type-rich is-provider-instagram wp-block-embed-instagram\"><div class=\"wp-block-embed__wrapper\">\nhttps:\/\/www.instagram.com\/p\/C0XHGWLrjjT\/\n<\/div><\/figure>","protected":false},"excerpt":{"rendered":"<p>Diones da Silva Coelho, o motorista que atropelou o ator Kayky Brito em setembro de 2023, contou que pretende entrar para a pol\u00edtica. Em uma conversa com os f\u00e3s nas redes sociais, ele revelou que pretende se candidatar ao carga de vereador nas pr\u00f3ximas elei\u00e7\u00f5es no Rio de Janeiro. &#8220;Sim, pretendo vir candidato nessa pr\u00f3xima [&hellip;]<\/p>\n","protected":false},"author":2,"featured_media":198172,"comment_status":"closed","ping_status":"open","sticky":false,"template":"","format":"standard","meta":{"footnotes":""},"categories":[173],"tags":[10293],"class_list":["post-198170","post","type-post","status-publish","format-standard","has-post-thumbnail","hentry","category-celebridades","tag-kayky-brito"],"_links":{"self":[{"href":"https:\/\/portalpopmais.com.br\/en\/wp-json\/wp\/v2\/posts\/198170","targetHints":{"allow":["GET"]}}],"collection":[{"href":"https:\/\/portalpopmais.com.br\/en\/wp-json\/wp\/v2\/posts"}],"about":[{"href":"https:\/\/portalpopmais.com.br\/en\/wp-json\/wp\/v2\/types\/post"}],"author":[{"embeddable":true,"href":"https:\/\/portalpopmais.com.br\/en\/wp-json\/wp\/v2\/users\/2"}],"replies":[{"embeddable":true,"href":"https:\/\/portalpopmais.com.br\/en\/wp-json\/wp\/v2\/comments?post=198170"}],"version-history":[{"count":0,"href":"https:\/\/portalpopmais.com.br\/en\/wp-json\/wp\/v2\/posts\/198170\/revisions"}],"wp:featuredmedia":[{"embeddable":true,"href":"https:\/\/portalpopmais.com.br\/en\/wp-json\/wp\/v2\/media\/198172"}],"wp:attachment":[{"href":"https:\/\/portalpopmais.com.br\/en\/wp-json\/wp\/v2\/media?parent=198170"}],"wp:term":[{"taxonomy":"category","embeddable":true,"href":"https:\/\/portalpopmais.com.br\/en\/wp-json\/wp\/v2\/categories?post=198170"},{"taxonomy":"post_tag","embeddable":true,"href":"https:\/\/portalpopmais.com.br\/en\/wp-json\/wp\/v2\/tags?post=198170"}],"curies":[{"name":"wp","href":"https:\/\/api.w.org\/{rel}","templated":true}]}}