{"id":198517,"date":"2023-12-07T12:08:27","date_gmt":"2023-12-07T15:08:27","guid":{"rendered":"https:\/\/portalpopmais.com.br\/?p=198517"},"modified":"2023-12-07T12:10:46","modified_gmt":"2023-12-07T15:10:46","slug":"thomaz-costa-acusa-jottape-de-pagar-paginas","status":"publish","type":"post","link":"https:\/\/portalpopmais.com.br\/en\/thomaz-costa-acusa-jottape-de-pagar-paginas\/","title":{"rendered":"Thomaz Costa acusa Jottap\u00ea de pagar p\u00e1ginas para fala mal dele"},"content":{"rendered":"<p><strong><a href=\"https:\/\/portalpopmais.com.br\/en\/thomaz-costa-retorno-a-igreja-evangelica\/\" data-type=\"post\" data-id=\"195157\">Thomaz Costa<\/a><\/strong> resolveu implicar mais uma vez com a <strong><a href=\"http:\/\/twitter.com\/popmaisfm\" target=\"_blank\" rel=\"noopener\">Farofa da Gkay<\/a><\/strong>, uma vez que considera \u201cum lugar de muita futilidade\u201d,  acabou indo de frente com <strong><a href=\"https:\/\/portalpopmais.com.br\/en\/\">Jottap\u00ea<\/a><\/strong> e <strong>Estefany Boro<\/strong>, que levou a filha de 5 meses para a festa.<\/p>\n\n\n\n<p><strong>Leia Mais: <br><a href=\"https:\/\/portalpopmais.com.br\/en\/kevinho-homenageia-mae-que-enfrenta-cancer\/\">Com clipe emocionante, Kevinho homenageia m\u00e3e que enfrenta c\u00e2ncer<\/a><br><a href=\"https:\/\/portalpopmais.com.br\/en\/letra-e-traducao-calgary-tate-mcrae\/\">Letra e tradu\u00e7\u00e3o: \u2018\u200b\u200b\u200b\u200bcalgary\u2019 \u2013 Tate McRae<\/a><br><a href=\"https:\/\/portalpopmais.com.br\/en\/herdeiro-da-hermes-pretende-adotar-jardineiro\/\">Sortudo? Herdeiro da Herm\u00e8s pretende adotar jardineiro de 51 anos para deixar fortuna bilion\u00e1ria<\/a><\/strong><\/p>\n\n\n\n<p>Nesta quinta-feira (7), Thomaz Costa publicou um print de uma conversa com algu\u00e9m dizendo pra ele que Jottap\u00ea estava querendo pagar as pessoas para falarem mal dele.<\/p>\n\n\n\n<p>&#8220;T\u00e1 falando que \u00e9 crente a\u00ed, mas p\u00e1ginas pagando outras para falar de mim. Jottap\u00ea vira homem rapaz&#8221;, escreveu o ator. <\/p>\n\n\n\n<p>O cantor havia debatido Thomaz e disse ter ido ao evento para falar de Deus. &#8220;Eu e a St\u00e9 n\u00e3o viemos s\u00f3 pela festa, mas viemos com um prop\u00f3sito. Para quem n\u00e3o sabe, n\u00f3s nos batizamos h\u00e1 um m\u00eas, e a gente faz uma c\u00e9lula em casa&#8221;, ele diz, explicando que a reuni\u00e3o funciona como um culto evang\u00e9lico. &#8220;Antes de vir, conversamos com nosso pastor e viemos com esse prop\u00f3sito de falar de Jesus para as pessoas que est\u00e3o aqui, e tem dado muito certo&#8221;. <\/p>\n\n\n\n<figure class=\"wp-block-embed is-type-rich is-provider-twitter wp-block-embed-twitter\"><div class=\"wp-block-embed__wrapper\">\n<blockquote class=\"twitter-tweet\" data-width=\"550\" data-dnt=\"true\"><p lang=\"pt\" dir=\"ltr\">\ud83d\udea8VEJA: Thom\u00e1z Costa publica print de uma conversa com algu\u00e9m dizendo pra ele que Jottap\u00ea estava querendo pagar as pessoas para falarem mal do ator. <a href=\"https:\/\/t.co\/HErZYwCc8y\">pic.twitter.com\/HErZYwCc8y<\/a><\/p>&mdash; CHOQUEI (@choquei) <a href=\"https:\/\/twitter.com\/choquei\/status\/1732742015547224336?ref_src=twsrc%5Etfw\" target=\"_blank\" rel=\"noopener\">December 7, 2023<\/a><\/blockquote><script async src=\"https:\/\/platform.twitter.com\/widgets.js\" charset=\"utf-8\"><\/script>\n<\/div><\/figure>","protected":false},"excerpt":{"rendered":"<p>Thomaz Costa resolveu implicar mais uma vez com a Farofa da Gkay, uma vez que considera \u201cum lugar de muita futilidade\u201d, acabou indo de frente com Jottap\u00ea e Estefany Boro, que levou a filha de 5 meses para a festa. Leia Mais: Com clipe emocionante, Kevinho homenageia m\u00e3e que enfrenta c\u00e2ncerLetra e tradu\u00e7\u00e3o: \u2018\u200b\u200b\u200b\u200bcalgary\u2019 \u2013 [&hellip;]<\/p>\n","protected":false},"author":2,"featured_media":198520,"comment_status":"closed","ping_status":"open","sticky":false,"template":"","format":"standard","meta":{"footnotes":""},"categories":[173],"tags":[2340],"class_list":["post-198517","post","type-post","status-publish","format-standard","has-post-thumbnail","hentry","category-celebridades","tag-thomaz-costa"],"_links":{"self":[{"href":"https:\/\/portalpopmais.com.br\/en\/wp-json\/wp\/v2\/posts\/198517","targetHints":{"allow":["GET"]}}],"collection":[{"href":"https:\/\/portalpopmais.com.br\/en\/wp-json\/wp\/v2\/posts"}],"about":[{"href":"https:\/\/portalpopmais.com.br\/en\/wp-json\/wp\/v2\/types\/post"}],"author":[{"embeddable":true,"href":"https:\/\/portalpopmais.com.br\/en\/wp-json\/wp\/v2\/users\/2"}],"replies":[{"embeddable":true,"href":"https:\/\/portalpopmais.com.br\/en\/wp-json\/wp\/v2\/comments?post=198517"}],"version-history":[{"count":0,"href":"https:\/\/portalpopmais.com.br\/en\/wp-json\/wp\/v2\/posts\/198517\/revisions"}],"wp:featuredmedia":[{"embeddable":true,"href":"https:\/\/portalpopmais.com.br\/en\/wp-json\/wp\/v2\/media\/198520"}],"wp:attachment":[{"href":"https:\/\/portalpopmais.com.br\/en\/wp-json\/wp\/v2\/media?parent=198517"}],"wp:term":[{"taxonomy":"category","embeddable":true,"href":"https:\/\/portalpopmais.com.br\/en\/wp-json\/wp\/v2\/categories?post=198517"},{"taxonomy":"post_tag","embeddable":true,"href":"https:\/\/portalpopmais.com.br\/en\/wp-json\/wp\/v2\/tags?post=198517"}],"curies":[{"name":"wp","href":"https:\/\/api.w.org\/{rel}","templated":true}]}}