{"id":198524,"date":"2023-12-07T12:26:15","date_gmt":"2023-12-07T15:26:15","guid":{"rendered":"https:\/\/portalpopmais.com.br\/?p=198524"},"modified":"2023-12-07T12:26:25","modified_gmt":"2023-12-07T15:26:25","slug":"bullet-bane-abre-o-universo-conceitual-do-proximo-album-com-o-single-elevador","status":"publish","type":"post","link":"https:\/\/portalpopmais.com.br\/en\/bullet-bane-abre-o-universo-conceitual-do-proximo-album-com-o-single-elevador\/","title":{"rendered":"Bullet Bane abre o universo conceitual do pr\u00f3ximo \u00e1lbum com o single \u201cElevador\u201d\u00a0"},"content":{"rendered":"<p>A banda Bullet Bane lan\u00e7a nesta quinta-feira (08\/12) o single \u201cElevador\u201d, que d\u00e1 in\u00edcio \u00e0 narrativa do pr\u00f3ximo \u00e1lbum, \u201cART.FICIAL\u201d, que ser\u00e1 lan\u00e7ado em 2024.<\/p>\n\n\n\n<p>A m\u00fasica \u00e9 uma analogia sobre a inconst\u00e2ncia da vida e dos sentimentos. O \u201celevador\u201d, na verdade, \u00e9 o \u201ccora\u00e7\u00e3o\u201d, que vive em seus altos e baixos; que quando se prende a algu\u00e9m em seus relacionamentos humanos pode ser inconstante, complexo e intenso.<\/p>\n\n\n\n<p>\u201cElevador\u201d \u00e9 uma tradu\u00e7\u00e3o da forma de se sentir, de se relacionar e de ser sincero e transparente diante das suas complexidades internas\u201d, explica o vocalista Arthur Mutanen.<\/p>\n\n\n\n<p>O videoclipe da m\u00fasica foi dirigido pelo pr\u00f3prio Arthur Mutanen e gerado atrav\u00e9s de Intelig\u00eancia Artificial. Quem assiste ao clipe \u00e9 convidado e conduzido pela atriz Kalera a adentrar nesse novo mundo. Ela, que pode existir tanto no mundo real, quanto nesse mundo criado em IA, \u201crouba\u201d os membros da banda para o seu mundo artificial, que, por sua vez, levam as confiss\u00f5es e as complexidades de um \u201ccora\u00e7\u00e3o elevador\u201d para essa nova realidade.<\/p>\n\n\n\n<p>\u201cEstamos muito empolgados com essa nova fase, ela representa o momento mais criativamente aflorado e livre de nossas vidas\u201d, comemora Arthur Mutanen.<\/p>\n\n\n\n<p>O \u00e1lbum \u201cART.FICIAL\u201d ter\u00e1 14 faixas e 5 videoclipes. A banda se prepara para lan\u00e7ar esse novo \u00e1lbum, em 2024, para agraciar seu p\u00fablico fiel e chegar a novos ouvintes com este trabalho. Depois, entrar\u00e1 em turn\u00ea com shows de lan\u00e7amento por diversos estados do Brasil.<\/p>\n\n\n\n<p>Vocalista da banda, Arthur Mutanen explica que a can\u00e7\u00e3o \u00e9 a introdu\u00e7\u00e3o do novo disco. &#8220;&#8216;Elevador&#8217; \u00e9 o trabalho que inicia a nossa nova era, a era do pr\u00f3ximo \u00e1lbum &#8216;ART.FICIAL&#8217;, que lan\u00e7aremos em 2024. Enquanto fala de sentimentos e de um &#8216;cora\u00e7\u00e3o elevador&#8217;, que tem seus &#8216;altos e baixos&#8217;, essa faixa abre o universo conceitual de &#8216;ART.FICIAL&#8217;. Nossos f\u00e3s &nbsp; ir\u00e3o n\u00e3o apenas ouvir nossos novos sons, mas tamb\u00e9m entrar\u00e3o em um universo pr\u00f3prio que extrapola somente a parte musical. Estamos preparando intera\u00e7\u00f5es e outras surpresas especiais para que a experi\u00eancia possa transcender o ambiente da m\u00fasica. Estamos muito empolgados com essa nova fase, ela representa o momento mais criativamente aflorado e livre de nossas vidas.&#8221;, finaliza.&nbsp;<\/p>","protected":false},"excerpt":{"rendered":"<p>A banda Bullet Bane lan\u00e7a nesta quinta-feira (08\/12) o single \u201cElevador\u201d, que d\u00e1 in\u00edcio \u00e0 narrativa do pr\u00f3ximo \u00e1lbum, \u201cART.FICIAL\u201d, que ser\u00e1 lan\u00e7ado em 2024. A m\u00fasica \u00e9 uma analogia sobre a inconst\u00e2ncia da vida e dos sentimentos. O \u201celevador\u201d, na verdade, \u00e9 o \u201ccora\u00e7\u00e3o\u201d, que vive em seus altos e baixos; que quando se [&hellip;]<\/p>\n","protected":false},"author":2,"featured_media":198529,"comment_status":"closed","ping_status":"open","sticky":false,"template":"","format":"standard","meta":{"footnotes":""},"categories":[154],"tags":[],"class_list":["post-198524","post","type-post","status-publish","format-standard","has-post-thumbnail","hentry","category-musica"],"_links":{"self":[{"href":"https:\/\/portalpopmais.com.br\/en\/wp-json\/wp\/v2\/posts\/198524","targetHints":{"allow":["GET"]}}],"collection":[{"href":"https:\/\/portalpopmais.com.br\/en\/wp-json\/wp\/v2\/posts"}],"about":[{"href":"https:\/\/portalpopmais.com.br\/en\/wp-json\/wp\/v2\/types\/post"}],"author":[{"embeddable":true,"href":"https:\/\/portalpopmais.com.br\/en\/wp-json\/wp\/v2\/users\/2"}],"replies":[{"embeddable":true,"href":"https:\/\/portalpopmais.com.br\/en\/wp-json\/wp\/v2\/comments?post=198524"}],"version-history":[{"count":0,"href":"https:\/\/portalpopmais.com.br\/en\/wp-json\/wp\/v2\/posts\/198524\/revisions"}],"wp:featuredmedia":[{"embeddable":true,"href":"https:\/\/portalpopmais.com.br\/en\/wp-json\/wp\/v2\/media\/198529"}],"wp:attachment":[{"href":"https:\/\/portalpopmais.com.br\/en\/wp-json\/wp\/v2\/media?parent=198524"}],"wp:term":[{"taxonomy":"category","embeddable":true,"href":"https:\/\/portalpopmais.com.br\/en\/wp-json\/wp\/v2\/categories?post=198524"},{"taxonomy":"post_tag","embeddable":true,"href":"https:\/\/portalpopmais.com.br\/en\/wp-json\/wp\/v2\/tags?post=198524"}],"curies":[{"name":"wp","href":"https:\/\/api.w.org\/{rel}","templated":true}]}}