{"id":198767,"date":"2023-12-09T12:28:28","date_gmt":"2023-12-09T15:28:28","guid":{"rendered":"https:\/\/portalpopmais.com.br\/?p=198767"},"modified":"2023-12-09T12:28:37","modified_gmt":"2023-12-09T15:28:37","slug":"artistas-nacionais-que-voce-precisa-ouvir-antes-de-2023-acabar-2","status":"publish","type":"post","link":"https:\/\/portalpopmais.com.br\/en\/artistas-nacionais-que-voce-precisa-ouvir-antes-de-2023-acabar-2\/","title":{"rendered":"Artistas nacionais que voc\u00ea precisa ouvir antes de 2023 acabar"},"content":{"rendered":"\n<p>Separei uma <a href=\"http:\/\/portalpopmais.com.br\">lista <\/a>de Artistas nacionais que voc\u00ea precisa ouvir antes de 2023 acabar, confira abaixo.<\/p>\n\n\n\n<p><strong>1 &#8211; Cles &#8211; &#8216;Beira Mar Novo&#8217;:<\/strong> <a href=\"http:\/\/portalpopmais.com.br\">&#8220;Beira Mar Novo&#8221;<\/a> \u00e9 o segundo single de Cles, \u00e9 uma can\u00e7\u00e3o folcl\u00f3rica da regi\u00e3o do Brasil onde naseui, a letra fala sobre embarcar em novas aventuras por praias, \u00e1guas e horizontes desconhecidos. Com sua mistura fascinante de vocais emocionantes e instrumentais complexos, esta m\u00fasica pretende evocar emo\u00e7\u00f5es profundas e transcender g\u00eaneros. <\/p>\n\n\n\n<figure class=\"wp-block-embed is-type-rich is-provider-spotify wp-block-embed-spotify wp-embed-aspect-21-9 wp-has-aspect-ratio\"><div class=\"wp-block-embed__wrapper\">\n<iframe title=\"Spotify Embed: Beira Mar Novo\" style=\"border-radius: 12px\" width=\"100%\" height=\"152\" frameborder=\"0\" allowfullscreen allow=\"autoplay; clipboard-write; encrypted-media; fullscreen; picture-in-picture\" loading=\"lazy\" src=\"https:\/\/open.spotify.com\/embed\/track\/2Xhia1AixKPJkAUq4M8mGu?si=6DcQgIJJTYq4sttgh-HjFg&#038;utm_source=oembed&#038;utm_medium=copy-link&#038;nd=1&#038;_branch_match_id=link-1218117957289419340\"><\/iframe>\n<\/div><\/figure>\n\n\n\n<p><strong>2 &#8211; Luciana Maya &#8211; &#8216;Ficar Bem&#8217;:<\/strong> <a href=\"http:\/\/portalpopmais.com.br\">Luciana Maya<\/a> est\u00e1 de volta com o single \u201cFicar Bem\u201d, o primeiro ap\u00f3s o lan\u00e7amento do seu primeiro EP \u201cA Tr\u00eas\u201d. \u201cFicar Bem\u201d conta ainda com clipe codirigido pela cantora e compositora. Mais um fruto da parceria com Janluska, \u201cFicar Bem\u201d fala sobre deixar as coisas claras em uma rela\u00e7\u00e3o, em ser transparente. O arranjo elegante traz uma fus\u00e3o entre a guitarra, beat, samples e synth, enquanto os metais apresentam uma camada de energia nesse pop leve com as tradicionais influ\u00eancias do jazz e da MPB, frequentes no trabalho de Luciana Maya que prepara seu \u00e1lbum de estreia, previsto para o in\u00edcio de 2024.<\/p>\n\n\n\n<figure class=\"wp-block-embed is-type-video is-provider-youtube wp-block-embed-youtube wp-embed-aspect-16-9 wp-has-aspect-ratio\"><div class=\"wp-block-embed__wrapper\">\n<iframe loading=\"lazy\" title=\"Luciana Maya - Ficar Bem (Official Music Video)\" width=\"880\" height=\"495\" src=\"https:\/\/www.youtube.com\/embed\/jiT-Pi6QBK4?feature=oembed\" frameborder=\"0\" allow=\"accelerometer; autoplay; clipboard-write; encrypted-media; gyroscope; picture-in-picture; web-share\" referrerpolicy=\"strict-origin-when-cross-origin\" allowfullscreen><\/iframe>\n<\/div><\/figure>\n\n\n\n<p><strong>3 &#8211; Tim Besser &#8211; &#8216;TOLA FOI VOC\u00ca&#8217;:<\/strong> <a href=\"http:\/\/portalpopmais.com.br\">&#8221;Tola foi voc\u00ea\u201c<\/a>, \u00e9 um cover de uma m\u00fasica da Angela Ro Ro, publicada em 1979.<\/p>\n\n\n\n<figure class=\"wp-block-embed is-type-video is-provider-youtube wp-block-embed-youtube wp-embed-aspect-4-3 wp-has-aspect-ratio\"><div class=\"wp-block-embed__wrapper\">\n<iframe loading=\"lazy\" title=\"Tola Foi Voc\u00ea\" width=\"880\" height=\"660\" src=\"https:\/\/www.youtube.com\/embed\/3VhjndUx8X0?feature=oembed\" frameborder=\"0\" allow=\"accelerometer; autoplay; clipboard-write; encrypted-media; gyroscope; picture-in-picture; web-share\" referrerpolicy=\"strict-origin-when-cross-origin\" allowfullscreen><\/iframe>\n<\/div><\/figure>\n\n\n\n<p><strong>4 &#8211; Nat\u00e1lia carreira &#8211; &#8216;ANTIP\u00c1TICA&#8217;:<\/strong> O single <a href=\"http:\/\/portalpopmais.com.br\">ANTIP\u00c1TICA<\/a>, que d\u00e1 nome ao seu novo EP, onde mistura refer\u00eancias de pop rock que influenciam a artista desde a adolesc\u00eancia. ANTIP\u00c1TICA \u00e9 um resgate \u00e0 conex\u00e3o com a crian\u00e7a interior, com tem\u00e1ticas que buscam a compreens\u00e3o e cura de problem\u00e1ticas emocionais que acompanham a artista desde suas primeiras cria\u00e7\u00f5es. ANTIP\u00c1TICA \u00e9 sobre aquela sensa\u00e7\u00e3o que temos quando estamos em algum lugar, rodeado de pessoas, e tudo que pensamos \u00e9 em voltar para casa para ficarmos sozinhos, sensa\u00e7\u00e3o recorrente entre a gera\u00e7\u00e3o de jovens adultos sobrevivente de uma pandemia, que trouxe a tona sentimentos de antissocialidade, ansiedade social, isolamento e depress\u00e3o. No clipe, roteirizado e produzido pela pr\u00f3pria artista, imergimos nessa experi\u00eancia na qual Nat\u00e1lia se v\u00ea rodeada de pessoas, mas prefere se transportar a uma realidade paralela, onde se encontra mais confort\u00e1vel sozinha em casa com sua m\u00fasica. O EP, que leva o nome do single, traz uma nova experimenta\u00e7\u00e3o da artista dentro do indie rock e pop-rock, com refer\u00eancias propositais a bandas que ouvia quando era adolescente enquanto nascia seu sonho de fazer m\u00fasica. Nat\u00e1lia Carreira \u00e9 cantora, compositora, produtora, multi-instrumentista e artista visual. A brasiliense de 26 anos iniciou sua trajet\u00f3ria na m\u00fasica em 2017 com o lan\u00e7amento do seu primeiro EP Pertencer. Filha do fen\u00f4meno emo, hoje a artista define a sua m\u00fasica como &#8220;MTB: M\u00fasica Triste Brasileira&#8221;, misturando elementos do pop-rock, bedroompop e lo-fi.<\/p>\n\n\n\n<figure class=\"wp-block-embed is-type-video is-provider-youtube wp-block-embed-youtube wp-embed-aspect-16-9 wp-has-aspect-ratio\"><div class=\"wp-block-embed__wrapper\">\n<iframe loading=\"lazy\" title=\"nat\u00e1lia carreira - ANTIP\u00c1TICA [Videoclipe oficial]\" width=\"880\" height=\"495\" src=\"https:\/\/www.youtube.com\/embed\/4sFD3E2aa7g?feature=oembed\" frameborder=\"0\" allow=\"accelerometer; autoplay; clipboard-write; encrypted-media; gyroscope; picture-in-picture; web-share\" referrerpolicy=\"strict-origin-when-cross-origin\" allowfullscreen><\/iframe>\n<\/div><\/figure>\n\n\n\n<p><strong>5 &#8211; Victor John &#8211; &#8216;Declara\u00e7\u00e3o&#8217;:<\/strong> &#8220;Declara\u00e7\u00e3o&#8221;, \u00e9 capaz de encapsular a ess\u00eancia da juventude, da busca por liberdade e da vontade incontrol\u00e1vel de explorar o mundo. A sensa\u00e7\u00e3o entre a juventude e a maturidade, evocando a sensa\u00e7\u00e3o de conquistar o desconhecido. Ao ouvir, voc\u00ea n\u00e3o estar\u00e1 apenas imerso em uma experi\u00eancia musical, mas tamb\u00e9m visual. O projeto inclui fotos, um videoclipe envolvente e conjunto de reels meticulosamente escolhidos para enriquecer a narrativa da m\u00fasica e fortalecer a mensagem. A primeira apresenta\u00e7\u00e3o ao vivo da faixa foi na Festa Pop 2000, festa criada especialmente para artistas independentes. Esse \u00e9 um dos tr\u00eas trabalhos que ser\u00e3o lan\u00e7ados ainda esse ano, respons\u00e1veis por me apresentar ao p\u00fablico.<\/p>\n\n\n\n<figure class=\"wp-block-embed is-type-video is-provider-youtube wp-block-embed-youtube wp-embed-aspect-16-9 wp-has-aspect-ratio\"><div class=\"wp-block-embed__wrapper\">\n<iframe loading=\"lazy\" title=\"declara\u00e7\u00e3o - victor john (clipe oficial)\" width=\"880\" height=\"495\" src=\"https:\/\/www.youtube.com\/embed\/pCXbqfG8ci4?feature=oembed\" frameborder=\"0\" allow=\"accelerometer; autoplay; clipboard-write; encrypted-media; gyroscope; picture-in-picture; web-share\" referrerpolicy=\"strict-origin-when-cross-origin\" allowfullscreen><\/iframe>\n<\/div><\/figure>\n","protected":false},"excerpt":{"rendered":"<p>Separei uma lista de Artistas nacionais que voc\u00ea precisa ouvir antes de 2023 acabar, confira abaixo. 1 &#8211; Cles &#8211; &#8216;Beira Mar Novo&#8217;: &#8220;Beira Mar Novo&#8221; \u00e9 o segundo single de Cles, \u00e9 uma can\u00e7\u00e3o folcl\u00f3rica da regi\u00e3o do Brasil onde naseui, a letra fala sobre embarcar em novas aventuras por praias, \u00e1guas e horizontes [&hellip;]<\/p>\n","protected":false},"author":2,"featured_media":198773,"comment_status":"closed","ping_status":"open","sticky":false,"template":"","format":"standard","meta":{"footnotes":""},"categories":[154],"tags":[15977,3579,9710],"class_list":["post-198767","post","type-post","status-publish","format-standard","has-post-thumbnail","hentry","category-musica","tag-artistas","tag-lista","tag-musica-2"],"_links":{"self":[{"href":"https:\/\/portalpopmais.com.br\/en\/wp-json\/wp\/v2\/posts\/198767","targetHints":{"allow":["GET"]}}],"collection":[{"href":"https:\/\/portalpopmais.com.br\/en\/wp-json\/wp\/v2\/posts"}],"about":[{"href":"https:\/\/portalpopmais.com.br\/en\/wp-json\/wp\/v2\/types\/post"}],"author":[{"embeddable":true,"href":"https:\/\/portalpopmais.com.br\/en\/wp-json\/wp\/v2\/users\/2"}],"replies":[{"embeddable":true,"href":"https:\/\/portalpopmais.com.br\/en\/wp-json\/wp\/v2\/comments?post=198767"}],"version-history":[{"count":0,"href":"https:\/\/portalpopmais.com.br\/en\/wp-json\/wp\/v2\/posts\/198767\/revisions"}],"wp:featuredmedia":[{"embeddable":true,"href":"https:\/\/portalpopmais.com.br\/en\/wp-json\/wp\/v2\/media\/198773"}],"wp:attachment":[{"href":"https:\/\/portalpopmais.com.br\/en\/wp-json\/wp\/v2\/media?parent=198767"}],"wp:term":[{"taxonomy":"category","embeddable":true,"href":"https:\/\/portalpopmais.com.br\/en\/wp-json\/wp\/v2\/categories?post=198767"},{"taxonomy":"post_tag","embeddable":true,"href":"https:\/\/portalpopmais.com.br\/en\/wp-json\/wp\/v2\/tags?post=198767"}],"curies":[{"name":"wp","href":"https:\/\/api.w.org\/{rel}","templated":true}]}}