{"id":20002,"date":"2019-03-27T13:36:06","date_gmt":"2019-03-27T16:36:06","guid":{"rendered":"http:\/\/popmais.com.br\/?p=20002"},"modified":"2019-03-27T13:36:06","modified_gmt":"2019-03-27T16:36:06","slug":"em-entrevista-melissa-joan-hart-revela-que-nao-assiste-a-nova-versao-de-sabrina-da-netflix","status":"publish","type":"post","link":"https:\/\/portalpopmais.com.br\/en\/em-entrevista-melissa-joan-hart-revela-que-nao-assiste-a-nova-versao-de-sabrina-da-netflix\/","title":{"rendered":"Em entrevista, Melissa Joan Hart revela que n\u00e3o assiste a nova vers\u00e3o de Sabrina da Netflix"},"content":{"rendered":"<p>A atriz <strong>Melissa Joan Hart<\/strong> revelou ao <em>E! News<\/em> que parou de assistir a s\u00e9rie <em>&#8216;O Mundo Sombrio de Sabrina&#8217;<\/em>, nova vers\u00e3o da <em>Netflix<\/em>.<\/p>\n<p>A eterna\u00a0Sabrina nos anos 1990 revelou que chegou a assistir alguns epis\u00f3dios, mas que a nova vers\u00e3o n\u00e3o chamou sua aten\u00e7\u00e3o.\u00a0 Em entrevista Melissa afirmou <em>&#8220;Eu vi um pouco da s\u00e9rie por conta da Netflix, pois fiz uma campanha nas redes sociais, mas acho que ela n\u00e3o apela muito para mim. Meus filhos s\u00e3o muito novos para assistir, e eu sou muito velha&#8221;.<\/em><\/p>\n<p>A atriz ainda falou sobre a interpreta\u00e7\u00e3o de\u00a0<strong>Kiernan Shipka<\/strong> na nova vers\u00e3o &#8220;<em>Eu amo o fato de que a personagem siga viva. Tivemos muitos Batmans, ent\u00e3o agora vamos ter algumas Sabrinas&#8221;. <\/em>Melissa tamb\u00e9m fez quest\u00e3o de afirmar que n\u00e3o h\u00e1 nenhuma rixa<em> &#8220;Eu acho que voc\u00ea desenvolve um tipo de irmandade quando interpreta o mesmo personagem. Os caras que viveram James Bond devem sentir a mesma coisa&#8221;.<\/em><\/p>\n<p>&#8220;<em>Acho \u00f3timo que eles est\u00e3o fazendo algo muito diferente. Se as s\u00e9ries fossem parecidas, eu poderia ficar um pouco como: \u201cOh, isso d\u00f3i\u201d. Mas \u00e9 totalmente diferente.&#8221; <\/em>finalizou a atriz.<\/p>\n<p>Confira a entrevista:<\/p>\n<p>https:\/\/www.youtube.com\/watch?v=t1sSqSXzfZA<\/p>\n<p>Vale lembrar que Melissa far\u00e1 parte da nova produ\u00e7\u00e3o original da Netflix\u00a0<em>\u2018No Good Nick\u2019<\/em>.<\/p>\n<p>http:\/\/popmais.com.br\/no-good-nick-serie-com-melissa-joan-hart-ganha-data-de-estreia-na-netflix\/<\/p>","protected":false},"excerpt":{"rendered":"<p>A atriz Melissa Joan Hart revelou ao E! News que parou de assistir a s\u00e9rie &#8216;O Mundo Sombrio de Sabrina&#8217;, nova vers\u00e3o da Netflix. A eterna\u00a0Sabrina nos anos 1990 revelou que chegou a assistir alguns epis\u00f3dios, mas que a nova vers\u00e3o n\u00e3o chamou sua aten\u00e7\u00e3o.\u00a0 Em entrevista Melissa afirmou &#8220;Eu vi um pouco da s\u00e9rie [&hellip;]<\/p>\n","protected":false},"author":2,"featured_media":20004,"comment_status":"open","ping_status":"open","sticky":false,"template":"","format":"video","meta":{"footnotes":""},"categories":[173],"tags":[231,3138],"class_list":["post-20002","post","type-post","status-publish","format-video","has-post-thumbnail","hentry","category-celebridades","tag-netflix","tag-sabrina-netflix","post_format-post-format-video"],"_links":{"self":[{"href":"https:\/\/portalpopmais.com.br\/en\/wp-json\/wp\/v2\/posts\/20002","targetHints":{"allow":["GET"]}}],"collection":[{"href":"https:\/\/portalpopmais.com.br\/en\/wp-json\/wp\/v2\/posts"}],"about":[{"href":"https:\/\/portalpopmais.com.br\/en\/wp-json\/wp\/v2\/types\/post"}],"author":[{"embeddable":true,"href":"https:\/\/portalpopmais.com.br\/en\/wp-json\/wp\/v2\/users\/2"}],"replies":[{"embeddable":true,"href":"https:\/\/portalpopmais.com.br\/en\/wp-json\/wp\/v2\/comments?post=20002"}],"version-history":[{"count":0,"href":"https:\/\/portalpopmais.com.br\/en\/wp-json\/wp\/v2\/posts\/20002\/revisions"}],"wp:featuredmedia":[{"embeddable":true,"href":"https:\/\/portalpopmais.com.br\/en\/wp-json\/"}],"wp:attachment":[{"href":"https:\/\/portalpopmais.com.br\/en\/wp-json\/wp\/v2\/media?parent=20002"}],"wp:term":[{"taxonomy":"category","embeddable":true,"href":"https:\/\/portalpopmais.com.br\/en\/wp-json\/wp\/v2\/categories?post=20002"},{"taxonomy":"post_tag","embeddable":true,"href":"https:\/\/portalpopmais.com.br\/en\/wp-json\/wp\/v2\/tags?post=20002"}],"curies":[{"name":"wp","href":"https:\/\/api.w.org\/{rel}","templated":true}]}}