{"id":200295,"date":"2024-01-04T08:45:55","date_gmt":"2024-01-04T11:45:55","guid":{"rendered":"https:\/\/portalpopmais.com.br\/?p=200295"},"modified":"2024-01-04T08:46:08","modified_gmt":"2024-01-04T11:46:08","slug":"vai-pra-globo-eliana-comenta-rumores-sobre-troca-de-emissora","status":"publish","type":"post","link":"https:\/\/portalpopmais.com.br\/en\/vai-pra-globo-eliana-comenta-rumores-sobre-troca-de-emissora\/","title":{"rendered":"Vai pra Globo? Eliana comenta rumores sobre troca de emissora"},"content":{"rendered":"\n<p class=\"wp-block-paragraph\">H\u00e1 duas d\u00e9cadas no <a href=\"http:\/\/twitter.com\/popmaisfm\" target=\"_blank\" rel=\"noopener\">SBT<\/a>, a apresentadora <strong><a href=\"https:\/\/portalpopmais.com.br\/eliana-abre-o-jogo-sobre-ida-para-a-globo-gosto-de-novos-desafios\/\" data-type=\"post\" data-id=\"197738\">Eliana<\/a><\/strong> voltou a ter seu nome atrelado a Globo nas \u00faltimas semanas com uma poss\u00edvel troca de emissora. Em entrevista ao colunista Lucas Pasin, do UOL, a loira negou que haja qualquer proposta para ela se tornar uma global.<\/p>\n\n\n\n<p class=\"wp-block-paragraph\"><em>\u201cEstou muito feliz no SBT e n\u00e3o recebi, de fato, uma proposta da Globo. Tudo o que soube sobre o assunto foi pela m\u00eddia. O que posso dizer \u00e9 que amo novos desafios, gosto de evoluir, e quero sempre dar o meu melhor para o p\u00fablico. Gosto de trazer novidades, e \u00e9 esse o meu desejo para 2024 e 2025: inovar\u201d,<\/em> disse.<\/p>\n\n\n\n<div class=\"wp-block-group\"><div class=\"wp-block-group__inner-container is-layout-constrained wp-block-group-is-layout-constrained\">\n<h2 class=\"wp-block-heading\">Leia mais<\/h2>\n\n\n<ul class=\"wp-block-latest-posts__list is-grid aligncenter wp-block-latest-posts is-layout-flow wp-block-latest-posts-is-layout-flow\"><li><div class=\"wp-block-latest-posts__featured-image aligncenter\"><a href=\"https:\/\/portalpopmais.com.br\/en\/nina-dobrev-e-retirada-do-tapete-vermelho-no-festival-de-veneza-eu-teria-evaporado-de-vergonha\/\" aria-label=\"Nina Dobrev \u00e9 retirada do tapete vermelho no Festival de Veneza: \u201cEu teria evaporado de vergonha\u201d\"><img loading=\"lazy\" decoding=\"async\" width=\"768\" height=\"456\" src=\"https:\/\/portalpopmais.com.br\/wp-content\/uploads\/2026\/09\/Screenshot_20260903-194159-768x456.png\" class=\"attachment-medium size-medium wp-post-image\" alt=\"Screenshot 20260903 194159\" style=\"\" srcset=\"https:\/\/portalpopmais.com.br\/wp-content\/uploads\/2026\/09\/Screenshot_20260903-194159-768x456.png 768w, https:\/\/portalpopmais.com.br\/wp-content\/uploads\/2026\/09\/Screenshot_20260903-194159-18x12.png 18w\" sizes=\"auto, (max-width: 768px) 100vw, 768px\" title=\"\"><\/a><\/div><a class=\"wp-block-latest-posts__post-title\" href=\"https:\/\/portalpopmais.com.br\/en\/nina-dobrev-e-retirada-do-tapete-vermelho-no-festival-de-veneza-eu-teria-evaporado-de-vergonha\/\">Nina Dobrev \u00e9 retirada do tapete vermelho no Festival de Veneza: \u201cEu teria evaporado de vergonha\u201d<\/a><\/li>\n<li><div class=\"wp-block-latest-posts__featured-image aligncenter\"><a href=\"https:\/\/portalpopmais.com.br\/en\/adolescente-trava-mandibula-ao-bocejar-e-precisa-de-atendimento-medico-no-distrito-federal\/\" aria-label=\"Adolescente trava mand\u00edbula ao bocejar e precisa de atendimento m\u00e9dico no Distrito Federal\"><img loading=\"lazy\" decoding=\"async\" width=\"768\" height=\"456\" src=\"https:\/\/portalpopmais.com.br\/wp-content\/uploads\/2026\/09\/foto-2026-09-03t173635-092-s0uhoo3mw8qc-768x456.jpg\" class=\"attachment-medium size-medium wp-post-image\" alt=\"foto 2026 09 03t173635 092 s0uhoo3mw8qc\" style=\"\" srcset=\"https:\/\/portalpopmais.com.br\/wp-content\/uploads\/2026\/09\/foto-2026-09-03t173635-092-s0uhoo3mw8qc-768x456.jpg 768w, https:\/\/portalpopmais.com.br\/wp-content\/uploads\/2026\/09\/foto-2026-09-03t173635-092-s0uhoo3mw8qc-18x12.jpg 18w\" sizes=\"auto, (max-width: 768px) 100vw, 768px\" title=\"\"><\/a><\/div><a class=\"wp-block-latest-posts__post-title\" href=\"https:\/\/portalpopmais.com.br\/en\/adolescente-trava-mandibula-ao-bocejar-e-precisa-de-atendimento-medico-no-distrito-federal\/\">Adolescente trava mand\u00edbula ao bocejar e precisa de atendimento m\u00e9dico no Distrito Federal<\/a><\/li>\n<li><div class=\"wp-block-latest-posts__featured-image aligncenter\"><a href=\"https:\/\/portalpopmais.com.br\/en\/morre-ex-jogador-da-nfl-alphonso-smith-jr-aos-40-anos\/\" aria-label=\"Morre ex-jogador da NFL Alphonso Smith Jr. aos 40 anos\"><img loading=\"lazy\" decoding=\"async\" width=\"768\" height=\"456\" src=\"https:\/\/portalpopmais.com.br\/wp-content\/uploads\/2026\/09\/design-sem-nome-2026-09-03t175709.963-768x456.jpeg\" class=\"attachment-medium size-medium wp-post-image\" alt=\"design sem nome 2026 09 03t175709.963\" style=\"\" srcset=\"https:\/\/portalpopmais.com.br\/wp-content\/uploads\/2026\/09\/design-sem-nome-2026-09-03t175709.963-768x456.jpeg 768w, https:\/\/portalpopmais.com.br\/wp-content\/uploads\/2026\/09\/design-sem-nome-2026-09-03t175709.963-18x12.jpeg 18w\" sizes=\"auto, (max-width: 768px) 100vw, 768px\" title=\"\"><\/a><\/div><a class=\"wp-block-latest-posts__post-title\" href=\"https:\/\/portalpopmais.com.br\/en\/morre-ex-jogador-da-nfl-alphonso-smith-jr-aos-40-anos\/\">Morre ex-jogador da NFL Alphonso Smith Jr. aos 40 anos<\/a><\/li>\n<li><div class=\"wp-block-latest-posts__featured-image aligncenter\"><a href=\"https:\/\/portalpopmais.com.br\/en\/justica-condena-miguel-falabella-por-plagio-em-peca-de-teatro\/\" aria-label=\"Justi\u00e7a condena Miguel Falabella por pl\u00e1gio em pe\u00e7a de teatro\"><img loading=\"lazy\" decoding=\"async\" width=\"768\" height=\"456\" src=\"https:\/\/portalpopmais.com.br\/wp-content\/uploads\/2020\/06\/falabella-768x456.jpg\" class=\"attachment-medium size-medium wp-post-image\" alt=\"Miguel Falabella \u00e9 demitido da Globo ap\u00f3s quase 40 anos\" style=\"\" srcset=\"https:\/\/portalpopmais.com.br\/wp-content\/uploads\/2020\/06\/falabella-768x456.jpg 768w, https:\/\/portalpopmais.com.br\/wp-content\/uploads\/2020\/06\/falabella-1170x694.jpg 1170w\" sizes=\"auto, (max-width: 768px) 100vw, 768px\" title=\"\"><\/a><\/div><a class=\"wp-block-latest-posts__post-title\" href=\"https:\/\/portalpopmais.com.br\/en\/justica-condena-miguel-falabella-por-plagio-em-peca-de-teatro\/\">Justi\u00e7a condena Miguel Falabella por pl\u00e1gio em pe\u00e7a de teatro<\/a><\/li>\n<li><div class=\"wp-block-latest-posts__featured-image aligncenter\"><a href=\"https:\/\/portalpopmais.com.br\/en\/nikolas-ferreira-chamou-vorcaro-de-lindao-e-pediu-negocio-saiba-o-que\/\" aria-label=\"Nikolas Ferreira chamou Vorcaro de &#8216;lind\u00e3o&#8217; e pediu neg\u00f3cio\"><img loading=\"lazy\" decoding=\"async\" width=\"768\" height=\"456\" src=\"https:\/\/portalpopmais.com.br\/wp-content\/uploads\/2023\/02\/Nikolas-Ferreira-768x456.jpg\" class=\"attachment-medium size-medium wp-post-image\" alt=\"Nikolas Ferreira\" style=\"\" srcset=\"https:\/\/portalpopmais.com.br\/wp-content\/uploads\/2023\/02\/Nikolas-Ferreira-768x456.jpg 768w, https:\/\/portalpopmais.com.br\/wp-content\/uploads\/2023\/02\/Nikolas-Ferreira-1170x694.jpg 1170w\" sizes=\"auto, (max-width: 768px) 100vw, 768px\" title=\"\"><\/a><\/div><a class=\"wp-block-latest-posts__post-title\" href=\"https:\/\/portalpopmais.com.br\/en\/nikolas-ferreira-chamou-vorcaro-de-lindao-e-pediu-negocio-saiba-o-que\/\">Nikolas Ferreira chamou Vorcaro de &#8216;lind\u00e3o&#8217; e pediu neg\u00f3cio<\/a><\/li>\n<li><div class=\"wp-block-latest-posts__featured-image aligncenter\"><a href=\"https:\/\/portalpopmais.com.br\/en\/juliano-floss-e-flagrado-em-momento-intimo-com-affair\/\" aria-label=\"Juliano Floss \u00e9 flagrado em momento \u00edntimo com affair\"><img loading=\"lazy\" decoding=\"async\" width=\"768\" height=\"456\" src=\"https:\/\/portalpopmais.com.br\/wp-content\/uploads\/2026\/02\/juliano-floss-768x456.jpg\" class=\"attachment-medium size-medium wp-post-image\" alt=\"juliano floss\" style=\"\" srcset=\"https:\/\/portalpopmais.com.br\/wp-content\/uploads\/2026\/02\/juliano-floss-768x456.jpg 768w, https:\/\/portalpopmais.com.br\/wp-content\/uploads\/2026\/02\/juliano-floss-1170x694.jpg 1170w, https:\/\/portalpopmais.com.br\/wp-content\/uploads\/2026\/02\/juliano-floss-18x10.jpg 18w\" sizes=\"auto, (max-width: 768px) 100vw, 768px\" title=\"\"><\/a><\/div><a class=\"wp-block-latest-posts__post-title\" href=\"https:\/\/portalpopmais.com.br\/en\/juliano-floss-e-flagrado-em-momento-intimo-com-affair\/\">Juliano Floss \u00e9 flagrado em momento \u00edntimo com affair<\/a><\/li>\n<\/ul><\/div><\/div>\n\n\n<div class=\"wp-block-image\">\n<figure class=\"aligncenter size-large\"><img loading=\"lazy\" decoding=\"async\" width=\"1170\" height=\"675\" src=\"https:\/\/portalpopmais.com.br\/wp-content\/uploads\/2022\/08\/Eliana-assina-globo-deixa-o-SBT-1170x675.jpeg\" alt=\"A apresentadora Eliana - Foto: Reprodu\u00e7\u00e3o \" class=\"wp-image-134684\" title=\"\"><figcaption class=\"wp-element-caption\">A apresentadora Eliana &#8211; Foto: Reprodu\u00e7\u00e3o <\/figcaption><\/figure>\n<\/div>\n\n\n<p class=\"wp-block-paragraph\">Eliana tamb\u00e9m comentou a aus\u00eancia de Silvio Santos do SBT. <em>\u201cTenho sentido muita saudade dele <\/em>[Silvio Santos]<em>. Queria muito estar mais pr\u00f3xima. Ele \u00e9 um mestre pra mim, e sempre ser\u00e1. Mas entendo que o Silvio est\u00e1 no momento de dedicar a vida \u00e0 fam\u00edlia, e tem se dado um tempo. O sentimento que tenho \u00e9 que n\u00e3o importa onde eu esteja, sempre serei grata a este homem\u2019,<\/em> afirmou.<\/p>\n","protected":false},"excerpt":{"rendered":"<p>H\u00e1 duas d\u00e9cadas no SBT, a apresentadora Eliana voltou a ter seu nome atrelado a Globo nas \u00faltimas semanas com uma poss\u00edvel troca de emissora. Em entrevista ao colunista Lucas Pasin, do UOL, a loira negou que haja qualquer proposta para ela se tornar uma global. \u201cEstou muito feliz no SBT e n\u00e3o recebi, de [&hellip;]<\/p>\n","protected":false},"author":2,"featured_media":200296,"comment_status":"closed","ping_status":"open","sticky":false,"template":"","format":"standard","meta":{"footnotes":""},"categories":[181],"tags":[745],"class_list":["post-200295","post","type-post","status-publish","format-standard","has-post-thumbnail","hentry","category-televisao","tag-eliana"],"_links":{"self":[{"href":"https:\/\/portalpopmais.com.br\/en\/wp-json\/wp\/v2\/posts\/200295","targetHints":{"allow":["GET"]}}],"collection":[{"href":"https:\/\/portalpopmais.com.br\/en\/wp-json\/wp\/v2\/posts"}],"about":[{"href":"https:\/\/portalpopmais.com.br\/en\/wp-json\/wp\/v2\/types\/post"}],"author":[{"embeddable":true,"href":"https:\/\/portalpopmais.com.br\/en\/wp-json\/wp\/v2\/users\/2"}],"replies":[{"embeddable":true,"href":"https:\/\/portalpopmais.com.br\/en\/wp-json\/wp\/v2\/comments?post=200295"}],"version-history":[{"count":0,"href":"https:\/\/portalpopmais.com.br\/en\/wp-json\/wp\/v2\/posts\/200295\/revisions"}],"wp:featuredmedia":[{"embeddable":true,"href":"https:\/\/portalpopmais.com.br\/en\/wp-json\/wp\/v2\/media\/200296"}],"wp:attachment":[{"href":"https:\/\/portalpopmais.com.br\/en\/wp-json\/wp\/v2\/media?parent=200295"}],"wp:term":[{"taxonomy":"category","embeddable":true,"href":"https:\/\/portalpopmais.com.br\/en\/wp-json\/wp\/v2\/categories?post=200295"},{"taxonomy":"post_tag","embeddable":true,"href":"https:\/\/portalpopmais.com.br\/en\/wp-json\/wp\/v2\/tags?post=200295"}],"curies":[{"name":"wp","href":"https:\/\/api.w.org\/{rel}","templated":true}]}}