{"id":200913,"date":"2024-01-12T07:51:27","date_gmt":"2024-01-12T10:51:27","guid":{"rendered":"https:\/\/portalpopmais.com.br\/?p=200913"},"modified":"2024-01-12T07:51:37","modified_gmt":"2024-01-12T10:51:37","slug":"superturne-de-jao-contara-com-mega-estrutura-nos-dois-dias-de-allianz-parque","status":"publish","type":"post","link":"https:\/\/portalpopmais.com.br\/en\/superturne-de-jao-contara-com-mega-estrutura-nos-dois-dias-de-allianz-parque\/","title":{"rendered":"SUPERTURN\u00ca de J\u00e3o contar\u00e1 com mega estrutura nos dois dias de Allianz Parque"},"content":{"rendered":"<p><a href=\"http:\/\/portalpopmais.com.br\/en\/\">J\u00e3o <\/a>est\u00e1 prestes a conquistar mais um marco em sua carreira. Ele se tornar\u00e1 o primeiro artista pop nacional a lotar dois dias seguidos do <a href=\"http:\/\/portalpopmais.com.br\/en\/\">Allianz Parque<\/a>, em S\u00e3o Paulo, com ingressos completamente esgotados. A SUPERTURN\u00ca promete ser hist\u00f3rica e surpreender o p\u00fablico com megaestrutura e uma experi\u00eancia inesquec\u00edvel.<\/p>\n\n\n\n<p>Marcado para os dias 20 e 21 de janeiro, J\u00e3o trar\u00e1 ao palco muitas surpresas e uma estrutura imponente, com 60 metros de passarela, tr\u00eas palcos e um cen\u00e1rio com 30 metros de altura. Al\u00e9m disso, quatro torres de efeitos especiais completar\u00e3o o visual, proporcionando um espet\u00e1culo audiovisual de tirar o f\u00f4lego.<\/p>\n\n\n\n<p>Ao longo de quinze apresenta\u00e7\u00f5es pelo Brasil, <a href=\"http:\/\/portalpopmais.com.br\/en\/\">J\u00e3o <\/a>far\u00e1 uma imers\u00e3o em sua discografia, passeando pelos quatro elementos da natureza: terra, ar, \u00e1gua e fogo, que simbolizam os quatro \u00e1lbuns (Lobos, Anti-Her\u00f3i, Pirata e Super) j\u00e1 lan\u00e7ados pelo cantor.<\/p>\n\n\n\n<p>No repert\u00f3rio, al\u00e9m dos grandes sucessos que j\u00e1 conquistaram o p\u00fablico, o cantor tamb\u00e9m interpretar\u00e1 as m\u00fasicas do seu novo \u00e1lbum &#8216;SUPER&#8217;.<\/p>\n\n\n\n<p>A SUPERTURN\u00ca de J\u00e3o promete marcar a hist\u00f3ria da m\u00fasica nacional, proporcionando momentos inesquec\u00edveis aos f\u00e3s e consolidando ainda mais sua carreira como um dos grandes nomes do pop nacional da atualidade.<\/p>\n\n\n\n<p>Os ingressos para os shows da <a href=\"http:\/\/portalpopmais.com.br\/en\/\">SUPERTURN\u00ca <\/a>nas demais cidades podem ser adquiridos no site\u00a0<a href=\"http:\/\/www.sitedojao.com\/\" target=\"_blank\" rel=\"noreferrer noopener\">www.sitedojao.com<\/a><\/p>\n\n\n\n<p><strong>Sobre J\u00e3o:<\/strong> Com uma discografia promissora e uma presen\u00e7a de palco magn\u00e9tica, J\u00e3o tem conquistado cada vez mais espa\u00e7os de destaque internacional, tornando-o o maior artista pop nacional masculino. Sua participa\u00e7\u00e3o no Rock in Rio 2024, edi\u00e7\u00f5es Brasil e Portugal, e a iminente turn\u00ea nos est\u00e1dios s\u00e3o eventos que comprovam o sucesso do artista e a sua crescente relev\u00e2ncia na ind\u00fastria musical.<\/p>\n\n\n\n<p><em><u>SUPERTURN\u00ca &#8211; SHOWS<\/u><\/em><\/p>\n\n\n\n<p><strong>20 JAN.<br><\/strong>S\u00c3O PAULO, SP<br>ALLIANZ PARQUE<\/p>\n\n\n\n<p><strong>21 JAN.<br><\/strong>S\u00c3O PAULO, SP<br>ALLIANZ PARQUE<\/p>\n\n\n\n<p><strong>24 FEV.<br><\/strong>CURITIBA, PR<br>PEDREIRA PAULO LEMINSKI<\/p>\n\n\n\n<p><strong>02 MAR.<br><\/strong>BELO HORIZONTE, MG<br>ESPLANADA DO MINEIR\u00c3O<\/p>\n\n\n\n<p><strong>09 MAR.<br><\/strong>RIBEIR\u00c3O PRETO, SP<br>EST\u00c1DIO DO COMERCIAL<\/p>\n\n\n\n<p><strong>16 MAR.<br><\/strong>FLORIAN\u00d3POLIS, SC<br>ARENA OPUS<\/p>\n\n\n\n<p><strong>23 MAR.<br><\/strong>PORTO ALEGRE, RS<br>EST\u00c1DIO PASSO D&#8217;AREIA<\/p>\n\n\n\n<p><strong>06 ABR.<br><\/strong>SALVADOR, BA<br>ARENA FONTE NOVA<\/p>\n\n\n\n<p><strong>13 ABR.<br><\/strong>FORTALEZA, CE<br>COLOSSO<\/p>\n\n\n\n<p><strong>20 ABR.<br><\/strong>RECIFE, PE<br>\u00c1REA EXTERNA CENTRO DE CONVEN\u00c7\u00d5ES<\/p>\n\n\n\n<p><strong>27 ABR.<br><\/strong>BRAS\u00cdLIA, DF<br>ARENA BRB NILSON NELSON<\/p>\n\n\n\n<p><strong>04 MAI.<br><\/strong>GOI\u00c2NIA, GO<br>CENTRO CULTURAL OSCAR NIEMEYER<\/p>\n\n\n\n<p><strong>11 MAI.<br><\/strong>RIO DE JANEIRO, RJ<br>RIOARENA<\/p>\n\n\n\n<p><strong>18 MAI.<br><\/strong>BEL\u00c9M, PA<br>ESPA\u00c7O N\u00c1UTICO MARINE CLUBE<\/p>\n\n\n\n<p><strong>25 MAI.<br><\/strong>MANAUS, AM<br>STUDIO 5<\/p>","protected":false},"excerpt":{"rendered":"<p>J\u00e3o est\u00e1 prestes a conquistar mais um marco em sua carreira. Ele se tornar\u00e1 o primeiro artista pop nacional a lotar dois dias seguidos do Allianz Parque, em S\u00e3o Paulo, com ingressos completamente esgotados. A SUPERTURN\u00ca promete ser hist\u00f3rica e surpreender o p\u00fablico com megaestrutura e uma experi\u00eancia inesquec\u00edvel. Marcado para os dias 20 e [&hellip;]<\/p>\n","protected":false},"author":2,"featured_media":200914,"comment_status":"closed","ping_status":"open","sticky":false,"template":"","format":"standard","meta":{"footnotes":""},"categories":[2215,154],"tags":[4060,7991,16088],"class_list":["post-200913","post","type-post","status-publish","format-standard","has-post-thumbnail","hentry","category-eventos","category-musica","tag-allianz-parque","tag-jao-2","tag-superturne"],"_links":{"self":[{"href":"https:\/\/portalpopmais.com.br\/en\/wp-json\/wp\/v2\/posts\/200913","targetHints":{"allow":["GET"]}}],"collection":[{"href":"https:\/\/portalpopmais.com.br\/en\/wp-json\/wp\/v2\/posts"}],"about":[{"href":"https:\/\/portalpopmais.com.br\/en\/wp-json\/wp\/v2\/types\/post"}],"author":[{"embeddable":true,"href":"https:\/\/portalpopmais.com.br\/en\/wp-json\/wp\/v2\/users\/2"}],"replies":[{"embeddable":true,"href":"https:\/\/portalpopmais.com.br\/en\/wp-json\/wp\/v2\/comments?post=200913"}],"version-history":[{"count":0,"href":"https:\/\/portalpopmais.com.br\/en\/wp-json\/wp\/v2\/posts\/200913\/revisions"}],"wp:featuredmedia":[{"embeddable":true,"href":"https:\/\/portalpopmais.com.br\/en\/wp-json\/wp\/v2\/media\/200914"}],"wp:attachment":[{"href":"https:\/\/portalpopmais.com.br\/en\/wp-json\/wp\/v2\/media?parent=200913"}],"wp:term":[{"taxonomy":"category","embeddable":true,"href":"https:\/\/portalpopmais.com.br\/en\/wp-json\/wp\/v2\/categories?post=200913"},{"taxonomy":"post_tag","embeddable":true,"href":"https:\/\/portalpopmais.com.br\/en\/wp-json\/wp\/v2\/tags?post=200913"}],"curies":[{"name":"wp","href":"https:\/\/api.w.org\/{rel}","templated":true}]}}