{"id":202959,"date":"2024-02-06T07:28:23","date_gmt":"2024-02-06T10:28:23","guid":{"rendered":"https:\/\/portalpopmais.com.br\/?p=202959"},"modified":"2024-02-06T07:28:36","modified_gmt":"2024-02-06T10:28:36","slug":"ana-clara-apresentadora-reality","status":"publish","type":"post","link":"https:\/\/portalpopmais.com.br\/en\/ana-clara-apresentadora-reality\/","title":{"rendered":"Ana Clara \u00e9 promovida e ser\u00e1 apresentadora de novo reality show na Globo; saiba tudo"},"content":{"rendered":"<p class=\"wp-block-paragraph\">Ap\u00f3s sucesso em v\u00e1rios programas da <strong>TV Globo<\/strong>, principalmente no Big Brother, a qual j\u00e1 foi at\u00e9 participante, <strong><a href=\"https:\/\/portalpopmais.com.br\/en\/valor-salario-ana-clara\/\" data-type=\"post\" data-id=\"159570\">Ana Clara<\/a><\/strong> foi promovida e ganhar\u00e1 um programa para chamar de seu. A ruiva ir\u00e1 comandar o mais novo reality show da emissora, intitulado &#8216;Estrela da Casa&#8217;. O an\u00fancio foi feito por Tadeu Schmidt ao vivo, durante a edi\u00e7\u00e3o desta segunda-feira (5) do <a href=\"http:\/\/twitter.com\/popmaisfm\" target=\"_blank\" rel=\"noopener\">BBB24<\/a>.<\/p>\n\n\n\n<p class=\"wp-block-paragraph\">Durante o an\u00fancio, Ana Clara tamb\u00e9m contou sobre como est\u00e1 se sentindo com essa nova etapa na sua vida. <em>&#8220;Estou muito empolgada com esse projeto novo. Fiz tantas coisas aqui na casa nos \u00faltimos anos, estou empolgada para esse novo passo, de estar dividindo isso aqui voc\u00eas dentro do est\u00fadio BBB, muito emblem\u00e1tico na minha vida&#8221;,<\/em> contou ela.<\/p>\n\n\n\n<div class=\"wp-block-group\"><div class=\"wp-block-group__inner-container is-layout-constrained wp-block-group-is-layout-constrained\">\n<h2 class=\"wp-block-heading\">Veja mais<\/h2>\n\n\n<ul class=\"wp-block-latest-posts__list is-grid aligncenter wp-block-latest-posts is-layout-flow wp-block-latest-posts-is-layout-flow\"><li><div class=\"wp-block-latest-posts__featured-image aligncenter\"><a href=\"https:\/\/portalpopmais.com.br\/en\/sbt-descarta-programa-patricia-abravanel\/\" aria-label=\"SBT descarta de vez programa fracassado de Patr\u00edcia Abravanel; veja\"><img loading=\"lazy\" decoding=\"async\" width=\"768\" height=\"456\" src=\"https:\/\/portalpopmais.com.br\/wp-content\/uploads\/2021\/06\/patricia-abravanel-vem-pra-ca-reproducao-sbt-768x456.jpg\" class=\"attachment-medium size-medium wp-post-image\" alt=\"Patr\u00edcia Abravanel vem pra c\u00e1\" style=\"\" srcset=\"https:\/\/portalpopmais.com.br\/wp-content\/uploads\/2021\/06\/patricia-abravanel-vem-pra-ca-reproducao-sbt-768x456.jpg 768w, https:\/\/portalpopmais.com.br\/wp-content\/uploads\/2021\/06\/patricia-abravanel-vem-pra-ca-reproducao-sbt-1170x694.jpg 1170w\" sizes=\"auto, (max-width: 768px) 100vw, 768px\" title=\"\"><\/a><\/div><a class=\"wp-block-latest-posts__post-title\" href=\"https:\/\/portalpopmais.com.br\/en\/sbt-descarta-programa-patricia-abravanel\/\">SBT descarta de vez programa fracassado de Patr\u00edcia Abravanel; veja<\/a><\/li>\n<li><div class=\"wp-block-latest-posts__featured-image aligncenter\"><a href=\"https:\/\/portalpopmais.com.br\/en\/morre-luiz-antonio-silva\/\" aria-label=\"Morre Luiz Ant\u00f4nio Silva, m\u00e9dico e apresentador do quadro &#8220;Pergunte ao Doutor&#8221;, aos 63 anos\"><img loading=\"lazy\" decoding=\"async\" width=\"768\" height=\"456\" src=\"https:\/\/portalpopmais.com.br\/wp-content\/uploads\/2026\/09\/Morre-Luiz-Antonio-Silva-768x456.png\" class=\"attachment-medium size-medium wp-post-image\" alt=\"Morre Luiz Ant\u00f4nio Silva\" style=\"\" srcset=\"https:\/\/portalpopmais.com.br\/wp-content\/uploads\/2026\/09\/Morre-Luiz-Antonio-Silva-768x456.png 768w, https:\/\/portalpopmais.com.br\/wp-content\/uploads\/2026\/09\/Morre-Luiz-Antonio-Silva-1170x694.png 1170w, https:\/\/portalpopmais.com.br\/wp-content\/uploads\/2026\/09\/Morre-Luiz-Antonio-Silva-18x12.png 18w\" sizes=\"auto, (max-width: 768px) 100vw, 768px\" title=\"\"><\/a><\/div><a class=\"wp-block-latest-posts__post-title\" href=\"https:\/\/portalpopmais.com.br\/en\/morre-luiz-antonio-silva\/\">Morre Luiz Ant\u00f4nio Silva, m\u00e9dico e apresentador do quadro &#8220;Pergunte ao Doutor&#8221;, aos 63 anos<\/a><\/li>\n<li><div class=\"wp-block-latest-posts__featured-image aligncenter\"><a href=\"https:\/\/portalpopmais.com.br\/en\/apresentadora-de-telejornal-super-jovem-se-despede-da-tv-aos-79-anos\/\" aria-label=\"Apresentadora de telejornal &#8216;super jovem&#8217; se despede da TV aos 79 anos\"><img loading=\"lazy\" decoding=\"async\" width=\"768\" height=\"456\" src=\"https:\/\/portalpopmais.com.br\/wp-content\/uploads\/2026\/09\/tongtv-ubryfjngpy06-768x456.jpg\" class=\"attachment-medium size-medium wp-post-image\" alt=\"tongtv ubryfjngpy06\" style=\"\" srcset=\"https:\/\/portalpopmais.com.br\/wp-content\/uploads\/2026\/09\/tongtv-ubryfjngpy06-768x456.jpg 768w, https:\/\/portalpopmais.com.br\/wp-content\/uploads\/2026\/09\/tongtv-ubryfjngpy06-18x10.jpg 18w\" sizes=\"auto, (max-width: 768px) 100vw, 768px\" title=\"\"><\/a><\/div><a class=\"wp-block-latest-posts__post-title\" href=\"https:\/\/portalpopmais.com.br\/en\/apresentadora-de-telejornal-super-jovem-se-despede-da-tv-aos-79-anos\/\">Apresentadora de telejornal &#8216;super jovem&#8217; se despede da TV aos 79 anos<\/a><\/li>\n<li><div class=\"wp-block-latest-posts__featured-image aligncenter\"><a href=\"https:\/\/portalpopmais.com.br\/en\/leo-dias-anuncia-saida-do-melhor-da-tarde-saiba-o-motivo\/\" aria-label=\"Leo Dias anuncia sa\u00edda do \u201cMelhor da Tarde\u201d; saiba o motivo\"><img loading=\"lazy\" decoding=\"async\" width=\"768\" height=\"456\" src=\"https:\/\/portalpopmais.com.br\/wp-content\/uploads\/2025\/11\/leo-dias-no-melhor-da-tarde-768x456.jpg\" class=\"attachment-medium size-medium wp-post-image\" alt=\"\" style=\"\" srcset=\"https:\/\/portalpopmais.com.br\/wp-content\/uploads\/2025\/11\/leo-dias-no-melhor-da-tarde-768x456.jpg 768w, https:\/\/portalpopmais.com.br\/wp-content\/uploads\/2025\/11\/leo-dias-no-melhor-da-tarde-1170x694.jpg 1170w, https:\/\/portalpopmais.com.br\/wp-content\/uploads\/2025\/11\/leo-dias-no-melhor-da-tarde-18x10.jpg 18w\" sizes=\"auto, (max-width: 768px) 100vw, 768px\" title=\"\"><\/a><\/div><a class=\"wp-block-latest-posts__post-title\" href=\"https:\/\/portalpopmais.com.br\/en\/leo-dias-anuncia-saida-do-melhor-da-tarde-saiba-o-motivo\/\">Leo Dias anuncia sa\u00edda do \u201cMelhor da Tarde\u201d; saiba o motivo<\/a><\/li>\n<li><div class=\"wp-block-latest-posts__featured-image aligncenter\"><a href=\"https:\/\/portalpopmais.com.br\/en\/tulio-amancio-deixa-a-globo-e-estreia-no-sbt-news-na-proxima-semana\/\" aria-label=\"T\u00falio Am\u00e2ncio deixa a Globo e estreia no SBT News na pr\u00f3xima semana\"><img loading=\"lazy\" decoding=\"async\" width=\"768\" height=\"456\" src=\"https:\/\/portalpopmais.com.br\/wp-content\/uploads\/2026\/03\/reporter-bigodudo-gostoso-768x456.webp\" class=\"attachment-medium size-medium wp-post-image\" alt=\"\" style=\"\" srcset=\"https:\/\/portalpopmais.com.br\/wp-content\/uploads\/2026\/03\/reporter-bigodudo-gostoso-768x456.webp 768w, https:\/\/portalpopmais.com.br\/wp-content\/uploads\/2026\/03\/reporter-bigodudo-gostoso-1170x694.webp 1170w, https:\/\/portalpopmais.com.br\/wp-content\/uploads\/2026\/03\/reporter-bigodudo-gostoso-18x10.webp 18w\" sizes=\"auto, (max-width: 768px) 100vw, 768px\" title=\"\"><\/a><\/div><a class=\"wp-block-latest-posts__post-title\" href=\"https:\/\/portalpopmais.com.br\/en\/tulio-amancio-deixa-a-globo-e-estreia-no-sbt-news-na-proxima-semana\/\">T\u00falio Am\u00e2ncio deixa a Globo e estreia no SBT News na pr\u00f3xima semana<\/a><\/li>\n<li><div class=\"wp-block-latest-posts__featured-image aligncenter\"><a href=\"https:\/\/portalpopmais.com.br\/en\/carlos-monforte-um-dos-pioneiros-do-telejornalismo-brasileiro-morre-aos-77-anos\/\" aria-label=\"Carlos Monforte, um dos pioneiros do telejornalismo brasileiro, morre aos 77 anos\"><img loading=\"lazy\" decoding=\"async\" width=\"768\" height=\"456\" src=\"https:\/\/portalpopmais.com.br\/wp-content\/uploads\/2026\/08\/carlos_monforte-vbcdto24yvqr-768x456.png\" class=\"attachment-medium size-medium wp-post-image\" alt=\"carlos monforte vbcdto24yvqr\" style=\"\" srcset=\"https:\/\/portalpopmais.com.br\/wp-content\/uploads\/2026\/08\/carlos_monforte-vbcdto24yvqr-768x456.png 768w, https:\/\/portalpopmais.com.br\/wp-content\/uploads\/2026\/08\/carlos_monforte-vbcdto24yvqr-1170x694.png 1170w, https:\/\/portalpopmais.com.br\/wp-content\/uploads\/2026\/08\/carlos_monforte-vbcdto24yvqr-18x10.png 18w\" sizes=\"auto, (max-width: 768px) 100vw, 768px\" title=\"\"><\/a><\/div><a class=\"wp-block-latest-posts__post-title\" href=\"https:\/\/portalpopmais.com.br\/en\/carlos-monforte-um-dos-pioneiros-do-telejornalismo-brasileiro-morre-aos-77-anos\/\">Carlos Monforte, um dos pioneiros do telejornalismo brasileiro, morre aos 77 anos<\/a><\/li>\n<\/ul><\/div><\/div>\n\n\n\n<p class=\"wp-block-paragraph\">A apresentadora ainda deu detalhes sobre a atra\u00e7\u00e3o.<em> &#8220;Vai ser o maior reality de m\u00fasica da TV brasileira. Vai ser di\u00e1rio, em hor\u00e1rio nobre, e v\u00e3o poder acompanhar 24 horas por dia os confinados. Vai ter prova, conviv\u00eancia, estrat\u00e9gia, vota\u00e7\u00e3o, e tudo isso com o universo da m\u00fasica no meio&#8221;<\/em>, revelou. <\/p>\n\n\n\n<p class=\"wp-block-paragraph\">O novo reality tamb\u00e9m ter\u00e1 uma premia\u00e7\u00e3o em valores, assim como outros <a href=\"http:\/\/twitter.com\/popmaisfm\" target=\"_blank\" rel=\"noopener\">realities<\/a> da casa.<em> &#8220;Al\u00e9m de ficar famoso, o nosso vencedor vai ganhar um bom pr\u00eamio em dinheiro, gerenciamento de carreira e uma turn\u00ea pelo Brasil. Todo mundo vai poder conhecer essa pessoa&#8221;,<\/em> revelou Ana Clara.<\/p>\n\n\n\n<figure class=\"wp-block-embed is-type-rich is-provider-twitter wp-block-embed-twitter\"><div class=\"wp-block-embed__wrapper\">\n<blockquote class=\"twitter-tweet\" data-width=\"550\" data-dnt=\"true\"><p lang=\"pt\" dir=\"ltr\">Vem conferir essa SUPER novidade que vem por a\u00ed: <a href=\"https:\/\/twitter.com\/hashtag\/EstrelaDaCasa?src=hash&amp;ref_src=twsrc%5Etfw\" target=\"_blank\" rel=\"noopener\">#EstrelaDaCasa<\/a> com a maravilhosa <a href=\"https:\/\/twitter.com\/anaclaraac?ref_src=twsrc%5Etfw\" target=\"_blank\" rel=\"noopener\">@anaclaraac<\/a> \ud83d\udc96\u2728 <a href=\"https:\/\/t.co\/9Gz7TAtv0T\">pic.twitter.com\/9Gz7TAtv0T<\/a><\/p>&mdash; TV Globo \ud83d\udcfa (@tvglobo) <a href=\"https:\/\/twitter.com\/tvglobo\/status\/1754679530487259359?ref_src=twsrc%5Etfw\" target=\"_blank\" rel=\"noopener\">February 6, 2024<\/a><\/blockquote><script async src=\"https:\/\/platform.twitter.com\/widgets.js\" charset=\"utf-8\"><\/script>\n<\/div><\/figure>","protected":false},"excerpt":{"rendered":"<p>Ap\u00f3s sucesso em v\u00e1rios programas da TV Globo, principalmente no Big Brother, a qual j\u00e1 foi at\u00e9 participante, Ana Clara foi promovida e ganhar\u00e1 um programa para chamar de seu. A ruiva ir\u00e1 comandar o mais novo reality show da emissora, intitulado &#8216;Estrela da Casa&#8217;. O an\u00fancio foi feito por Tadeu Schmidt ao vivo, durante [&hellip;]<\/p>\n","protected":false},"author":2,"featured_media":202962,"comment_status":"closed","ping_status":"open","sticky":false,"template":"","format":"standard","meta":{"footnotes":""},"categories":[181],"tags":[8430,1665],"class_list":["post-202959","post","type-post","status-publish","format-standard","has-post-thumbnail","hentry","category-televisao","tag-ana-clara","tag-tv-globo"],"_links":{"self":[{"href":"https:\/\/portalpopmais.com.br\/en\/wp-json\/wp\/v2\/posts\/202959","targetHints":{"allow":["GET"]}}],"collection":[{"href":"https:\/\/portalpopmais.com.br\/en\/wp-json\/wp\/v2\/posts"}],"about":[{"href":"https:\/\/portalpopmais.com.br\/en\/wp-json\/wp\/v2\/types\/post"}],"author":[{"embeddable":true,"href":"https:\/\/portalpopmais.com.br\/en\/wp-json\/wp\/v2\/users\/2"}],"replies":[{"embeddable":true,"href":"https:\/\/portalpopmais.com.br\/en\/wp-json\/wp\/v2\/comments?post=202959"}],"version-history":[{"count":0,"href":"https:\/\/portalpopmais.com.br\/en\/wp-json\/wp\/v2\/posts\/202959\/revisions"}],"wp:featuredmedia":[{"embeddable":true,"href":"https:\/\/portalpopmais.com.br\/en\/wp-json\/wp\/v2\/media\/202962"}],"wp:attachment":[{"href":"https:\/\/portalpopmais.com.br\/en\/wp-json\/wp\/v2\/media?parent=202959"}],"wp:term":[{"taxonomy":"category","embeddable":true,"href":"https:\/\/portalpopmais.com.br\/en\/wp-json\/wp\/v2\/categories?post=202959"},{"taxonomy":"post_tag","embeddable":true,"href":"https:\/\/portalpopmais.com.br\/en\/wp-json\/wp\/v2\/tags?post=202959"}],"curies":[{"name":"wp","href":"https:\/\/api.w.org\/{rel}","templated":true}]}}