{"id":203122,"date":"2024-02-07T18:33:29","date_gmt":"2024-02-07T21:33:29","guid":{"rendered":"https:\/\/portalpopmais.com.br\/?p=203122"},"modified":"2024-02-07T18:33:42","modified_gmt":"2024-02-07T21:33:42","slug":"regina-duarte-globo-remake-vale-tudo","status":"publish","type":"post","link":"https:\/\/portalpopmais.com.br\/en\/regina-duarte-globo-remake-vale-tudo\/","title":{"rendered":"Globo planeja escalar Regina Duarte para o remake de &#8216;Vale Tudo&#8217;, diz site"},"content":{"rendered":"<p class=\"wp-block-paragraph\">Celebrando 60 anos em 2025, a <strong><a href=\"https:\/\/portalpopmais.com.br\/en\/ana-clara-apresentadora-reality\/\" data-type=\"post\" data-id=\"202959\">Globo<\/a><\/strong> prepara o remake de &#8216;Vale Tudo&#8217; para comemorar a ocasi\u00e3o especial. A novela fez um grande sucesso em 1988 e marcou \u00e9poca. Para o elenco, a emissora planeja trazer <strong><a href=\"http:\/\/twitter.com\/popmaisfm\" target=\"_blank\" rel=\"noopener\">Regina Duarte<\/a><\/strong>.<\/p>\n\n\n\n<p class=\"wp-block-paragraph\">A ideia \u00e9 que a atriz interprete a ic\u00f4nica vil\u00e3 Odete Roitman, de acordo com a coluna de Sandro Nascimento do portal NaTelinha. O folhetim tem previs\u00e3o para estrear em mar\u00e7o do ano que vem.<\/p>\n\n\n\n<div class=\"wp-block-group\"><div class=\"wp-block-group__inner-container is-layout-constrained wp-block-group-is-layout-constrained\">\n<h2 class=\"wp-block-heading\">Veja mais<\/h2>\n\n\n<ul class=\"wp-block-latest-posts__list is-grid aligncenter wp-block-latest-posts is-layout-flow wp-block-latest-posts-is-layout-flow\"><li><div class=\"wp-block-latest-posts__featured-image aligncenter\"><a href=\"https:\/\/portalpopmais.com.br\/en\/sbt-descarta-programa-patricia-abravanel\/\" aria-label=\"SBT descarta de vez programa fracassado de Patr\u00edcia Abravanel; veja\"><img loading=\"lazy\" decoding=\"async\" width=\"768\" height=\"456\" src=\"https:\/\/portalpopmais.com.br\/wp-content\/uploads\/2021\/06\/patricia-abravanel-vem-pra-ca-reproducao-sbt-768x456.jpg\" class=\"attachment-medium size-medium wp-post-image\" alt=\"Patr\u00edcia Abravanel vem pra c\u00e1\" style=\"\" srcset=\"https:\/\/portalpopmais.com.br\/wp-content\/uploads\/2021\/06\/patricia-abravanel-vem-pra-ca-reproducao-sbt-768x456.jpg 768w, https:\/\/portalpopmais.com.br\/wp-content\/uploads\/2021\/06\/patricia-abravanel-vem-pra-ca-reproducao-sbt-1170x694.jpg 1170w\" sizes=\"auto, (max-width: 768px) 100vw, 768px\" title=\"\"><\/a><\/div><a class=\"wp-block-latest-posts__post-title\" href=\"https:\/\/portalpopmais.com.br\/en\/sbt-descarta-programa-patricia-abravanel\/\">SBT descarta de vez programa fracassado de Patr\u00edcia Abravanel; veja<\/a><\/li>\n<li><div class=\"wp-block-latest-posts__featured-image aligncenter\"><a href=\"https:\/\/portalpopmais.com.br\/en\/morre-luiz-antonio-silva\/\" aria-label=\"Morre Luiz Ant\u00f4nio Silva, m\u00e9dico e apresentador do quadro &#8220;Pergunte ao Doutor&#8221;, aos 63 anos\"><img loading=\"lazy\" decoding=\"async\" width=\"768\" height=\"456\" src=\"https:\/\/portalpopmais.com.br\/wp-content\/uploads\/2026\/09\/Morre-Luiz-Antonio-Silva-768x456.png\" class=\"attachment-medium size-medium wp-post-image\" alt=\"Morre Luiz Ant\u00f4nio Silva\" style=\"\" srcset=\"https:\/\/portalpopmais.com.br\/wp-content\/uploads\/2026\/09\/Morre-Luiz-Antonio-Silva-768x456.png 768w, https:\/\/portalpopmais.com.br\/wp-content\/uploads\/2026\/09\/Morre-Luiz-Antonio-Silva-1170x694.png 1170w, https:\/\/portalpopmais.com.br\/wp-content\/uploads\/2026\/09\/Morre-Luiz-Antonio-Silva-18x12.png 18w\" sizes=\"auto, (max-width: 768px) 100vw, 768px\" title=\"\"><\/a><\/div><a class=\"wp-block-latest-posts__post-title\" href=\"https:\/\/portalpopmais.com.br\/en\/morre-luiz-antonio-silva\/\">Morre Luiz Ant\u00f4nio Silva, m\u00e9dico e apresentador do quadro &#8220;Pergunte ao Doutor&#8221;, aos 63 anos<\/a><\/li>\n<li><div class=\"wp-block-latest-posts__featured-image aligncenter\"><a href=\"https:\/\/portalpopmais.com.br\/en\/apresentadora-de-telejornal-super-jovem-se-despede-da-tv-aos-79-anos\/\" aria-label=\"Apresentadora de telejornal &#8216;super jovem&#8217; se despede da TV aos 79 anos\"><img loading=\"lazy\" decoding=\"async\" width=\"768\" height=\"456\" src=\"https:\/\/portalpopmais.com.br\/wp-content\/uploads\/2026\/09\/tongtv-ubryfjngpy06-768x456.jpg\" class=\"attachment-medium size-medium wp-post-image\" alt=\"tongtv ubryfjngpy06\" style=\"\" srcset=\"https:\/\/portalpopmais.com.br\/wp-content\/uploads\/2026\/09\/tongtv-ubryfjngpy06-768x456.jpg 768w, https:\/\/portalpopmais.com.br\/wp-content\/uploads\/2026\/09\/tongtv-ubryfjngpy06-18x10.jpg 18w\" sizes=\"auto, (max-width: 768px) 100vw, 768px\" title=\"\"><\/a><\/div><a class=\"wp-block-latest-posts__post-title\" href=\"https:\/\/portalpopmais.com.br\/en\/apresentadora-de-telejornal-super-jovem-se-despede-da-tv-aos-79-anos\/\">Apresentadora de telejornal &#8216;super jovem&#8217; se despede da TV aos 79 anos<\/a><\/li>\n<li><div class=\"wp-block-latest-posts__featured-image aligncenter\"><a href=\"https:\/\/portalpopmais.com.br\/en\/leo-dias-anuncia-saida-do-melhor-da-tarde-saiba-o-motivo\/\" aria-label=\"Leo Dias anuncia sa\u00edda do \u201cMelhor da Tarde\u201d; saiba o motivo\"><img loading=\"lazy\" decoding=\"async\" width=\"768\" height=\"456\" src=\"https:\/\/portalpopmais.com.br\/wp-content\/uploads\/2025\/11\/leo-dias-no-melhor-da-tarde-768x456.jpg\" class=\"attachment-medium size-medium wp-post-image\" alt=\"\" style=\"\" srcset=\"https:\/\/portalpopmais.com.br\/wp-content\/uploads\/2025\/11\/leo-dias-no-melhor-da-tarde-768x456.jpg 768w, https:\/\/portalpopmais.com.br\/wp-content\/uploads\/2025\/11\/leo-dias-no-melhor-da-tarde-1170x694.jpg 1170w, https:\/\/portalpopmais.com.br\/wp-content\/uploads\/2025\/11\/leo-dias-no-melhor-da-tarde-18x10.jpg 18w\" sizes=\"auto, (max-width: 768px) 100vw, 768px\" title=\"\"><\/a><\/div><a class=\"wp-block-latest-posts__post-title\" href=\"https:\/\/portalpopmais.com.br\/en\/leo-dias-anuncia-saida-do-melhor-da-tarde-saiba-o-motivo\/\">Leo Dias anuncia sa\u00edda do \u201cMelhor da Tarde\u201d; saiba o motivo<\/a><\/li>\n<li><div class=\"wp-block-latest-posts__featured-image aligncenter\"><a href=\"https:\/\/portalpopmais.com.br\/en\/tulio-amancio-deixa-a-globo-e-estreia-no-sbt-news-na-proxima-semana\/\" aria-label=\"T\u00falio Am\u00e2ncio deixa a Globo e estreia no SBT News na pr\u00f3xima semana\"><img loading=\"lazy\" decoding=\"async\" width=\"768\" height=\"456\" src=\"https:\/\/portalpopmais.com.br\/wp-content\/uploads\/2026\/03\/reporter-bigodudo-gostoso-768x456.webp\" class=\"attachment-medium size-medium wp-post-image\" alt=\"\" style=\"\" srcset=\"https:\/\/portalpopmais.com.br\/wp-content\/uploads\/2026\/03\/reporter-bigodudo-gostoso-768x456.webp 768w, https:\/\/portalpopmais.com.br\/wp-content\/uploads\/2026\/03\/reporter-bigodudo-gostoso-1170x694.webp 1170w, https:\/\/portalpopmais.com.br\/wp-content\/uploads\/2026\/03\/reporter-bigodudo-gostoso-18x10.webp 18w\" sizes=\"auto, (max-width: 768px) 100vw, 768px\" title=\"\"><\/a><\/div><a class=\"wp-block-latest-posts__post-title\" href=\"https:\/\/portalpopmais.com.br\/en\/tulio-amancio-deixa-a-globo-e-estreia-no-sbt-news-na-proxima-semana\/\">T\u00falio Am\u00e2ncio deixa a Globo e estreia no SBT News na pr\u00f3xima semana<\/a><\/li>\n<li><div class=\"wp-block-latest-posts__featured-image aligncenter\"><a href=\"https:\/\/portalpopmais.com.br\/en\/carlos-monforte-um-dos-pioneiros-do-telejornalismo-brasileiro-morre-aos-77-anos\/\" aria-label=\"Carlos Monforte, um dos pioneiros do telejornalismo brasileiro, morre aos 77 anos\"><img loading=\"lazy\" decoding=\"async\" width=\"768\" height=\"456\" src=\"https:\/\/portalpopmais.com.br\/wp-content\/uploads\/2026\/08\/carlos_monforte-vbcdto24yvqr-768x456.png\" class=\"attachment-medium size-medium wp-post-image\" alt=\"carlos monforte vbcdto24yvqr\" style=\"\" srcset=\"https:\/\/portalpopmais.com.br\/wp-content\/uploads\/2026\/08\/carlos_monforte-vbcdto24yvqr-768x456.png 768w, https:\/\/portalpopmais.com.br\/wp-content\/uploads\/2026\/08\/carlos_monforte-vbcdto24yvqr-1170x694.png 1170w, https:\/\/portalpopmais.com.br\/wp-content\/uploads\/2026\/08\/carlos_monforte-vbcdto24yvqr-18x10.png 18w\" sizes=\"auto, (max-width: 768px) 100vw, 768px\" title=\"\"><\/a><\/div><a class=\"wp-block-latest-posts__post-title\" href=\"https:\/\/portalpopmais.com.br\/en\/carlos-monforte-um-dos-pioneiros-do-telejornalismo-brasileiro-morre-aos-77-anos\/\">Carlos Monforte, um dos pioneiros do telejornalismo brasileiro, morre aos 77 anos<\/a><\/li>\n<\/ul><\/div><\/div>\n\n\n\n<p class=\"wp-block-paragraph\">Nos bastidores, Regina Duarte \u00e9 a primeira da lista para interpretar a famosa personagem, mas ainda h\u00e1 controv\u00e9rsias j\u00e1 que alguns est\u00e3o temerosos com seu retorno, ap\u00f3s deixar o canal a convite do ex-presidente Jair Bolsonaro para ocupar a Secretaria Especial de Cultura.<\/p>\n\n\n\n<p class=\"wp-block-paragraph\">Ainda segundo o jornalista Sandro Nascimento, existe um entendimento que a atriz no papel Odete Roitman tem o potencial de atrair a audi\u00eancia j\u00e1 que a Globo deseja evitar a percep\u00e7\u00e3o de ser uma emissora alinhada \u00e0 esquerda. Pois a V\u00eanus Platinada quer ser vista por todos os p\u00fablicos e linhas ideol\u00f3gicas.<\/p>","protected":false},"excerpt":{"rendered":"<p>Celebrando 60 anos em 2025, a Globo prepara o remake de &#8216;Vale Tudo&#8217; para comemorar a ocasi\u00e3o especial. A novela fez um grande sucesso em 1988 e marcou \u00e9poca. Para o elenco, a emissora planeja trazer Regina Duarte. A ideia \u00e9 que a atriz interprete a ic\u00f4nica vil\u00e3 Odete Roitman, de acordo com a coluna [&hellip;]<\/p>\n","protected":false},"author":2,"featured_media":85028,"comment_status":"closed","ping_status":"open","sticky":false,"template":"","format":"standard","meta":{"footnotes":""},"categories":[181],"tags":[2260],"class_list":["post-203122","post","type-post","status-publish","format-standard","has-post-thumbnail","hentry","category-televisao","tag-regina-duarte"],"_links":{"self":[{"href":"https:\/\/portalpopmais.com.br\/en\/wp-json\/wp\/v2\/posts\/203122","targetHints":{"allow":["GET"]}}],"collection":[{"href":"https:\/\/portalpopmais.com.br\/en\/wp-json\/wp\/v2\/posts"}],"about":[{"href":"https:\/\/portalpopmais.com.br\/en\/wp-json\/wp\/v2\/types\/post"}],"author":[{"embeddable":true,"href":"https:\/\/portalpopmais.com.br\/en\/wp-json\/wp\/v2\/users\/2"}],"replies":[{"embeddable":true,"href":"https:\/\/portalpopmais.com.br\/en\/wp-json\/wp\/v2\/comments?post=203122"}],"version-history":[{"count":0,"href":"https:\/\/portalpopmais.com.br\/en\/wp-json\/wp\/v2\/posts\/203122\/revisions"}],"wp:featuredmedia":[{"embeddable":true,"href":"https:\/\/portalpopmais.com.br\/en\/wp-json\/wp\/v2\/media\/85028"}],"wp:attachment":[{"href":"https:\/\/portalpopmais.com.br\/en\/wp-json\/wp\/v2\/media?parent=203122"}],"wp:term":[{"taxonomy":"category","embeddable":true,"href":"https:\/\/portalpopmais.com.br\/en\/wp-json\/wp\/v2\/categories?post=203122"},{"taxonomy":"post_tag","embeddable":true,"href":"https:\/\/portalpopmais.com.br\/en\/wp-json\/wp\/v2\/tags?post=203122"}],"curies":[{"name":"wp","href":"https:\/\/api.w.org\/{rel}","templated":true}]}}