{"id":203768,"date":"2024-02-14T12:22:04","date_gmt":"2024-02-14T15:22:04","guid":{"rendered":"https:\/\/portalpopmais.com.br\/?p=203768"},"modified":"2024-02-14T12:22:17","modified_gmt":"2024-02-14T15:22:17","slug":"cobertura-carnaval-globo-nota-repudio","status":"publish","type":"post","link":"https:\/\/portalpopmais.com.br\/en\/cobertura-carnaval-globo-nota-repudio\/","title":{"rendered":"Sob o comando de Boninho, cobertura da Globo no Carnaval recebe nota de rep\u00fadio"},"content":{"rendered":"<p class=\"wp-block-paragraph\">A cobertura do Carnaval realizada pela <strong><a href=\"https:\/\/portalpopmais.com.br\/en\/jornalista-da-tv-globo-tem-mal-subito\/\" data-type=\"post\" data-id=\"200487\">TV Globo<\/a><\/strong> n\u00e3o agradou ao p\u00fablico e tamb\u00e9m aos jornalistas. Este ano, a emissora optou por colocar a transmiss\u00e3o do evento sob a responsabilidade do entretenimento, mais precisamente sob o comando de J.B. de Olieira, o Boninho &#8211; que tamb\u00e9m dirige o Big Brother Brasil.<\/p>\n\n\n\n<p class=\"wp-block-paragraph\">Por\u00e9m, a decis\u00e3o saiu como um &#8220;tiro no p\u00e9&#8221;, e a cobertura da festa foi alvo de cr\u00edticas. A troca do jornalismo para o entretenimento custou caro \u00e0 emissora, que n\u00e3o exibiu pontos cruciais do evento \u2014 como o \u201cesquenta\u201d das escolas de samba, o atropelamento de uma mulher por um carro da Porto da Pedra e a falha em transmitir a comiss\u00e3o de frente da Beija-flor.<\/p>\n\n\n\n<div class=\"wp-block-group\"><div class=\"wp-block-group__inner-container is-layout-constrained wp-block-group-is-layout-constrained\">\n<h2 class=\"wp-block-heading\">Veja tamb\u00e9m<\/h2>\n\n\n<ul class=\"wp-block-latest-posts__list is-grid aligncenter wp-block-latest-posts is-layout-flow wp-block-latest-posts-is-layout-flow\"><li><div class=\"wp-block-latest-posts__featured-image aligncenter\"><a href=\"https:\/\/portalpopmais.com.br\/en\/nina-dobrev-e-retirada-do-tapete-vermelho-no-festival-de-veneza-eu-teria-evaporado-de-vergonha\/\" aria-label=\"Nina Dobrev \u00e9 retirada do tapete vermelho no Festival de Veneza: \u201cEu teria evaporado de vergonha\u201d\"><img loading=\"lazy\" decoding=\"async\" width=\"768\" height=\"456\" src=\"https:\/\/portalpopmais.com.br\/wp-content\/uploads\/2026\/09\/Screenshot_20260903-194159-768x456.png\" class=\"attachment-medium size-medium wp-post-image\" alt=\"Screenshot 20260903 194159\" style=\"\" srcset=\"https:\/\/portalpopmais.com.br\/wp-content\/uploads\/2026\/09\/Screenshot_20260903-194159-768x456.png 768w, https:\/\/portalpopmais.com.br\/wp-content\/uploads\/2026\/09\/Screenshot_20260903-194159-18x12.png 18w\" sizes=\"auto, (max-width: 768px) 100vw, 768px\" title=\"\"><\/a><\/div><a class=\"wp-block-latest-posts__post-title\" href=\"https:\/\/portalpopmais.com.br\/en\/nina-dobrev-e-retirada-do-tapete-vermelho-no-festival-de-veneza-eu-teria-evaporado-de-vergonha\/\">Nina Dobrev \u00e9 retirada do tapete vermelho no Festival de Veneza: \u201cEu teria evaporado de vergonha\u201d<\/a><\/li>\n<li><div class=\"wp-block-latest-posts__featured-image aligncenter\"><a href=\"https:\/\/portalpopmais.com.br\/en\/justica-condena-miguel-falabella-por-plagio-em-peca-de-teatro\/\" aria-label=\"Justi\u00e7a condena Miguel Falabella por pl\u00e1gio em pe\u00e7a de teatro\"><img loading=\"lazy\" decoding=\"async\" width=\"768\" height=\"456\" src=\"https:\/\/portalpopmais.com.br\/wp-content\/uploads\/2020\/06\/falabella-768x456.jpg\" class=\"attachment-medium size-medium wp-post-image\" alt=\"Miguel Falabella \u00e9 demitido da Globo ap\u00f3s quase 40 anos\" style=\"\" srcset=\"https:\/\/portalpopmais.com.br\/wp-content\/uploads\/2020\/06\/falabella-768x456.jpg 768w, https:\/\/portalpopmais.com.br\/wp-content\/uploads\/2020\/06\/falabella-1170x694.jpg 1170w\" sizes=\"auto, (max-width: 768px) 100vw, 768px\" title=\"\"><\/a><\/div><a class=\"wp-block-latest-posts__post-title\" href=\"https:\/\/portalpopmais.com.br\/en\/justica-condena-miguel-falabella-por-plagio-em-peca-de-teatro\/\">Justi\u00e7a condena Miguel Falabella por pl\u00e1gio em pe\u00e7a de teatro<\/a><\/li>\n<li><div class=\"wp-block-latest-posts__featured-image aligncenter\"><a href=\"https:\/\/portalpopmais.com.br\/en\/juliano-floss-e-flagrado-em-momento-intimo-com-affair\/\" aria-label=\"Juliano Floss \u00e9 flagrado em momento \u00edntimo com affair\"><img loading=\"lazy\" decoding=\"async\" width=\"768\" height=\"456\" src=\"https:\/\/portalpopmais.com.br\/wp-content\/uploads\/2026\/02\/juliano-floss-768x456.jpg\" class=\"attachment-medium size-medium wp-post-image\" alt=\"juliano floss\" style=\"\" srcset=\"https:\/\/portalpopmais.com.br\/wp-content\/uploads\/2026\/02\/juliano-floss-768x456.jpg 768w, https:\/\/portalpopmais.com.br\/wp-content\/uploads\/2026\/02\/juliano-floss-1170x694.jpg 1170w, https:\/\/portalpopmais.com.br\/wp-content\/uploads\/2026\/02\/juliano-floss-18x10.jpg 18w\" sizes=\"auto, (max-width: 768px) 100vw, 768px\" title=\"\"><\/a><\/div><a class=\"wp-block-latest-posts__post-title\" href=\"https:\/\/portalpopmais.com.br\/en\/juliano-floss-e-flagrado-em-momento-intimo-com-affair\/\">Juliano Floss \u00e9 flagrado em momento \u00edntimo com affair<\/a><\/li>\n<li><div class=\"wp-block-latest-posts__featured-image aligncenter\"><a href=\"https:\/\/portalpopmais.com.br\/en\/sbt-descarta-programa-patricia-abravanel\/\" aria-label=\"SBT descarta de vez programa fracassado de Patr\u00edcia Abravanel; veja\"><img loading=\"lazy\" decoding=\"async\" width=\"768\" height=\"456\" src=\"https:\/\/portalpopmais.com.br\/wp-content\/uploads\/2021\/06\/patricia-abravanel-vem-pra-ca-reproducao-sbt-768x456.jpg\" class=\"attachment-medium size-medium wp-post-image\" alt=\"Patr\u00edcia Abravanel vem pra c\u00e1\" style=\"\" srcset=\"https:\/\/portalpopmais.com.br\/wp-content\/uploads\/2021\/06\/patricia-abravanel-vem-pra-ca-reproducao-sbt-768x456.jpg 768w, https:\/\/portalpopmais.com.br\/wp-content\/uploads\/2021\/06\/patricia-abravanel-vem-pra-ca-reproducao-sbt-1170x694.jpg 1170w\" sizes=\"auto, (max-width: 768px) 100vw, 768px\" title=\"\"><\/a><\/div><a class=\"wp-block-latest-posts__post-title\" href=\"https:\/\/portalpopmais.com.br\/en\/sbt-descarta-programa-patricia-abravanel\/\">SBT descarta de vez programa fracassado de Patr\u00edcia Abravanel; veja<\/a><\/li>\n<li><div class=\"wp-block-latest-posts__featured-image aligncenter\"><a href=\"https:\/\/portalpopmais.com.br\/en\/gloria-steinem-um-dos-maiores-icones-do-feminismo-mundial-morre-aos-92-anos\/\" aria-label=\"Gloria Steinem, um dos maiores \u00edcones do feminismo mundial, morre aos 92 anos\"><img loading=\"lazy\" decoding=\"async\" width=\"768\" height=\"456\" src=\"https:\/\/portalpopmais.com.br\/wp-content\/uploads\/2026\/09\/Gloria-Steinem-768x456.webp\" class=\"attachment-medium size-medium wp-post-image\" alt=\"Gloria Steinem\" style=\"\" srcset=\"https:\/\/portalpopmais.com.br\/wp-content\/uploads\/2026\/09\/Gloria-Steinem-768x456.webp 768w, https:\/\/portalpopmais.com.br\/wp-content\/uploads\/2026\/09\/Gloria-Steinem-1170x694.webp 1170w, https:\/\/portalpopmais.com.br\/wp-content\/uploads\/2026\/09\/Gloria-Steinem-18x12.webp 18w\" sizes=\"auto, (max-width: 768px) 100vw, 768px\" title=\"\"><\/a><\/div><a class=\"wp-block-latest-posts__post-title\" href=\"https:\/\/portalpopmais.com.br\/en\/gloria-steinem-um-dos-maiores-icones-do-feminismo-mundial-morre-aos-92-anos\/\">Gloria Steinem, um dos maiores \u00edcones do feminismo mundial, morre aos 92 anos<\/a><\/li>\n<li><div class=\"wp-block-latest-posts__featured-image aligncenter\"><a href=\"https:\/\/portalpopmais.com.br\/en\/supernanny-cris-poli-emociona-ao-falar-sobre-a-morte-de-um-dos-filhos-vitima-de-cancer\/\" aria-label=\"Supernanny, Cris Poli, emociona ao falar sobre a morte de um dos filhos v\u00edtima de c\u00e2ncer\"><img loading=\"lazy\" decoding=\"async\" width=\"768\" height=\"456\" src=\"https:\/\/portalpopmais.com.br\/wp-content\/uploads\/2026\/09\/1_lembra-dela-supernanny-faz-desabafo-comovente-apos-morte-do-filho-67584505-768x456.jpg\" class=\"attachment-medium size-medium wp-post-image\" alt=\"1 lembra dela supernanny faz desabafo comovente apos morte do filho 67584505\" style=\"\" srcset=\"https:\/\/portalpopmais.com.br\/wp-content\/uploads\/2026\/09\/1_lembra-dela-supernanny-faz-desabafo-comovente-apos-morte-do-filho-67584505-768x456.jpg 768w, https:\/\/portalpopmais.com.br\/wp-content\/uploads\/2026\/09\/1_lembra-dela-supernanny-faz-desabafo-comovente-apos-morte-do-filho-67584505-1170x694.jpg 1170w, https:\/\/portalpopmais.com.br\/wp-content\/uploads\/2026\/09\/1_lembra-dela-supernanny-faz-desabafo-comovente-apos-morte-do-filho-67584505-18x12.jpg 18w\" sizes=\"auto, (max-width: 768px) 100vw, 768px\" title=\"\"><\/a><\/div><a class=\"wp-block-latest-posts__post-title\" href=\"https:\/\/portalpopmais.com.br\/en\/supernanny-cris-poli-emociona-ao-falar-sobre-a-morte-de-um-dos-filhos-vitima-de-cancer\/\">Supernanny, Cris Poli, emociona ao falar sobre a morte de um dos filhos v\u00edtima de c\u00e2ncer<\/a><\/li>\n<\/ul><\/div><\/div>\n\n\n\n<p class=\"wp-block-paragraph\">Nesse ano, Kenya Sade e Victor diCastro, respons\u00e1veis pelas reportagens em campo, foram criticados por suas coberturas \u201crasas\u201d e pela falha em veicular informa\u00e7\u00f5es importantes. Na transmiss\u00e3o em est\u00fadio, Alex Escobar, Karine Alves e Milton Cunha marcaram <a href=\"http:\/\/twitter.com\/popmaisfm\" target=\"_blank\" rel=\"noopener\">presen\u00e7a<\/a>.<\/p>\n\n\n\n<p class=\"wp-block-paragraph\">Federa\u00e7\u00e3o Nacional dos Jornalistas se pronunciou sobre a cobertura e emitiu uma nota de rep\u00fadio. Veja na \u00edntegra:<\/p>\n\n\n\n<p class=\"wp-block-paragraph\"><em>\u201cFENAJ repudia falhas na transmiss\u00e3o e destaca import\u00e2ncia do Jornalismo na cobertura do Carnaval<\/em><\/p>\n\n\n\n<p class=\"wp-block-paragraph\"><em>Erros na transmiss\u00e3o, entrevistadores despreparados e desinformados e falta de detalhes foram algumas das reclama\u00e7\u00f5es feitas nas redes sociais pelo p\u00fablico que acompanhou os desfiles das escolas de samba pela televis\u00e3o aberta em rede comercial neste Carnaval de 2024. Ao abrir m\u00e3o de rep\u00f3rteres, a emissora detentora do direito comercial de transmiss\u00e3o deixou as\/os espectadores sem informa\u00e7\u00f5es cruciais sobre a festa.<\/em><\/p>\n\n\n\n<p class=\"wp-block-paragraph\"><em>A Federa\u00e7\u00e3o Nacional dos Jornalistas (FENAJ) enfatiza a import\u00e2ncia essencial do trabalho jornal\u00edstico na cobertura deste evento t\u00e3o importante para a cultura nacional, pois os\/as jornalistas trazem uma perspectiva hist\u00f3rica e social para o trabalho, enriquecendo a compreens\u00e3o p\u00fablica do Carnaval.<\/em><\/p>\n\n\n\n<p class=\"wp-block-paragraph\"><em>Por meio de reportagens, an\u00e1lises contextuais e entrevistas, as\/os jornalistas oferecem ao p\u00fablico uma vis\u00e3o abrangente das tradi\u00e7\u00f5es, dos desafios e das transforma\u00e7\u00f5es do Carnaval. Al\u00e9m disso, destacam-se as quest\u00f5es sociais e pol\u00edticas que permeiam essa celebra\u00e7\u00e3o, proporcionando uma reflex\u00e3o cr\u00edtica sobre seu impacto na sociedade.<\/em><\/p>\n\n\n\n<p class=\"wp-block-paragraph\"><em>Neste sentido, a FENAJ exorta o p\u00fablico a reconhecer o valor inestim\u00e1vel do jornalismo na promo\u00e7\u00e3o da informa\u00e7\u00e3o precisa e na preserva\u00e7\u00e3o da mem\u00f3ria coletiva. Ao valorizarmos o trabalho das\/dos jornalistas durante o Carnaval, fortalecemos n\u00e3o apenas a liberdade de imprensa, mas tamb\u00e9m a nossa compreens\u00e3o mais profunda das complexidades culturais e sociais que moldam essa festividade t\u00e3o emblem\u00e1tica.\u201d<\/em><\/p>","protected":false},"excerpt":{"rendered":"<p>A cobertura do Carnaval realizada pela TV Globo n\u00e3o agradou ao p\u00fablico e tamb\u00e9m aos jornalistas. Este ano, a emissora optou por colocar a transmiss\u00e3o do evento sob a responsabilidade do entretenimento, mais precisamente sob o comando de J.B. de Olieira, o Boninho &#8211; que tamb\u00e9m dirige o Big Brother Brasil. Por\u00e9m, a decis\u00e3o saiu [&hellip;]<\/p>\n","protected":false},"author":2,"featured_media":203769,"comment_status":"closed","ping_status":"open","sticky":false,"template":"","format":"standard","meta":{"footnotes":""},"categories":[181],"tags":[13556,1665],"class_list":["post-203768","post","type-post","status-publish","format-standard","has-post-thumbnail","hentry","category-televisao","tag-carnaval-2","tag-tv-globo"],"_links":{"self":[{"href":"https:\/\/portalpopmais.com.br\/en\/wp-json\/wp\/v2\/posts\/203768","targetHints":{"allow":["GET"]}}],"collection":[{"href":"https:\/\/portalpopmais.com.br\/en\/wp-json\/wp\/v2\/posts"}],"about":[{"href":"https:\/\/portalpopmais.com.br\/en\/wp-json\/wp\/v2\/types\/post"}],"author":[{"embeddable":true,"href":"https:\/\/portalpopmais.com.br\/en\/wp-json\/wp\/v2\/users\/2"}],"replies":[{"embeddable":true,"href":"https:\/\/portalpopmais.com.br\/en\/wp-json\/wp\/v2\/comments?post=203768"}],"version-history":[{"count":0,"href":"https:\/\/portalpopmais.com.br\/en\/wp-json\/wp\/v2\/posts\/203768\/revisions"}],"wp:featuredmedia":[{"embeddable":true,"href":"https:\/\/portalpopmais.com.br\/en\/wp-json\/wp\/v2\/media\/203769"}],"wp:attachment":[{"href":"https:\/\/portalpopmais.com.br\/en\/wp-json\/wp\/v2\/media?parent=203768"}],"wp:term":[{"taxonomy":"category","embeddable":true,"href":"https:\/\/portalpopmais.com.br\/en\/wp-json\/wp\/v2\/categories?post=203768"},{"taxonomy":"post_tag","embeddable":true,"href":"https:\/\/portalpopmais.com.br\/en\/wp-json\/wp\/v2\/tags?post=203768"}],"curies":[{"name":"wp","href":"https:\/\/api.w.org\/{rel}","templated":true}]}}