{"id":203819,"date":"2024-02-15T06:23:07","date_gmt":"2024-02-15T09:23:07","guid":{"rendered":"https:\/\/portalpopmais.com.br\/?p=203819"},"modified":"2024-02-15T07:25:04","modified_gmt":"2024-02-15T10:25:04","slug":"ex-bbb-victor-hugo-proprio-reality-a-bolha","status":"publish","type":"post","link":"https:\/\/portalpopmais.com.br\/en\/ex-bbb-victor-hugo-proprio-reality-a-bolha\/","title":{"rendered":"Ex-BBB Victor Hugo anuncia seu pr\u00f3prio reality show: &#8216;A Bolha&#8217;; saiba tudo"},"content":{"rendered":"<p class=\"wp-block-paragraph\"><strong><a href=\"https:\/\/portalpopmais.com.br\/en\/quase-louco-rick-nogueira-veja-letra\/\" data-type=\"post\" data-id=\"169029\">Victor Hugo<\/a><\/strong>, ex-participante do BBB20, anunciou o <strong>lan\u00e7amento <\/strong>de seu projeto, um reality show online, que promete transformar a experi\u00eancia do entretenimento. A novidade foi divulgada nesta quarta-feira (14). O projeto promete combinar tecnologia avan\u00e7ada com intera\u00e7\u00e3o social, em um ambiente totalmente virtual.<\/p>\n\n\n\n<p class=\"wp-block-paragraph\">Intitulado &#8216;<strong>A Bolha<\/strong>&#8216;, o reality contar\u00e1 com a participa\u00e7\u00e3o de 20 escolhidos entre os 504 inscritos, revelados em uma festa especial no \u00faltimo dia 14 de fevereiro, data que o ex-brother celebrou seu anivers\u00e1rio de <a href=\"http:\/\/twitter.com\/popmaisfm\" target=\"_blank\" rel=\"noopener\">30 anos<\/a>. <\/p>\n\n\n\n<div class=\"wp-block-group\"><div class=\"wp-block-group__inner-container is-layout-constrained wp-block-group-is-layout-constrained\">\n<h2 class=\"wp-block-heading\">Veja mais<\/h2>\n\n\n<ul class=\"wp-block-latest-posts__list is-grid aligncenter wp-block-latest-posts is-layout-flow wp-block-latest-posts-is-layout-flow\"><li><div class=\"wp-block-latest-posts__featured-image aligncenter\"><a href=\"https:\/\/portalpopmais.com.br\/en\/governo-regulamenta-venda-de-ingressos-online-para-combater-cambismo-digital\/\" aria-label=\"Governo regulamenta venda de ingressos online para combater cambismo digital\"><img loading=\"lazy\" decoding=\"async\" width=\"768\" height=\"456\" src=\"https:\/\/portalpopmais.com.br\/wp-content\/uploads\/2025\/08\/Lula-768x456.jpg\" class=\"attachment-medium size-medium wp-post-image\" alt=\"\" style=\"\" title=\"\"><\/a><\/div><a class=\"wp-block-latest-posts__post-title\" href=\"https:\/\/portalpopmais.com.br\/en\/governo-regulamenta-venda-de-ingressos-online-para-combater-cambismo-digital\/\">Governo regulamenta venda de ingressos online para combater cambismo digital<\/a><\/li>\n<li><div class=\"wp-block-latest-posts__featured-image aligncenter\"><a href=\"https:\/\/portalpopmais.com.br\/en\/homem-condenado-morte-tupac\/\" aria-label=\"Quase 30 anos ap\u00f3s o crime, homem \u00e9 condenado pelo assassinato de Tupac Shakur\"><img loading=\"lazy\" decoding=\"async\" width=\"768\" height=\"456\" src=\"https:\/\/portalpopmais.com.br\/wp-content\/uploads\/2026\/09\/homem-condenado-morte-tuac-768x456.png\" class=\"attachment-medium size-medium wp-post-image\" alt=\"homem condenado morte tuac\" style=\"\" srcset=\"https:\/\/portalpopmais.com.br\/wp-content\/uploads\/2026\/09\/homem-condenado-morte-tuac-768x456.png 768w, https:\/\/portalpopmais.com.br\/wp-content\/uploads\/2026\/09\/homem-condenado-morte-tuac-1170x694.png 1170w, https:\/\/portalpopmais.com.br\/wp-content\/uploads\/2026\/09\/homem-condenado-morte-tuac-18x10.png 18w\" sizes=\"auto, (max-width: 768px) 100vw, 768px\" title=\"\"><\/a><\/div><a class=\"wp-block-latest-posts__post-title\" href=\"https:\/\/portalpopmais.com.br\/en\/homem-condenado-morte-tupac\/\">Quase 30 anos ap\u00f3s o crime, homem \u00e9 condenado pelo assassinato de Tupac Shakur<\/a><\/li>\n<li><div class=\"wp-block-latest-posts__featured-image aligncenter\"><a href=\"https:\/\/portalpopmais.com.br\/en\/pedro-scooby-confirma-o-fim-do-casamento-com-cintia-dicker\/\" aria-label=\"Pedro Scooby confirma o fim do casamento com Cintia Dicker\"><img loading=\"lazy\" decoding=\"async\" width=\"768\" height=\"456\" src=\"https:\/\/portalpopmais.com.br\/wp-content\/uploads\/2026\/08\/design-sem-nome-11-1-768x456.jpg\" class=\"attachment-medium size-medium wp-post-image\" alt=\"design sem nome 11 (1)\" style=\"\" srcset=\"https:\/\/portalpopmais.com.br\/wp-content\/uploads\/2026\/08\/design-sem-nome-11-1-768x456.jpg 768w, https:\/\/portalpopmais.com.br\/wp-content\/uploads\/2026\/08\/design-sem-nome-11-1-18x12.jpg 18w\" sizes=\"auto, (max-width: 768px) 100vw, 768px\" title=\"\"><\/a><\/div><a class=\"wp-block-latest-posts__post-title\" href=\"https:\/\/portalpopmais.com.br\/en\/pedro-scooby-confirma-o-fim-do-casamento-com-cintia-dicker\/\">Pedro Scooby confirma o fim do casamento com Cintia Dicker<\/a><\/li>\n<li><div class=\"wp-block-latest-posts__featured-image aligncenter\"><a href=\"https:\/\/portalpopmais.com.br\/en\/lionel-richie-e-internado-na-uti-apos-show-nos-estados-unidos-diz-site\/\" aria-label=\"Lionel Richie \u00e9 internado na UTI ap\u00f3s show nos Estados Unidos, diz site\"><img loading=\"lazy\" decoding=\"async\" width=\"768\" height=\"456\" src=\"https:\/\/portalpopmais.com.br\/wp-content\/uploads\/2025\/09\/lionel-richie-live-2023-getty-768x456.jpg\" class=\"attachment-medium size-medium wp-post-image\" alt=\"\" style=\"\" srcset=\"https:\/\/portalpopmais.com.br\/wp-content\/uploads\/2025\/09\/lionel-richie-live-2023-getty-768x456.jpg 768w, https:\/\/portalpopmais.com.br\/wp-content\/uploads\/2025\/09\/lionel-richie-live-2023-getty-1170x694.jpg 1170w, https:\/\/portalpopmais.com.br\/wp-content\/uploads\/2025\/09\/lionel-richie-live-2023-getty-18x12.jpg 18w\" sizes=\"auto, (max-width: 768px) 100vw, 768px\" title=\"\"><\/a><\/div><a class=\"wp-block-latest-posts__post-title\" href=\"https:\/\/portalpopmais.com.br\/en\/lionel-richie-e-internado-na-uti-apos-show-nos-estados-unidos-diz-site\/\">Lionel Richie \u00e9 internado na UTI ap\u00f3s show nos Estados Unidos, diz site<\/a><\/li>\n<li><div class=\"wp-block-latest-posts__featured-image aligncenter\"><a href=\"https:\/\/portalpopmais.com.br\/en\/tulio-amancio-deixa-a-globo-e-estreia-no-sbt-news-na-proxima-semana\/\" aria-label=\"T\u00falio Am\u00e2ncio deixa a Globo e estreia no SBT News na pr\u00f3xima semana\"><img loading=\"lazy\" decoding=\"async\" width=\"768\" height=\"456\" src=\"https:\/\/portalpopmais.com.br\/wp-content\/uploads\/2026\/03\/reporter-bigodudo-gostoso-768x456.webp\" class=\"attachment-medium size-medium wp-post-image\" alt=\"\" style=\"\" srcset=\"https:\/\/portalpopmais.com.br\/wp-content\/uploads\/2026\/03\/reporter-bigodudo-gostoso-768x456.webp 768w, https:\/\/portalpopmais.com.br\/wp-content\/uploads\/2026\/03\/reporter-bigodudo-gostoso-1170x694.webp 1170w, https:\/\/portalpopmais.com.br\/wp-content\/uploads\/2026\/03\/reporter-bigodudo-gostoso-18x10.webp 18w\" sizes=\"auto, (max-width: 768px) 100vw, 768px\" title=\"\"><\/a><\/div><a class=\"wp-block-latest-posts__post-title\" href=\"https:\/\/portalpopmais.com.br\/en\/tulio-amancio-deixa-a-globo-e-estreia-no-sbt-news-na-proxima-semana\/\">T\u00falio Am\u00e2ncio deixa a Globo e estreia no SBT News na pr\u00f3xima semana<\/a><\/li>\n<li><div class=\"wp-block-latest-posts__featured-image aligncenter\"><a href=\"https:\/\/portalpopmais.com.br\/en\/quem-e-youssef-khelil-influenciador-viraliza-nas-redes-sociais-apos-exibir-tatuagem-intima\/\" aria-label=\"Quem \u00e9 Youssef Khelil? Influenciador viraliza nas redes sociais ap\u00f3s exibir tatuagem \u00edntima\"><img loading=\"lazy\" decoding=\"async\" width=\"768\" height=\"456\" src=\"https:\/\/portalpopmais.com.br\/wp-content\/uploads\/2026\/08\/Screenshot_20260831-141015-768x456.png\" class=\"attachment-medium size-medium wp-post-image\" alt=\"Screenshot 20260831 141015\" style=\"\" srcset=\"https:\/\/portalpopmais.com.br\/wp-content\/uploads\/2026\/08\/Screenshot_20260831-141015-768x456.png 768w, https:\/\/portalpopmais.com.br\/wp-content\/uploads\/2026\/08\/Screenshot_20260831-141015-18x12.png 18w\" sizes=\"auto, (max-width: 768px) 100vw, 768px\" title=\"\"><\/a><\/div><a class=\"wp-block-latest-posts__post-title\" href=\"https:\/\/portalpopmais.com.br\/en\/quem-e-youssef-khelil-influenciador-viraliza-nas-redes-sociais-apos-exibir-tatuagem-intima\/\">Quem \u00e9 Youssef Khelil? Influenciador viraliza nas redes sociais ap\u00f3s exibir tatuagem \u00edntima<\/a><\/li>\n<\/ul><\/div><\/div>\n\n\n\n<h2 class=\"wp-block-heading\">A Bolha<\/h2>\n\n\n\n<p class=\"wp-block-paragraph\">O reality tem previs\u00e3o de estreia para maio e ser\u00e1 conduzido de forma completamente virtual. Os participantes ser\u00e3o desafiados semanalmente com tarefas din\u00e2micas, realizadas em suas pr\u00f3prias cidades. As tarefas ser\u00e3o gravadas e enviadas \u00e0 produ\u00e7\u00e3o para avalia\u00e7\u00e3o e posterior exibi\u00e7\u00e3o ao p\u00fablico. A elimina\u00e7\u00e3o dos participantes acontecer\u00e1 semanalmente, com a vota\u00e7\u00e3o do p\u00fablico por meio da rede social Instagram.<\/p>\n\n\n\n<p class=\"wp-block-paragraph\"><em>&#8220;Toda segunda-feira, \u00e0s 21 horas, os telespectadores poder\u00e3o esperar pela elimina\u00e7\u00e3o, seguida da revela\u00e7\u00e3o das tarefas para a pr\u00f3xima semana&#8221;, <\/em>explicou Victor Hugo.<em> &#8220;\u00c9 uma nova forma de entretenimento interativo, na qual o p\u00fablico tem um papel crucial no destino dos participantes&#8221;, <\/em>completou, informando que a transmiss\u00e3o ser\u00e1 feita ao vivo em seu Instagram e canal no YouTube.<\/p>\n\n\n<div class=\"wp-block-image\">\n<figure class=\"aligncenter size-full\"><img loading=\"lazy\" decoding=\"async\" width=\"740\" height=\"740\" src=\"https:\/\/portalpopmais.com.br\/wp-content\/uploads\/2024\/02\/image-4.png\" alt=\"\" class=\"wp-image-203843\" title=\"\" srcset=\"https:\/\/portalpopmais.com.br\/wp-content\/uploads\/2024\/02\/image-4.png 740w, https:\/\/portalpopmais.com.br\/wp-content\/uploads\/2024\/02\/image-4-150x150.png 150w\" sizes=\"auto, (max-width: 740px) 100vw, 740px\" \/><figcaption class=\"wp-element-caption\">Foto: Reprodu\u00e7\u00e3o<\/figcaption><\/figure>\n<\/div>\n\n\n<p class=\"wp-block-paragraph\">&#8216;A Bolha&#8217; atraiu uma enorme aten\u00e7\u00e3o desde o lan\u00e7amento do processo de inscri\u00e7\u00e3o. Ap\u00f3s uma sele\u00e7\u00e3o rigorosa, 150 foram escolhidos para participar das din\u00e2micas de entrevistas, e apenas 20 foram escolhidos. A vota\u00e7\u00e3o p\u00fablica recebeu 137 mil votos.<\/p>","protected":false},"excerpt":{"rendered":"<p>Victor Hugo, ex-participante do BBB20, anunciou o lan\u00e7amento de seu projeto, um reality show online, que promete transformar a experi\u00eancia do entretenimento. A novidade foi divulgada nesta quarta-feira (14). O projeto promete combinar tecnologia avan\u00e7ada com intera\u00e7\u00e3o social, em um ambiente totalmente virtual. Intitulado &#8216;A Bolha&#8216;, o reality contar\u00e1 com a participa\u00e7\u00e3o de 20 escolhidos [&hellip;]<\/p>\n","protected":false},"author":2,"featured_media":203821,"comment_status":"closed","ping_status":"open","sticky":false,"template":"","format":"standard","meta":{"footnotes":""},"categories":[173],"tags":[2268],"class_list":["post-203819","post","type-post","status-publish","format-standard","has-post-thumbnail","hentry","category-celebridades","tag-victor-hugo"],"_links":{"self":[{"href":"https:\/\/portalpopmais.com.br\/en\/wp-json\/wp\/v2\/posts\/203819","targetHints":{"allow":["GET"]}}],"collection":[{"href":"https:\/\/portalpopmais.com.br\/en\/wp-json\/wp\/v2\/posts"}],"about":[{"href":"https:\/\/portalpopmais.com.br\/en\/wp-json\/wp\/v2\/types\/post"}],"author":[{"embeddable":true,"href":"https:\/\/portalpopmais.com.br\/en\/wp-json\/wp\/v2\/users\/2"}],"replies":[{"embeddable":true,"href":"https:\/\/portalpopmais.com.br\/en\/wp-json\/wp\/v2\/comments?post=203819"}],"version-history":[{"count":0,"href":"https:\/\/portalpopmais.com.br\/en\/wp-json\/wp\/v2\/posts\/203819\/revisions"}],"wp:featuredmedia":[{"embeddable":true,"href":"https:\/\/portalpopmais.com.br\/en\/wp-json\/wp\/v2\/media\/203821"}],"wp:attachment":[{"href":"https:\/\/portalpopmais.com.br\/en\/wp-json\/wp\/v2\/media?parent=203819"}],"wp:term":[{"taxonomy":"category","embeddable":true,"href":"https:\/\/portalpopmais.com.br\/en\/wp-json\/wp\/v2\/categories?post=203819"},{"taxonomy":"post_tag","embeddable":true,"href":"https:\/\/portalpopmais.com.br\/en\/wp-json\/wp\/v2\/tags?post=203819"}],"curies":[{"name":"wp","href":"https:\/\/api.w.org\/{rel}","templated":true}]}}