{"id":204014,"date":"2024-02-18T08:38:46","date_gmt":"2024-02-18T11:38:46","guid":{"rendered":"https:\/\/portalpopmais.com.br\/?p=204014"},"modified":"2024-02-18T08:38:58","modified_gmt":"2024-02-18T11:38:58","slug":"fernanda-dores-peito-bbb24","status":"publish","type":"post","link":"https:\/\/portalpopmais.com.br\/en\/fernanda-dores-peito-bbb24\/","title":{"rendered":"Fernanda sente dores no peito e \u00e9 levada \u00e0s pressas para confession\u00e1rio; veja v\u00eddeo"},"content":{"rendered":"<p>A sister <a href=\"http:\/\/twitter.com\/popmaisfm\" target=\"_blank\" rel=\"noopener\">Fernanda<\/a> deixou todos precupados na tarde deste s\u00e1bado (17), no <strong><a href=\"https:\/\/portalpopmais.com.br\/en\/davi-chama-wanessa-falsa\/\" data-type=\"post\" data-id=\"203983\">BBB24<\/a><\/strong>. Acontece que a confeiteira come\u00e7ou a sentir fortes dores no peito e foi amparada pelos colegas. Vendo que a participante precisava de ajuda, eles sugeriram que ela fosse para o confession\u00e1rio, mas a sister se negou. <\/p>\n\n\n\n<p>Com a demora na manifesta\u00e7\u00e3o de Fernanda em ir ao atendimento, a produ\u00e7\u00e3o, precisou intervir e a chamou para receber atendimento \u00e0s pressas.<\/p>\n\n\n\n<div class=\"wp-block-group\"><div class=\"wp-block-group__inner-container is-layout-constrained wp-block-group-is-layout-constrained\">\n<h2 class=\"wp-block-heading\">Veja mais<\/h2>\n\n\n<ul class=\"wp-block-latest-posts__list is-grid columns-3 aligncenter wp-block-latest-posts\"><li><div class=\"wp-block-latest-posts__featured-image aligncenter\"><a href=\"https:\/\/portalpopmais.com.br\/en\/letra-de-simplesmente-acontece-pericles-e-ana-castela\/\" aria-label=\"Letra de &#8220;Simplesmente Acontece&#8221;- P\u00e9ricles e Ana Castela\"><img loading=\"lazy\" decoding=\"async\" width=\"768\" height=\"456\" src=\"https:\/\/portalpopmais.com.br\/wp-content\/uploads\/2026\/04\/pericles-e-ana-castea-768x456.png\" class=\"attachment-medium size-medium wp-post-image\" alt=\"pericles e ana castea\" style=\"\" srcset=\"https:\/\/portalpopmais.com.br\/wp-content\/uploads\/2026\/04\/pericles-e-ana-castea-768x456.png 768w, https:\/\/portalpopmais.com.br\/wp-content\/uploads\/2026\/04\/pericles-e-ana-castea-1170x694.png 1170w, https:\/\/portalpopmais.com.br\/wp-content\/uploads\/2026\/04\/pericles-e-ana-castea-18x12.png 18w\" sizes=\"auto, (max-width: 768px) 100vw, 768px\" title=\"\"><\/a><\/div><a class=\"wp-block-latest-posts__post-title\" href=\"https:\/\/portalpopmais.com.br\/en\/letra-de-simplesmente-acontece-pericles-e-ana-castela\/\">Letra de &#8220;Simplesmente Acontece&#8221;- P\u00e9ricles e Ana Castela<\/a><\/li>\n<li><div class=\"wp-block-latest-posts__featured-image aligncenter\"><a href=\"https:\/\/portalpopmais.com.br\/en\/familia-de-bruce-willis-planeja-doar-cerebro-do-ator-para-impulsionar-pesquisas-sobre-demencia\/\" aria-label=\"Fam\u00edlia de Bruce Willis planeja doar c\u00e9rebro do ator para impulsionar pesquisas sobre dem\u00eancia\"><img loading=\"lazy\" decoding=\"async\" width=\"768\" height=\"456\" src=\"https:\/\/portalpopmais.com.br\/wp-content\/uploads\/2025\/07\/Bruce-Willis-Ator-Morre-768x456.jpeg\" class=\"attachment-medium size-medium wp-post-image\" alt=\"\" style=\"\" title=\"\"><\/a><\/div><a class=\"wp-block-latest-posts__post-title\" href=\"https:\/\/portalpopmais.com.br\/en\/familia-de-bruce-willis-planeja-doar-cerebro-do-ator-para-impulsionar-pesquisas-sobre-demencia\/\">Fam\u00edlia de Bruce Willis planeja doar c\u00e9rebro do ator para impulsionar pesquisas sobre dem\u00eancia<\/a><\/li>\n<li><div class=\"wp-block-latest-posts__featured-image aligncenter\"><a href=\"https:\/\/portalpopmais.com.br\/en\/luiza-ambiel-desabafa-apos-internacao-de-urgencia-fui-intubada\/\" aria-label=\"Luiza Ambiel desabafa ap\u00f3s interna\u00e7\u00e3o de urg\u00eancia: \u201cFui intubada\u201d\"><img loading=\"lazy\" decoding=\"async\" width=\"768\" height=\"456\" src=\"https:\/\/portalpopmais.com.br\/wp-content\/uploads\/2026\/04\/luiza-ambiel-usou-as-redes-sociais-para-atualizar-o-estado-de-saude-apos-internacao-as-pressas-768x456.webp\" class=\"attachment-medium size-medium wp-post-image\" alt=\"luiza ambiel usou as redes sociais para atualizar o estado de saude apos internacao as pressas\" style=\"\" srcset=\"https:\/\/portalpopmais.com.br\/wp-content\/uploads\/2026\/04\/luiza-ambiel-usou-as-redes-sociais-para-atualizar-o-estado-de-saude-apos-internacao-as-pressas-768x456.webp 768w, https:\/\/portalpopmais.com.br\/wp-content\/uploads\/2026\/04\/luiza-ambiel-usou-as-redes-sociais-para-atualizar-o-estado-de-saude-apos-internacao-as-pressas-18x12.webp 18w\" sizes=\"auto, (max-width: 768px) 100vw, 768px\" title=\"\"><\/a><\/div><a class=\"wp-block-latest-posts__post-title\" href=\"https:\/\/portalpopmais.com.br\/en\/luiza-ambiel-desabafa-apos-internacao-de-urgencia-fui-intubada\/\">Luiza Ambiel desabafa ap\u00f3s interna\u00e7\u00e3o de urg\u00eancia: \u201cFui intubada\u201d<\/a><\/li>\n<li><div class=\"wp-block-latest-posts__featured-image aligncenter\"><a href=\"https:\/\/portalpopmais.com.br\/en\/apos-ser-marmita-de-casal-lil-nas-x-defenda-a-monogamia\/\" aria-label=\"Ap\u00f3s ser &#8216;marmita&#8217; de casal, Lil Nas X defende a monogamia\"><img loading=\"lazy\" decoding=\"async\" width=\"768\" height=\"456\" src=\"https:\/\/portalpopmais.com.br\/wp-content\/uploads\/2025\/08\/lil-nas-x-768x456.jpg\" class=\"attachment-medium size-medium wp-post-image\" alt=\"\" style=\"\" srcset=\"https:\/\/portalpopmais.com.br\/wp-content\/uploads\/2025\/08\/lil-nas-x-768x456.jpg 768w, https:\/\/portalpopmais.com.br\/wp-content\/uploads\/2025\/08\/lil-nas-x-18x10.jpg 18w\" sizes=\"auto, (max-width: 768px) 100vw, 768px\" title=\"\"><\/a><\/div><a class=\"wp-block-latest-posts__post-title\" href=\"https:\/\/portalpopmais.com.br\/en\/apos-ser-marmita-de-casal-lil-nas-x-defenda-a-monogamia\/\">Ap\u00f3s ser &#8216;marmita&#8217; de casal, Lil Nas X defende a monogamia<\/a><\/li>\n<li><div class=\"wp-block-latest-posts__featured-image aligncenter\"><a href=\"https:\/\/portalpopmais.com.br\/en\/marquito-recebe-alta-apos-dois-meses-de-internacao-e-inicia-reabilitacao\/\" aria-label=\"Marquito recebe alta ap\u00f3s dois meses de interna\u00e7\u00e3o e inicia reabilita\u00e7\u00e3o\"><img loading=\"lazy\" decoding=\"async\" width=\"768\" height=\"456\" src=\"https:\/\/portalpopmais.com.br\/wp-content\/uploads\/2026\/03\/marquito-768x456.webp\" class=\"attachment-medium size-medium wp-post-image\" alt=\"Marquito tem estado de sa\u00fade atualizado ap\u00f3s passar por cirurgia \/ Reprodu\u00e7\u00e3o: Instagram\" style=\"\" srcset=\"https:\/\/portalpopmais.com.br\/wp-content\/uploads\/2026\/03\/marquito-768x456.webp 768w, https:\/\/portalpopmais.com.br\/wp-content\/uploads\/2026\/03\/marquito-1170x694.webp 1170w, https:\/\/portalpopmais.com.br\/wp-content\/uploads\/2026\/03\/marquito-18x10.webp 18w\" sizes=\"auto, (max-width: 768px) 100vw, 768px\" title=\"\"><\/a><\/div><a class=\"wp-block-latest-posts__post-title\" href=\"https:\/\/portalpopmais.com.br\/en\/marquito-recebe-alta-apos-dois-meses-de-internacao-e-inicia-reabilitacao\/\">Marquito recebe alta ap\u00f3s dois meses de interna\u00e7\u00e3o e inicia reabilita\u00e7\u00e3o<\/a><\/li>\n<li><div class=\"wp-block-latest-posts__featured-image aligncenter\"><a href=\"https:\/\/portalpopmais.com.br\/en\/ana-paula-renault-esculacha-nikolas-ferreira-gnomo-veja-a-treta\/\" aria-label=\"Ana Paula Renault esculacha Nikolas Ferreira: &#8220;Gnomo&#8221;; veja a treta\"><img loading=\"lazy\" decoding=\"async\" width=\"768\" height=\"456\" src=\"https:\/\/portalpopmais.com.br\/wp-content\/uploads\/2026\/04\/Design-sem-nome-98-4-768x456.webp\" class=\"attachment-medium size-medium wp-post-image\" alt=\"Design sem nome 98 4\" style=\"\" srcset=\"https:\/\/portalpopmais.com.br\/wp-content\/uploads\/2026\/04\/Design-sem-nome-98-4-768x456.webp 768w, https:\/\/portalpopmais.com.br\/wp-content\/uploads\/2026\/04\/Design-sem-nome-98-4-18x12.webp 18w\" sizes=\"auto, (max-width: 768px) 100vw, 768px\" title=\"\"><\/a><\/div><a class=\"wp-block-latest-posts__post-title\" href=\"https:\/\/portalpopmais.com.br\/en\/ana-paula-renault-esculacha-nikolas-ferreira-gnomo-veja-a-treta\/\">Ana Paula Renault esculacha Nikolas Ferreira: &#8220;Gnomo&#8221;; veja a treta<\/a><\/li>\n<\/ul><\/div><\/div>\n\n\n\n<h2 class=\"wp-block-heading\">Dores no peito<\/h2>\n\n\n\n<p>A situa\u00e7\u00e3o come\u00e7ou quando a confeiteira se reuniu com Davi e Isabelle na \u00e1rea externa da casa ap\u00f3s praticar exerc\u00edcios. Ao notarem que ela n\u00e3o parecia estar se sentindo bem, os brothers come\u00e7aram a questionar o que estava acontecendo. Fernanda explicou que estava com o cora\u00e7\u00e3o acelerado e levou a m\u00e3o ao peito.<\/p>\n\n\n\n<p>\u201c\u00c9 o cora\u00e7\u00e3o dela. Pega um pouco de \u00e1gua para ela. O batimento card\u00edaco deve estar muito r\u00e1pido\u201d, Isabelle se prontificou a ajudar a colega de confinamento e notou que a confeitaria estava com o corpo frio. Davi perguntou se ela estava com alguma dor e Fernanda confirmou que estava sentindo \u2018pontadas\u2019 no peito.<\/p>\n\n\n\n<p>A dan\u00e7arina sugeriu que as dores poderiam ser devido aos exerc\u00edcios, mas a sister explicou que j\u00e1 estava passando mal antes de come\u00e7ar a correr. Em seguida, Fernanda reclamou que estava sentindo muitas &#8220;fisgadas&#8221;. Os brothers tentaram ampar\u00e1-la e a orientaram a buscar ajuda profissional no confession\u00e1rio, mas a confeiteira negou.<\/p>\n\n\n\n<p>Fernanda, ent\u00e3o, foi convocada pela produ\u00e7\u00e3o para comparecer ao confession\u00e1rio e receber atendimento m\u00e9dico imeditato. <\/p>\n\n\n\n<p>Ap\u00f3s receber atendimento, Fernanda compartilha com Pitel a intensidade do que sentiu: \u201cComo se tivesse uma faca no meu peito\u201d, descreveu.<\/p>\n\n\n\n<p>Em seguida Fernanda tranquilizou a todos ao mencionar que recebeu cuidados de um cardiologista e que, apesar do susto, est\u00e1 bem.<\/p>\n\n\n\n<figure class=\"wp-block-embed is-type-rich is-provider-twitter wp-block-embed-twitter\"><div class=\"wp-block-embed__wrapper\">\n<blockquote class=\"twitter-tweet\" data-width=\"550\" data-dnt=\"true\"><p lang=\"pt\" dir=\"ltr\">Momento que Fernanda vai para o confession\u00e1rio ao sentir dores no peito. <a href=\"https:\/\/twitter.com\/hashtag\/BBB24?src=hash&amp;ref_src=twsrc%5Etfw\" target=\"_blank\" rel=\"noopener\">#BBB24<\/a><br> <a href=\"https:\/\/t.co\/73ecdvUD2o\">https:\/\/t.co\/73ecdvUD2o<\/a><\/p>&mdash; Central Reality (@centralreality) <a href=\"https:\/\/twitter.com\/centralreality\/status\/1758992974933889349?ref_src=twsrc%5Etfw\" target=\"_blank\" rel=\"noopener\">February 17, 2024<\/a><\/blockquote><script async src=\"https:\/\/platform.twitter.com\/widgets.js\" charset=\"utf-8\"><\/script>\n<\/div><\/figure>","protected":false},"excerpt":{"rendered":"<p>A sister Fernanda deixou todos precupados na tarde deste s\u00e1bado (17), no BBB24. Acontece que a confeiteira come\u00e7ou a sentir fortes dores no peito e foi amparada pelos colegas. Vendo que a participante precisava de ajuda, eles sugeriram que ela fosse para o confession\u00e1rio, mas a sister se negou. Com a demora na manifesta\u00e7\u00e3o de [&hellip;]<\/p>\n","protected":false},"author":2,"featured_media":204016,"comment_status":"closed","ping_status":"open","sticky":false,"template":"","format":"standard","meta":{"footnotes":""},"categories":[1],"tags":[13600,16161],"class_list":["post-204014","post","type-post","status-publish","format-standard","has-post-thumbnail","hentry","category-fire2","tag-bbb24","tag-fernanda"],"_links":{"self":[{"href":"https:\/\/portalpopmais.com.br\/en\/wp-json\/wp\/v2\/posts\/204014","targetHints":{"allow":["GET"]}}],"collection":[{"href":"https:\/\/portalpopmais.com.br\/en\/wp-json\/wp\/v2\/posts"}],"about":[{"href":"https:\/\/portalpopmais.com.br\/en\/wp-json\/wp\/v2\/types\/post"}],"author":[{"embeddable":true,"href":"https:\/\/portalpopmais.com.br\/en\/wp-json\/wp\/v2\/users\/2"}],"replies":[{"embeddable":true,"href":"https:\/\/portalpopmais.com.br\/en\/wp-json\/wp\/v2\/comments?post=204014"}],"version-history":[{"count":0,"href":"https:\/\/portalpopmais.com.br\/en\/wp-json\/wp\/v2\/posts\/204014\/revisions"}],"wp:featuredmedia":[{"embeddable":true,"href":"https:\/\/portalpopmais.com.br\/en\/wp-json\/wp\/v2\/media\/204016"}],"wp:attachment":[{"href":"https:\/\/portalpopmais.com.br\/en\/wp-json\/wp\/v2\/media?parent=204014"}],"wp:term":[{"taxonomy":"category","embeddable":true,"href":"https:\/\/portalpopmais.com.br\/en\/wp-json\/wp\/v2\/categories?post=204014"},{"taxonomy":"post_tag","embeddable":true,"href":"https:\/\/portalpopmais.com.br\/en\/wp-json\/wp\/v2\/tags?post=204014"}],"curies":[{"name":"wp","href":"https:\/\/api.w.org\/{rel}","templated":true}]}}