{"id":205482,"date":"2024-03-13T09:44:27","date_gmt":"2024-03-13T12:44:27","guid":{"rendered":"https:\/\/portalpopmais.com.br\/?p=205482"},"modified":"2024-03-13T09:44:32","modified_gmt":"2024-03-13T12:44:32","slug":"morre-leah-smith-tiktok","status":"publish","type":"post","link":"https:\/\/portalpopmais.com.br\/en\/morre-leah-smith-tiktok\/","title":{"rendered":"Morre Leah Smith, estrela do TikTok que documentava tratamento contra c\u00e2ncer"},"content":{"rendered":"<p>A criadora de conte\u00fado <strong><a href=\"https:\/\/portalpopmais.com.br\/en\/trends\/leah-smith\/\" data-type=\"post_tag\" data-id=\"16287\">Leah Smith<\/a><\/strong> morreu na manh\u00e3 de segunda-feira (11), em Liverpool, Inglaterra, ap\u00f3s uma batalha contra uma forma de c\u00e2ncer \u00f3sseo em est\u00e1gio quatro conhecido como Sarcoma de Ewing. Ela tinha apenas 22 anos. <\/p>\n\n\n\n<p>Com 500 mil seguidores nas redes sociais, a jovem ganhou fama global ao documentar seu tratamento contra a doen\u00e7a em v\u00eddeos no TikTok. Os registros atingiam regularmente mais de um milh\u00e3o de espectadores. <\/p>\n\n\n\n<div class=\"wp-block-group\"><div class=\"wp-block-group__inner-container is-layout-constrained wp-block-group-is-layout-constrained\">\n<h2 class=\"wp-block-heading\">Veja mais<\/h2>\n\n\n<ul class=\"wp-block-latest-posts__list is-grid columns-3 aligncenter wp-block-latest-posts\"><li><div class=\"wp-block-latest-posts__featured-image aligncenter\"><a href=\"https:\/\/portalpopmais.com.br\/en\/familia-de-bruce-willis-planeja-doar-cerebro-do-ator-para-impulsionar-pesquisas-sobre-demencia\/\" aria-label=\"Fam\u00edlia de Bruce Willis planeja doar c\u00e9rebro do ator para impulsionar pesquisas sobre dem\u00eancia\"><img loading=\"lazy\" decoding=\"async\" width=\"768\" height=\"456\" src=\"https:\/\/portalpopmais.com.br\/wp-content\/uploads\/2025\/07\/Bruce-Willis-Ator-Morre-768x456.jpeg\" class=\"attachment-medium size-medium wp-post-image\" alt=\"\" style=\"\" title=\"\"><\/a><\/div><a class=\"wp-block-latest-posts__post-title\" href=\"https:\/\/portalpopmais.com.br\/en\/familia-de-bruce-willis-planeja-doar-cerebro-do-ator-para-impulsionar-pesquisas-sobre-demencia\/\">Fam\u00edlia de Bruce Willis planeja doar c\u00e9rebro do ator para impulsionar pesquisas sobre dem\u00eancia<\/a><\/li>\n<li><div class=\"wp-block-latest-posts__featured-image aligncenter\"><a href=\"https:\/\/portalpopmais.com.br\/en\/luiza-ambiel-desabafa-apos-internacao-de-urgencia-fui-intubada\/\" aria-label=\"Luiza Ambiel desabafa ap\u00f3s interna\u00e7\u00e3o de urg\u00eancia: \u201cFui intubada\u201d\"><img loading=\"lazy\" decoding=\"async\" width=\"768\" height=\"456\" src=\"https:\/\/portalpopmais.com.br\/wp-content\/uploads\/2026\/04\/luiza-ambiel-usou-as-redes-sociais-para-atualizar-o-estado-de-saude-apos-internacao-as-pressas-768x456.webp\" class=\"attachment-medium size-medium wp-post-image\" alt=\"luiza ambiel usou as redes sociais para atualizar o estado de saude apos internacao as pressas\" style=\"\" srcset=\"https:\/\/portalpopmais.com.br\/wp-content\/uploads\/2026\/04\/luiza-ambiel-usou-as-redes-sociais-para-atualizar-o-estado-de-saude-apos-internacao-as-pressas-768x456.webp 768w, https:\/\/portalpopmais.com.br\/wp-content\/uploads\/2026\/04\/luiza-ambiel-usou-as-redes-sociais-para-atualizar-o-estado-de-saude-apos-internacao-as-pressas-18x12.webp 18w\" sizes=\"auto, (max-width: 768px) 100vw, 768px\" title=\"\"><\/a><\/div><a class=\"wp-block-latest-posts__post-title\" href=\"https:\/\/portalpopmais.com.br\/en\/luiza-ambiel-desabafa-apos-internacao-de-urgencia-fui-intubada\/\">Luiza Ambiel desabafa ap\u00f3s interna\u00e7\u00e3o de urg\u00eancia: \u201cFui intubada\u201d<\/a><\/li>\n<li><div class=\"wp-block-latest-posts__featured-image aligncenter\"><a href=\"https:\/\/portalpopmais.com.br\/en\/apos-ser-marmita-de-casal-lil-nas-x-defenda-a-monogamia\/\" aria-label=\"Ap\u00f3s ser &#8216;marmita&#8217; de casal, Lil Nas X defende a monogamia\"><img loading=\"lazy\" decoding=\"async\" width=\"768\" height=\"456\" src=\"https:\/\/portalpopmais.com.br\/wp-content\/uploads\/2025\/08\/lil-nas-x-768x456.jpg\" class=\"attachment-medium size-medium wp-post-image\" alt=\"\" style=\"\" srcset=\"https:\/\/portalpopmais.com.br\/wp-content\/uploads\/2025\/08\/lil-nas-x-768x456.jpg 768w, https:\/\/portalpopmais.com.br\/wp-content\/uploads\/2025\/08\/lil-nas-x-18x10.jpg 18w\" sizes=\"auto, (max-width: 768px) 100vw, 768px\" title=\"\"><\/a><\/div><a class=\"wp-block-latest-posts__post-title\" href=\"https:\/\/portalpopmais.com.br\/en\/apos-ser-marmita-de-casal-lil-nas-x-defenda-a-monogamia\/\">Ap\u00f3s ser &#8216;marmita&#8217; de casal, Lil Nas X defende a monogamia<\/a><\/li>\n<li><div class=\"wp-block-latest-posts__featured-image aligncenter\"><a href=\"https:\/\/portalpopmais.com.br\/en\/ana-paula-renault-esculacha-nikolas-ferreira-gnomo-veja-a-treta\/\" aria-label=\"Ana Paula Renault esculacha Nikolas Ferreira: &#8220;Gnomo&#8221;; veja a treta\"><img loading=\"lazy\" decoding=\"async\" width=\"768\" height=\"456\" src=\"https:\/\/portalpopmais.com.br\/wp-content\/uploads\/2026\/04\/Design-sem-nome-98-4-768x456.webp\" class=\"attachment-medium size-medium wp-post-image\" alt=\"Design sem nome 98 4\" style=\"\" srcset=\"https:\/\/portalpopmais.com.br\/wp-content\/uploads\/2026\/04\/Design-sem-nome-98-4-768x456.webp 768w, https:\/\/portalpopmais.com.br\/wp-content\/uploads\/2026\/04\/Design-sem-nome-98-4-18x12.webp 18w\" sizes=\"auto, (max-width: 768px) 100vw, 768px\" title=\"\"><\/a><\/div><a class=\"wp-block-latest-posts__post-title\" href=\"https:\/\/portalpopmais.com.br\/en\/ana-paula-renault-esculacha-nikolas-ferreira-gnomo-veja-a-treta\/\">Ana Paula Renault esculacha Nikolas Ferreira: &#8220;Gnomo&#8221;; veja a treta<\/a><\/li>\n<li><div class=\"wp-block-latest-posts__featured-image aligncenter\"><a href=\"https:\/\/portalpopmais.com.br\/en\/imagens-fortes-anderson-neiff-exibe-ferimento-apos-ataque-e-rebate-acusacoes-de-armacao\/\" aria-label=\"Imagens fortes: Anderson Neiff exibe ferimento ap\u00f3s ataque e rebate acusa\u00e7\u00f5es de arma\u00e7\u00e3o\"><img loading=\"lazy\" decoding=\"async\" width=\"768\" height=\"456\" src=\"https:\/\/portalpopmais.com.br\/wp-content\/uploads\/2026\/04\/ti-2842-768x456.webp\" class=\"attachment-medium size-medium wp-post-image\" alt=\"ti 2842\" style=\"\" srcset=\"https:\/\/portalpopmais.com.br\/wp-content\/uploads\/2026\/04\/ti-2842-768x456.webp 768w, https:\/\/portalpopmais.com.br\/wp-content\/uploads\/2026\/04\/ti-2842-18x12.webp 18w\" sizes=\"auto, (max-width: 768px) 100vw, 768px\" title=\"\"><\/a><\/div><a class=\"wp-block-latest-posts__post-title\" href=\"https:\/\/portalpopmais.com.br\/en\/imagens-fortes-anderson-neiff-exibe-ferimento-apos-ataque-e-rebate-acusacoes-de-armacao\/\">Imagens fortes: Anderson Neiff exibe ferimento ap\u00f3s ataque e rebate acusa\u00e7\u00f5es de arma\u00e7\u00e3o<\/a><\/li>\n<li><div class=\"wp-block-latest-posts__featured-image aligncenter\"><a href=\"https:\/\/portalpopmais.com.br\/en\/viuva-de-erasmo-carlos-perde-imovel-para-filhos-do-cantor\/\" aria-label=\"Vi\u00fava de Erasmo Carlos perde im\u00f3vel para filhos do cantor\"><img loading=\"lazy\" decoding=\"async\" width=\"768\" height=\"456\" src=\"https:\/\/portalpopmais.com.br\/wp-content\/uploads\/2026\/02\/erasmo-carlos-e-fernanda-esteves-768x456.jpeg\" class=\"attachment-medium size-medium wp-post-image\" alt=\"\" style=\"\" srcset=\"https:\/\/portalpopmais.com.br\/wp-content\/uploads\/2026\/02\/erasmo-carlos-e-fernanda-esteves-768x456.jpeg 768w, https:\/\/portalpopmais.com.br\/wp-content\/uploads\/2026\/02\/erasmo-carlos-e-fernanda-esteves-18x10.jpeg 18w\" sizes=\"auto, (max-width: 768px) 100vw, 768px\" title=\"\"><\/a><\/div><a class=\"wp-block-latest-posts__post-title\" href=\"https:\/\/portalpopmais.com.br\/en\/viuva-de-erasmo-carlos-perde-imovel-para-filhos-do-cantor\/\">Vi\u00fava de Erasmo Carlos perde im\u00f3vel para filhos do cantor<\/a><\/li>\n<\/ul><\/div><\/div>\n\n\n\n<p>Em publica\u00e7\u00e3o nas redes sociais, o namorado de Leah, Andrew, agradeceu o apoio dos seguidores e lamentou a perda da <a href=\"http:\/\/twitter.com\/popmaisfm\" target=\"_blank\" rel=\"noopener\">influenciadora<\/a>.<\/p>\n\n\n\n<p>&#8220;S\u00f3 quero agradecer a todos. Todos os coment\u00e1rios ajudaram. Ela realmente leu todos eles. E qualquer pessoa que tenha dito algo de bom, isso significa mais do que voc\u00ea imagina. Todos sentiremos falta de Leah e garantiremos que nunca a esqueceremos. Quero ver todo mundo falando sobre Leah e o qu\u00e3o incr\u00edvel ela \u00e9 e o quanto ela ajudou a todos. Nunca deixaremos Leah ser esquecida&#8221;, ressaltou.<\/p>\n\n\n\n<p>Leah recebeu o diagn\u00f3stico da doen\u00e7a em 2019, depois de sentir dores nas costas. Em entrevista ao Liverpool Echo, no ano seguinte, ela contou o que a fez procurar ajuda.<\/p>\n\n\n\n<p>&#8220;Tive fortes dores nas costas durante 10 meses. Eram constantes, ent\u00e3o perdi toda a sensibilidade na perna esquerda. Sabia que algo estava errado. Eu queria come\u00e7ar um TikTok para expressar minha jornada e mostrar \u00e0s pessoas minha vida vivendo com c\u00e2ncer &#8211; os altos e baixos disso&#8221;, relatou.<\/p>","protected":false},"excerpt":{"rendered":"<p>A criadora de conte\u00fado Leah Smith morreu na manh\u00e3 de segunda-feira (11), em Liverpool, Inglaterra, ap\u00f3s uma batalha contra uma forma de c\u00e2ncer \u00f3sseo em est\u00e1gio quatro conhecido como Sarcoma de Ewing. Ela tinha apenas 22 anos. Com 500 mil seguidores nas redes sociais, a jovem ganhou fama global ao documentar seu tratamento contra a [&hellip;]<\/p>\n","protected":false},"author":2,"featured_media":205483,"comment_status":"closed","ping_status":"open","sticky":false,"template":"","format":"standard","meta":{"footnotes":""},"categories":[2293],"tags":[16287,3651],"class_list":["post-205482","post","type-post","status-publish","format-standard","has-post-thumbnail","hentry","category-internet","tag-leah-smith","tag-tiktok"],"_links":{"self":[{"href":"https:\/\/portalpopmais.com.br\/en\/wp-json\/wp\/v2\/posts\/205482","targetHints":{"allow":["GET"]}}],"collection":[{"href":"https:\/\/portalpopmais.com.br\/en\/wp-json\/wp\/v2\/posts"}],"about":[{"href":"https:\/\/portalpopmais.com.br\/en\/wp-json\/wp\/v2\/types\/post"}],"author":[{"embeddable":true,"href":"https:\/\/portalpopmais.com.br\/en\/wp-json\/wp\/v2\/users\/2"}],"replies":[{"embeddable":true,"href":"https:\/\/portalpopmais.com.br\/en\/wp-json\/wp\/v2\/comments?post=205482"}],"version-history":[{"count":0,"href":"https:\/\/portalpopmais.com.br\/en\/wp-json\/wp\/v2\/posts\/205482\/revisions"}],"wp:featuredmedia":[{"embeddable":true,"href":"https:\/\/portalpopmais.com.br\/en\/wp-json\/wp\/v2\/media\/205483"}],"wp:attachment":[{"href":"https:\/\/portalpopmais.com.br\/en\/wp-json\/wp\/v2\/media?parent=205482"}],"wp:term":[{"taxonomy":"category","embeddable":true,"href":"https:\/\/portalpopmais.com.br\/en\/wp-json\/wp\/v2\/categories?post=205482"},{"taxonomy":"post_tag","embeddable":true,"href":"https:\/\/portalpopmais.com.br\/en\/wp-json\/wp\/v2\/tags?post=205482"}],"curies":[{"name":"wp","href":"https:\/\/api.w.org\/{rel}","templated":true}]}}