{"id":205516,"date":"2024-03-14T06:33:32","date_gmt":"2024-03-14T09:33:32","guid":{"rendered":"https:\/\/portalpopmais.com.br\/?p=205516"},"modified":"2024-03-14T06:42:20","modified_gmt":"2024-03-14T09:42:20","slug":"gui-araujo-gabriel-fop-romance","status":"publish","type":"post","link":"https:\/\/portalpopmais.com.br\/en\/gui-araujo-gabriel-fop-romance\/","title":{"rendered":"Gui Ara\u00fajo abre o jogo sobre romance com Gabriel Fop: \u201cBrother\u201d"},"content":{"rendered":"\n<p class=\"wp-block-paragraph\">Nesta quarta-feira (12\/3), o influenciador digital <strong><a href=\"https:\/\/portalpopmais.com.br\/a-fazenda-gui-araujo-manda-nudes-rico-melquiades\/\" data-type=\"post\" data-id=\"98286\">Gui Ara\u00fajo<\/a><\/strong> se pronunciou sobre rumores de affair com o ex-BBB <strong>Gabriel Fop<\/strong>. No in\u00edcio da semana, circulou um rumor de que os dois rapazes estariam vivendo um romance discreto. Em meio a repercuss\u00e3o, Gui decidiu se pronunciar sobre o assunto.<\/p>\n\n\n\n<p class=\"wp-block-paragraph\">\u201cO Gabriel \u00e9 meu brother, p\u00f4! Devido a alguns trabalhos e viagens que tivemos em comum, aproximamos mais nesses tempos. Mas n\u00e3o sou bi [bissexual], nem teria problemas em falar, caso fosse essa minha orienta\u00e7\u00e3o\u201d, declarou ele para a revista Contigo!. <\/p>\n\n\n\n<div class=\"wp-block-group\"><div class=\"wp-block-group__inner-container is-layout-constrained wp-block-group-is-layout-constrained\">\n<h2 class=\"wp-block-heading\">Veja mais<\/h2>\n\n\n<ul class=\"wp-block-latest-posts__list is-grid aligncenter wp-block-latest-posts is-layout-flow wp-block-latest-posts-is-layout-flow\"><li><div class=\"wp-block-latest-posts__featured-image aligncenter\"><a href=\"https:\/\/portalpopmais.com.br\/en\/leo-dias-anuncia-saida-do-melhor-da-tarde-saiba-o-motivo\/\" aria-label=\"Leo Dias anuncia sa\u00edda do \u201cMelhor da Tarde\u201d; saiba o motivo\"><img loading=\"lazy\" decoding=\"async\" width=\"768\" height=\"456\" src=\"https:\/\/portalpopmais.com.br\/wp-content\/uploads\/2025\/11\/leo-dias-no-melhor-da-tarde-768x456.jpg\" class=\"attachment-medium size-medium wp-post-image\" alt=\"\" style=\"\" srcset=\"https:\/\/portalpopmais.com.br\/wp-content\/uploads\/2025\/11\/leo-dias-no-melhor-da-tarde-768x456.jpg 768w, https:\/\/portalpopmais.com.br\/wp-content\/uploads\/2025\/11\/leo-dias-no-melhor-da-tarde-1170x694.jpg 1170w, https:\/\/portalpopmais.com.br\/wp-content\/uploads\/2025\/11\/leo-dias-no-melhor-da-tarde-18x10.jpg 18w\" sizes=\"auto, (max-width: 768px) 100vw, 768px\" title=\"\"><\/a><\/div><a class=\"wp-block-latest-posts__post-title\" href=\"https:\/\/portalpopmais.com.br\/en\/leo-dias-anuncia-saida-do-melhor-da-tarde-saiba-o-motivo\/\">Leo Dias anuncia sa\u00edda do \u201cMelhor da Tarde\u201d; saiba o motivo<\/a><\/li>\n<li><div class=\"wp-block-latest-posts__featured-image aligncenter\"><a href=\"https:\/\/portalpopmais.com.br\/en\/morre-rogerio-valenca-ex-calcinha-preta\/\" aria-label=\"Morre Rog\u00e9rio Valen\u00e7a, ex-vocalista da Calcinha Preta, aos 52 anos\"><img loading=\"lazy\" decoding=\"async\" width=\"768\" height=\"456\" src=\"https:\/\/portalpopmais.com.br\/wp-content\/uploads\/2026\/09\/Morre-Rogerio-Valenca-ex-vocalista-da-Calcinha-Preta-aos-52-anos-em-Aracaju-768x456.png\" class=\"attachment-medium size-medium wp-post-image\" alt=\"Morre Rog\u00e9rio Valen\u00e7a, ex vocalista da Calcinha Preta, aos 52 anos em Aracaju\" style=\"\" srcset=\"https:\/\/portalpopmais.com.br\/wp-content\/uploads\/2026\/09\/Morre-Rogerio-Valenca-ex-vocalista-da-Calcinha-Preta-aos-52-anos-em-Aracaju-768x456.png 768w, https:\/\/portalpopmais.com.br\/wp-content\/uploads\/2026\/09\/Morre-Rogerio-Valenca-ex-vocalista-da-Calcinha-Preta-aos-52-anos-em-Aracaju-1170x694.png 1170w, https:\/\/portalpopmais.com.br\/wp-content\/uploads\/2026\/09\/Morre-Rogerio-Valenca-ex-vocalista-da-Calcinha-Preta-aos-52-anos-em-Aracaju-18x10.png 18w\" sizes=\"auto, (max-width: 768px) 100vw, 768px\" title=\"\"><\/a><\/div><a class=\"wp-block-latest-posts__post-title\" href=\"https:\/\/portalpopmais.com.br\/en\/morre-rogerio-valenca-ex-calcinha-preta\/\">Morre Rog\u00e9rio Valen\u00e7a, ex-vocalista da Calcinha Preta, aos 52 anos<\/a><\/li>\n<li><div class=\"wp-block-latest-posts__featured-image aligncenter\"><a href=\"https:\/\/portalpopmais.com.br\/en\/lutador-gamba-ringue\/\" aria-label=\"Lutador celebra vit\u00f3ria ao lado de gamb\u00e1 de estima\u00e7\u00e3o em evento de MMA nos EUA\"><img loading=\"lazy\" decoding=\"async\" width=\"768\" height=\"456\" src=\"https:\/\/portalpopmais.com.br\/wp-content\/uploads\/2026\/09\/lutador-gamba-ringue-768x456.png\" class=\"attachment-medium size-medium wp-post-image\" alt=\"lutador gamba ringue\" style=\"\" srcset=\"https:\/\/portalpopmais.com.br\/wp-content\/uploads\/2026\/09\/lutador-gamba-ringue-768x456.png 768w, https:\/\/portalpopmais.com.br\/wp-content\/uploads\/2026\/09\/lutador-gamba-ringue-1170x694.png 1170w, https:\/\/portalpopmais.com.br\/wp-content\/uploads\/2026\/09\/lutador-gamba-ringue-18x12.png 18w\" sizes=\"auto, (max-width: 768px) 100vw, 768px\" title=\"\"><\/a><\/div><a class=\"wp-block-latest-posts__post-title\" href=\"https:\/\/portalpopmais.com.br\/en\/lutador-gamba-ringue\/\">Lutador celebra vit\u00f3ria ao lado de gamb\u00e1 de estima\u00e7\u00e3o em evento de MMA nos EUA<\/a><\/li>\n<li><div class=\"wp-block-latest-posts__featured-image aligncenter\"><a href=\"https:\/\/portalpopmais.com.br\/en\/governo-regulamenta-venda-de-ingressos-online-para-combater-cambismo-digital\/\" aria-label=\"Governo regulamenta venda de ingressos online para combater cambismo digital\"><img loading=\"lazy\" decoding=\"async\" width=\"768\" height=\"456\" src=\"https:\/\/portalpopmais.com.br\/wp-content\/uploads\/2025\/08\/Lula-768x456.jpg\" class=\"attachment-medium size-medium wp-post-image\" alt=\"\" style=\"\" title=\"\"><\/a><\/div><a class=\"wp-block-latest-posts__post-title\" href=\"https:\/\/portalpopmais.com.br\/en\/governo-regulamenta-venda-de-ingressos-online-para-combater-cambismo-digital\/\">Governo regulamenta venda de ingressos online para combater cambismo digital<\/a><\/li>\n<li><div class=\"wp-block-latest-posts__featured-image aligncenter\"><a href=\"https:\/\/portalpopmais.com.br\/en\/homem-condenado-morte-tupac\/\" aria-label=\"Quase 30 anos ap\u00f3s o crime, homem \u00e9 condenado pelo assassinato de Tupac Shakur\"><img loading=\"lazy\" decoding=\"async\" width=\"768\" height=\"456\" src=\"https:\/\/portalpopmais.com.br\/wp-content\/uploads\/2026\/09\/homem-condenado-morte-tuac-768x456.png\" class=\"attachment-medium size-medium wp-post-image\" alt=\"homem condenado morte tuac\" style=\"\" srcset=\"https:\/\/portalpopmais.com.br\/wp-content\/uploads\/2026\/09\/homem-condenado-morte-tuac-768x456.png 768w, https:\/\/portalpopmais.com.br\/wp-content\/uploads\/2026\/09\/homem-condenado-morte-tuac-1170x694.png 1170w, https:\/\/portalpopmais.com.br\/wp-content\/uploads\/2026\/09\/homem-condenado-morte-tuac-18x10.png 18w\" sizes=\"auto, (max-width: 768px) 100vw, 768px\" title=\"\"><\/a><\/div><a class=\"wp-block-latest-posts__post-title\" href=\"https:\/\/portalpopmais.com.br\/en\/homem-condenado-morte-tupac\/\">Quase 30 anos ap\u00f3s o crime, homem \u00e9 condenado pelo assassinato de Tupac Shakur<\/a><\/li>\n<li><div class=\"wp-block-latest-posts__featured-image aligncenter\"><a href=\"https:\/\/portalpopmais.com.br\/en\/pedro-scooby-confirma-o-fim-do-casamento-com-cintia-dicker\/\" aria-label=\"Pedro Scooby confirma o fim do casamento com Cintia Dicker\"><img loading=\"lazy\" decoding=\"async\" width=\"768\" height=\"456\" src=\"https:\/\/portalpopmais.com.br\/wp-content\/uploads\/2026\/08\/design-sem-nome-11-1-768x456.jpg\" class=\"attachment-medium size-medium wp-post-image\" alt=\"design sem nome 11 (1)\" style=\"\" srcset=\"https:\/\/portalpopmais.com.br\/wp-content\/uploads\/2026\/08\/design-sem-nome-11-1-768x456.jpg 768w, https:\/\/portalpopmais.com.br\/wp-content\/uploads\/2026\/08\/design-sem-nome-11-1-18x12.jpg 18w\" sizes=\"auto, (max-width: 768px) 100vw, 768px\" title=\"\"><\/a><\/div><a class=\"wp-block-latest-posts__post-title\" href=\"https:\/\/portalpopmais.com.br\/en\/pedro-scooby-confirma-o-fim-do-casamento-com-cintia-dicker\/\">Pedro Scooby confirma o fim do casamento com Cintia Dicker<\/a><\/li>\n<\/ul><\/div><\/div>\n\n\n\n<p class=\"wp-block-paragraph\">\u201cLogo ap\u00f3s meu \u00faltimo t\u00e9rmino [de namoro], acabamos aproximando mais a amizade. Al\u00e9m do fato de estarem surgindo mais oportunidades de trabalho e eventos para fazermos juntos. Fop n\u00e3o \u00e9 de S\u00e3o Paulo, est\u00e1 morando aqui h\u00e1 pouco tempo, j\u00e1 eu sempre morei aqui, n\u00e9? Ent\u00e3o, estou ajudando ele no que \u00e9 preciso. Meu filhote, praticamente [risos]\u201d, <a href=\"http:\/\/twitter.com\/popmaisfm\" target=\"_blank\" rel=\"noopener\">completou<\/a>.<\/p>\n\n\n\n<p class=\"wp-block-paragraph\">Um publica\u00e7\u00e3o no Instagram de Gabriel, em parceria com Gui, aumentou ainda mais as suspeitas de um relacionamento. Isso porque, na legenda o modelo lembrava que \u201chomem tamb\u00e9m tem sentimento\u201d, com uma m\u00fasica de Oruam e Mainstreet, onde um trecho da letra fala \u201cpara de mentir olhando na minha cara e deixa de ser boba, que eu j\u00e1 sei de tudo\u201d. Ara\u00fajo ainda colocou lenha na fogueira comentando: \u201cQue nem o Belo essa dupla. Quem n\u00e3o gosta, est\u00e1 maluco\u201d.<\/p>\n\n\n\n<p class=\"wp-block-paragraph\">A \u00faltima rela\u00e7\u00e3o s\u00e9ria de Gui Ara\u00fajo foi com Karoline Lima que, atualmente, namora com o jogador do Flamengo, Leo Pereira. Eles terminaram em maio do ano passado, depois de 3 meses juntos. Desde ent\u00e3o, o rapaz n\u00e3o assumiu nenhuma outra mocinha publicamente.<\/p>\n\n\n\n<figure class=\"wp-block-embed is-type-rich is-provider-instagram wp-block-embed-instagram\"><div class=\"wp-block-embed__wrapper\">\nhttps:\/\/www.instagram.com\/reel\/C4YVBbxOixI\/?utm_source=ig_embed&#038;ig_rid=ffe2e0f6-d087-418d-95d3-63ee1cacbdf9\n<\/div><\/figure>\n","protected":false},"excerpt":{"rendered":"<p>Nesta quarta-feira (12\/3), o influenciador digital Gui Ara\u00fajo se pronunciou sobre rumores de affair com o ex-BBB Gabriel Fop. No in\u00edcio da semana, circulou um rumor de que os dois rapazes estariam vivendo um romance discreto. Em meio a repercuss\u00e3o, Gui decidiu se pronunciar sobre o assunto. \u201cO Gabriel \u00e9 meu brother, p\u00f4! Devido a [&hellip;]<\/p>\n","protected":false},"author":2,"featured_media":205518,"comment_status":"closed","ping_status":"open","sticky":false,"template":"","format":"standard","meta":{"footnotes":""},"categories":[173],"tags":[13670,9247],"class_list":["post-205516","post","type-post","status-publish","format-standard","has-post-thumbnail","hentry","category-celebridades","tag-gabriel-fop","tag-gui-araujo-3"],"_links":{"self":[{"href":"https:\/\/portalpopmais.com.br\/en\/wp-json\/wp\/v2\/posts\/205516","targetHints":{"allow":["GET"]}}],"collection":[{"href":"https:\/\/portalpopmais.com.br\/en\/wp-json\/wp\/v2\/posts"}],"about":[{"href":"https:\/\/portalpopmais.com.br\/en\/wp-json\/wp\/v2\/types\/post"}],"author":[{"embeddable":true,"href":"https:\/\/portalpopmais.com.br\/en\/wp-json\/wp\/v2\/users\/2"}],"replies":[{"embeddable":true,"href":"https:\/\/portalpopmais.com.br\/en\/wp-json\/wp\/v2\/comments?post=205516"}],"version-history":[{"count":0,"href":"https:\/\/portalpopmais.com.br\/en\/wp-json\/wp\/v2\/posts\/205516\/revisions"}],"wp:featuredmedia":[{"embeddable":true,"href":"https:\/\/portalpopmais.com.br\/en\/wp-json\/wp\/v2\/media\/205518"}],"wp:attachment":[{"href":"https:\/\/portalpopmais.com.br\/en\/wp-json\/wp\/v2\/media?parent=205516"}],"wp:term":[{"taxonomy":"category","embeddable":true,"href":"https:\/\/portalpopmais.com.br\/en\/wp-json\/wp\/v2\/categories?post=205516"},{"taxonomy":"post_tag","embeddable":true,"href":"https:\/\/portalpopmais.com.br\/en\/wp-json\/wp\/v2\/tags?post=205516"}],"curies":[{"name":"wp","href":"https:\/\/api.w.org\/{rel}","templated":true}]}}