{"id":205765,"date":"2024-03-18T21:06:18","date_gmt":"2024-03-19T00:06:18","guid":{"rendered":"https:\/\/portalpopmais.com.br\/?p=205765"},"modified":"2024-03-18T21:06:24","modified_gmt":"2024-03-19T00:06:24","slug":"dua-lipa-vida-mais-divertida-com-gays","status":"publish","type":"post","link":"https:\/\/portalpopmais.com.br\/en\/dua-lipa-vida-mais-divertida-com-gays\/","title":{"rendered":"&#8220;A vida \u00e9 mais divertida com os gays&#8221;, diz Dua Lipa"},"content":{"rendered":"\n<p>Em nova entrevista com Trixie Mattel, <strong><a href=\"http:\/\/portalpopmais.com.br\">Dua Lipa<\/a><\/strong> celebrou os f\u00e3s gays. A artista revelou que mant\u00e9m uma rela\u00e7\u00e3o de muito respeito e alegria com a comunidade, que tamb\u00e9m \u00e9 a maior parte do p\u00fablico que consome sua <a href=\"http:\/\/twitter.com\/popmaisfm\" target=\"_blank\" rel=\"noopener\">m\u00fasica<\/a>.<\/p>\n\n\n\n<p>\u201cA vida com os gays \u00e9 mais divertida\u201d, celebrou a cantora, que em 2020, j\u00e1 tinha pontuado que tratava a luta pelos direitos LGBTQIA+ como um verdadeiro \u2018dever\u2019.<\/p>\n\n\n\n<div class=\"wp-block-group\"><div class=\"wp-block-group__inner-container is-layout-constrained wp-block-group-is-layout-constrained\">\n<h2 class=\"wp-block-heading\">Veja mais<\/h2>\n\n\n<ul class=\"wp-block-latest-posts__list is-grid columns-3 wp-block-latest-posts\"><li><div class=\"wp-block-latest-posts__featured-image aligncenter\"><a href=\"https:\/\/portalpopmais.com.br\/en\/jon-vlogs-revela-que-ja-recebeu-beijo-grego-veja-video\/\" aria-label=\"Jon Vlogs revela que j\u00e1 recebeu &#8220;beijo grego&#8221;; veja v\u00eddeo\"><img loading=\"lazy\" decoding=\"async\" width=\"768\" height=\"456\" src=\"https:\/\/portalpopmais.com.br\/wp-content\/uploads\/2025\/06\/jon-vlogs-768x456.jpg\" class=\"attachment-medium size-medium wp-post-image\" alt=\"Jon Vlogs\" style=\"\" title=\"\"><\/a><\/div><a class=\"wp-block-latest-posts__post-title\" href=\"https:\/\/portalpopmais.com.br\/en\/jon-vlogs-revela-que-ja-recebeu-beijo-grego-veja-video\/\">Jon Vlogs revela que j\u00e1 recebeu &#8220;beijo grego&#8221;; veja v\u00eddeo<\/a><\/li>\n<li><div class=\"wp-block-latest-posts__featured-image aligncenter\"><a href=\"https:\/\/portalpopmais.com.br\/en\/samira-quebra-o-silencio-sobre-o-fim-da-amizade-com-juliano-floss\/\" aria-label=\"Samira quebra o sil\u00eancio sobre o fim da amizade com Juliano Floss\"><img loading=\"lazy\" decoding=\"async\" width=\"768\" height=\"456\" src=\"https:\/\/portalpopmais.com.br\/wp-content\/uploads\/2026\/04\/samira-fala-fim-amizade-juliano-floss-768x456.png\" class=\"attachment-medium size-medium wp-post-image\" alt=\"samira fala fim amizade juliano floss\" style=\"\" srcset=\"https:\/\/portalpopmais.com.br\/wp-content\/uploads\/2026\/04\/samira-fala-fim-amizade-juliano-floss-768x456.png 768w, https:\/\/portalpopmais.com.br\/wp-content\/uploads\/2026\/04\/samira-fala-fim-amizade-juliano-floss-18x10.png 18w\" sizes=\"auto, (max-width: 768px) 100vw, 768px\" title=\"\"><\/a><\/div><a class=\"wp-block-latest-posts__post-title\" href=\"https:\/\/portalpopmais.com.br\/en\/samira-quebra-o-silencio-sobre-o-fim-da-amizade-com-juliano-floss\/\">Samira quebra o sil\u00eancio sobre o fim da amizade com Juliano Floss<\/a><\/li>\n<li><div class=\"wp-block-latest-posts__featured-image aligncenter\"><a href=\"https:\/\/portalpopmais.com.br\/en\/virginia-fonseca-gasta-sem-pena-e-fecha-circo-inteiro-para-filhos-veja-video\/\" aria-label=\"Virginia Fonseca gasta sem pena e fecha circo inteiro para filhos; veja v\u00eddeo\"><img loading=\"lazy\" decoding=\"async\" width=\"768\" height=\"456\" src=\"https:\/\/portalpopmais.com.br\/wp-content\/uploads\/2026\/04\/virginia-com-os-filhos-768x456.png\" class=\"attachment-medium size-medium wp-post-image\" alt=\"virginia com os filhos\" style=\"\" srcset=\"https:\/\/portalpopmais.com.br\/wp-content\/uploads\/2026\/04\/virginia-com-os-filhos-768x456.png 768w, https:\/\/portalpopmais.com.br\/wp-content\/uploads\/2026\/04\/virginia-com-os-filhos-1170x694.png 1170w, https:\/\/portalpopmais.com.br\/wp-content\/uploads\/2026\/04\/virginia-com-os-filhos-18x12.png 18w\" sizes=\"auto, (max-width: 768px) 100vw, 768px\" title=\"\"><\/a><\/div><a class=\"wp-block-latest-posts__post-title\" href=\"https:\/\/portalpopmais.com.br\/en\/virginia-fonseca-gasta-sem-pena-e-fecha-circo-inteiro-para-filhos-veja-video\/\">Virginia Fonseca gasta sem pena e fecha circo inteiro para filhos; veja v\u00eddeo<\/a><\/li>\n<li><div class=\"wp-block-latest-posts__featured-image aligncenter\"><a href=\"https:\/\/portalpopmais.com.br\/en\/treta-nas-redes-irma-de-isabel-veloso-reage-a-criticas-contra-lucas-borbas-e-polemica-cresce\/\" aria-label=\"TRETA NAS REDES: irm\u00e3 de Isabel Veloso reage a cr\u00edticas contra Lucas Borbas e pol\u00eamica cresce\"><img loading=\"lazy\" decoding=\"async\" width=\"768\" height=\"456\" src=\"https:\/\/portalpopmais.com.br\/wp-content\/uploads\/2026\/04\/irma-de-isabel-veloso-768x456.png\" class=\"attachment-medium size-medium wp-post-image\" alt=\"irma de isabel veloso\" style=\"\" srcset=\"https:\/\/portalpopmais.com.br\/wp-content\/uploads\/2026\/04\/irma-de-isabel-veloso-768x456.png 768w, https:\/\/portalpopmais.com.br\/wp-content\/uploads\/2026\/04\/irma-de-isabel-veloso-18x12.png 18w\" sizes=\"auto, (max-width: 768px) 100vw, 768px\" title=\"\"><\/a><\/div><a class=\"wp-block-latest-posts__post-title\" href=\"https:\/\/portalpopmais.com.br\/en\/treta-nas-redes-irma-de-isabel-veloso-reage-a-criticas-contra-lucas-borbas-e-polemica-cresce\/\">TRETA NAS REDES: irm\u00e3 de Isabel Veloso reage a cr\u00edticas contra Lucas Borbas e pol\u00eamica cresce<\/a><\/li>\n<li><div class=\"wp-block-latest-posts__featured-image aligncenter\"><a href=\"https:\/\/portalpopmais.com.br\/en\/madonna-usa-app-de-pegacao-gay-para-divulgar-novo-album\/\" aria-label=\"Madonna usa app de pega\u00e7\u00e3o gay para divulgar novo \u00e1lbum\"><img loading=\"lazy\" decoding=\"async\" width=\"768\" height=\"456\" src=\"https:\/\/portalpopmais.com.br\/wp-content\/uploads\/2023\/06\/madonna-1-768x456.jpg\" class=\"attachment-medium size-medium wp-post-image\" alt=\"Madonna\" style=\"\" title=\"\"><\/a><\/div><a class=\"wp-block-latest-posts__post-title\" href=\"https:\/\/portalpopmais.com.br\/en\/madonna-usa-app-de-pegacao-gay-para-divulgar-novo-album\/\">Madonna usa app de pega\u00e7\u00e3o gay para divulgar novo \u00e1lbum<\/a><\/li>\n<li><div class=\"wp-block-latest-posts__featured-image aligncenter\"><a href=\"https:\/\/portalpopmais.com.br\/en\/claudia-leitte-e-massacrada-na-web-apos-apoiar-juliano-cazarre-em-meio-a-polemica\/\" aria-label=\"Claudia Leitte \u00e9 massacrada na web ap\u00f3s apoiar Juliano Cazarr\u00e9 em meio \u00e0 pol\u00eamica\"><img loading=\"lazy\" decoding=\"async\" width=\"768\" height=\"456\" src=\"https:\/\/portalpopmais.com.br\/wp-content\/uploads\/2025\/01\/Claudia-Leitte-9-768x456.avif\" class=\"attachment-medium size-medium wp-post-image\" alt=\"\" style=\"\" title=\"\"><\/a><\/div><a class=\"wp-block-latest-posts__post-title\" href=\"https:\/\/portalpopmais.com.br\/en\/claudia-leitte-e-massacrada-na-web-apos-apoiar-juliano-cazarre-em-meio-a-polemica\/\">Claudia Leitte \u00e9 massacrada na web ap\u00f3s apoiar Juliano Cazarr\u00e9 em meio \u00e0 pol\u00eamica<\/a><\/li>\n<\/ul><\/div><\/div>\n\n\n\n<p>\u201cTenho um grande grupo de amigos e [membros da] minha equipe que fazem parte da comunidade LGBTQIA+, que me inspiraram muito e me ensinaram muito\u201d, disse ela. \u201cEles s\u00e3o todos meus modelos de vida.\u201d<\/p>\n\n\n\n<p>\u201c\u00c9 inteiramente um direito poder amar quem voc\u00ea quiser, n\u00e3o apenas porque tenho amigos na comunidade LGBTQIA+, mas porque somos todos humanos e merecemos isso\u201d, disse Dua para a revista Attitude . \u201c\u00c9 algo com o qual me sinto muito conectada e pelo qual continuarei lutando. Vejo isso como um dever\u201d.<\/p>\n","protected":false},"excerpt":{"rendered":"<p>Em nova entrevista com Trixie Mattel, Dua Lipa celebrou os f\u00e3s gays. A artista revelou que mant\u00e9m uma rela\u00e7\u00e3o de muito respeito e alegria com a comunidade, que tamb\u00e9m \u00e9 a maior parte do p\u00fablico que consome sua m\u00fasica. \u201cA vida com os gays \u00e9 mais divertida\u201d, celebrou a cantora, que em 2020, j\u00e1 tinha [&hellip;]<\/p>\n","protected":false},"author":2,"featured_media":205527,"comment_status":"closed","ping_status":"open","sticky":false,"template":"","format":"standard","meta":{"footnotes":""},"categories":[154],"tags":[263],"class_list":["post-205765","post","type-post","status-publish","format-standard","has-post-thumbnail","hentry","category-musica","tag-dua-lipa"],"_links":{"self":[{"href":"https:\/\/portalpopmais.com.br\/en\/wp-json\/wp\/v2\/posts\/205765","targetHints":{"allow":["GET"]}}],"collection":[{"href":"https:\/\/portalpopmais.com.br\/en\/wp-json\/wp\/v2\/posts"}],"about":[{"href":"https:\/\/portalpopmais.com.br\/en\/wp-json\/wp\/v2\/types\/post"}],"author":[{"embeddable":true,"href":"https:\/\/portalpopmais.com.br\/en\/wp-json\/wp\/v2\/users\/2"}],"replies":[{"embeddable":true,"href":"https:\/\/portalpopmais.com.br\/en\/wp-json\/wp\/v2\/comments?post=205765"}],"version-history":[{"count":0,"href":"https:\/\/portalpopmais.com.br\/en\/wp-json\/wp\/v2\/posts\/205765\/revisions"}],"wp:featuredmedia":[{"embeddable":true,"href":"https:\/\/portalpopmais.com.br\/en\/wp-json\/wp\/v2\/media\/205527"}],"wp:attachment":[{"href":"https:\/\/portalpopmais.com.br\/en\/wp-json\/wp\/v2\/media?parent=205765"}],"wp:term":[{"taxonomy":"category","embeddable":true,"href":"https:\/\/portalpopmais.com.br\/en\/wp-json\/wp\/v2\/categories?post=205765"},{"taxonomy":"post_tag","embeddable":true,"href":"https:\/\/portalpopmais.com.br\/en\/wp-json\/wp\/v2\/tags?post=205765"}],"curies":[{"name":"wp","href":"https:\/\/api.w.org\/{rel}","templated":true}]}}