{"id":206136,"date":"2024-03-26T09:30:18","date_gmt":"2024-03-26T12:30:18","guid":{"rendered":"https:\/\/portalpopmais.com.br\/?p=206136"},"modified":"2024-03-26T09:30:21","modified_gmt":"2024-03-26T12:30:21","slug":"sonia-abrao-pede-expulsao-davi","status":"publish","type":"post","link":"https:\/\/portalpopmais.com.br\/en\/sonia-abrao-pede-expulsao-davi\/","title":{"rendered":"Torcedora declarada de Davi, Sonia Abr\u00e3o pede expuls\u00f5es do baiano e MC Bin Laden do BBB24: \u201cbaixaria total\u201d"},"content":{"rendered":"<p class=\"wp-block-paragraph\"><strong>S\u00f4nia Abr\u00e3o<\/strong>, torcedora declarada de Davi no <strong><a href=\"https:\/\/portalpopmais.com.br\/en\/ex-bbb24-vinicius-video-cueca\/\" data-type=\"post\" data-id=\"206132\">BBB24<\/a><\/strong>, se mostrou indignada e decepcionada com o brother ap\u00f3s a briga entre ele e o cantor MC Bin Laden, que aconteceu na madrugada desta ter\u00e7a-feira (24). Em suas redes sociais, a apresentadora se mostrou a favor da <strong>dupla expuls\u00e3o<\/strong> dos participantes que tiveram um forte embate ap\u00f3s a din\u00e2mica do &#8220;Sincer\u00e3o&#8221;, realizada na noite de segunda-feira (25).<\/p>\n\n\n\n<p class=\"wp-block-paragraph\">&#8220;Expuls\u00e3o para Bin e Davi! Eu n\u00e3o sei se novas imagens, se outros \u00e2ngulos ser\u00e3o mostrados hoje \u00e0 noite no BBB24, que possam me fazer mudar de opini\u00e3o. S\u00f3 sei que pelo bem do reality e pela preserva\u00e7\u00e3o do entretenimento saud\u00e1vel, n\u00e3o se pode mais admitir tanta agressividade, brigas que ultrapassam os limites das desaven\u00e7as que temperam o jogo e descambam para a baixaria total. Nem que pra isso seja necess\u00e1rio abrir m\u00e3o do brother favorito do p\u00fablico e tbm do \u00faltimo integrante do camarote&#8221;, escreveu S\u00f4nia, ass\u00eddua telespectadora do reality show da <a href=\"http:\/\/instagram.com\/portalpopmais\" target=\"_blank\" rel=\"noopener\">TV Globo<\/a>.<\/p>\n\n\n\n<div class=\"wp-block-group\"><div class=\"wp-block-group__inner-container is-layout-constrained wp-block-group-is-layout-constrained\">\n<h2 class=\"wp-block-heading\">Veja mais<\/h2>\n\n\n<ul class=\"wp-block-latest-posts__list is-grid aligncenter wp-block-latest-posts is-layout-flow wp-block-latest-posts-is-layout-flow\"><li><div class=\"wp-block-latest-posts__featured-image aligncenter\"><a href=\"https:\/\/portalpopmais.com.br\/en\/ze-felipe-faz-misterio-nas-redes-sociais-e-revela-desejo-misterioso-vontade\/\" aria-label=\"Z\u00e9 Felipe faz mist\u00e9rio nas redes sociais e revela desejo misterioso: \u201cVontade\u201d\"><img loading=\"lazy\" decoding=\"async\" width=\"768\" height=\"456\" src=\"https:\/\/portalpopmais.com.br\/wp-content\/uploads\/2026\/04\/design-sem-nome-4-3-768x456.jpg\" class=\"attachment-medium size-medium wp-post-image\" alt=\"design sem nome 4 (3)\" style=\"\" srcset=\"https:\/\/portalpopmais.com.br\/wp-content\/uploads\/2026\/04\/design-sem-nome-4-3-768x456.jpg 768w, https:\/\/portalpopmais.com.br\/wp-content\/uploads\/2026\/04\/design-sem-nome-4-3-18x12.jpg 18w\" sizes=\"auto, (max-width: 768px) 100vw, 768px\" title=\"\"><\/a><\/div><a class=\"wp-block-latest-posts__post-title\" href=\"https:\/\/portalpopmais.com.br\/en\/ze-felipe-faz-misterio-nas-redes-sociais-e-revela-desejo-misterioso-vontade\/\">Z\u00e9 Felipe faz mist\u00e9rio nas redes sociais e revela desejo misterioso: \u201cVontade\u201d<\/a><\/li>\n<li><div class=\"wp-block-latest-posts__featured-image aligncenter\"><a href=\"https:\/\/portalpopmais.com.br\/en\/fabio-porchat-divulga-filme-no-xvideos\/\" aria-label=\"F\u00e1bio Porchat divulga filme no XV\u00eddeos\"><img loading=\"lazy\" decoding=\"async\" width=\"768\" height=\"456\" src=\"https:\/\/portalpopmais.com.br\/wp-content\/uploads\/2026\/09\/0a10f2c6-07ec-459e-a587-138e92e2655d-768x456.jpg\" class=\"attachment-medium size-medium wp-post-image\" alt=\"\" style=\"\" srcset=\"https:\/\/portalpopmais.com.br\/wp-content\/uploads\/2026\/09\/0a10f2c6-07ec-459e-a587-138e92e2655d-768x456.jpg 768w, https:\/\/portalpopmais.com.br\/wp-content\/uploads\/2026\/09\/0a10f2c6-07ec-459e-a587-138e92e2655d-1170x694.jpg 1170w, https:\/\/portalpopmais.com.br\/wp-content\/uploads\/2026\/09\/0a10f2c6-07ec-459e-a587-138e92e2655d-18x10.jpg 18w\" sizes=\"auto, (max-width: 768px) 100vw, 768px\" title=\"\"><\/a><\/div><a class=\"wp-block-latest-posts__post-title\" href=\"https:\/\/portalpopmais.com.br\/en\/fabio-porchat-divulga-filme-no-xvideos\/\">F\u00e1bio Porchat divulga filme no XV\u00eddeos<\/a><\/li>\n<li><div class=\"wp-block-latest-posts__featured-image aligncenter\"><a href=\"https:\/\/portalpopmais.com.br\/en\/antonio-rafaski-revela-ser-gay-e-versatil-ao-responder-perguntas-de-seguidores\/\" aria-label=\"Antonio Rafaski revela ser gay e vers\u00e1til ao responder perguntas de seguidores\"><img loading=\"lazy\" decoding=\"async\" width=\"600\" height=\"427\" src=\"https:\/\/portalpopmais.com.br\/wp-content\/uploads\/2026\/09\/IMG-20260904-WA0044.jpg\" class=\"attachment-medium size-medium wp-post-image\" alt=\"Antonio Rafaski revela ser gay\" style=\"\" srcset=\"https:\/\/portalpopmais.com.br\/wp-content\/uploads\/2026\/09\/IMG-20260904-WA0044.jpg 600w, https:\/\/portalpopmais.com.br\/wp-content\/uploads\/2026\/09\/IMG-20260904-WA0044-18x12.jpg 18w\" sizes=\"auto, (max-width: 600px) 100vw, 600px\" title=\"\"><\/a><\/div><a class=\"wp-block-latest-posts__post-title\" href=\"https:\/\/portalpopmais.com.br\/en\/antonio-rafaski-revela-ser-gay-e-versatil-ao-responder-perguntas-de-seguidores\/\">Antonio Rafaski revela ser gay e vers\u00e1til ao responder perguntas de seguidores<\/a><\/li>\n<li><div class=\"wp-block-latest-posts__featured-image aligncenter\"><a href=\"https:\/\/portalpopmais.com.br\/en\/setlist-nova-twins-rock-in-rio-2026\/\" aria-label=\"Nova Twins no Rock in Rio 2026: confira a poss\u00edvel setlist do show\"><img loading=\"lazy\" decoding=\"async\" width=\"768\" height=\"456\" src=\"https:\/\/portalpopmais.com.br\/wp-content\/uploads\/2026\/09\/setlist-Nova-Twins-rock-in-rio-2026-768x456.jpg\" class=\"attachment-medium size-medium wp-post-image\" alt=\"setlist Nova Twins rock in rio 2026\" style=\"\" srcset=\"https:\/\/portalpopmais.com.br\/wp-content\/uploads\/2026\/09\/setlist-Nova-Twins-rock-in-rio-2026-768x456.jpg 768w, https:\/\/portalpopmais.com.br\/wp-content\/uploads\/2026\/09\/setlist-Nova-Twins-rock-in-rio-2026-1170x694.jpg 1170w, https:\/\/portalpopmais.com.br\/wp-content\/uploads\/2026\/09\/setlist-Nova-Twins-rock-in-rio-2026-18x10.jpg 18w\" sizes=\"auto, (max-width: 768px) 100vw, 768px\" title=\"\"><\/a><\/div><a class=\"wp-block-latest-posts__post-title\" href=\"https:\/\/portalpopmais.com.br\/en\/setlist-nova-twins-rock-in-rio-2026\/\">Nova Twins no Rock in Rio 2026: confira a poss\u00edvel setlist do show<\/a><\/li>\n<li><div class=\"wp-block-latest-posts__featured-image aligncenter\"><a href=\"https:\/\/portalpopmais.com.br\/en\/luana-piovani-pedro-scooby-propria-cova\/\" aria-label=\"Luana Piovani volta a criticar Pedro Scooby e afirma que surfista \u201ccavou a pr\u00f3pria cova\u201d\"><img loading=\"lazy\" decoding=\"async\" width=\"768\" height=\"456\" src=\"https:\/\/portalpopmais.com.br\/wp-content\/uploads\/2025\/11\/Luana-Piovani-alfineta-Pedro-Scooby-sobre-valor-da-pensao-paga-aos-filhos-768x456.jpg\" class=\"attachment-medium size-medium wp-post-image\" alt=\"Luana Piovani alfineta Pedro Scooby sobre valor da pens\u00e3o paga aos filhos: \u201cbem inferior\u201d\" style=\"\" srcset=\"https:\/\/portalpopmais.com.br\/wp-content\/uploads\/2025\/11\/Luana-Piovani-alfineta-Pedro-Scooby-sobre-valor-da-pensao-paga-aos-filhos-768x456.jpg 768w, https:\/\/portalpopmais.com.br\/wp-content\/uploads\/2025\/11\/Luana-Piovani-alfineta-Pedro-Scooby-sobre-valor-da-pensao-paga-aos-filhos-1170x694.jpg 1170w, https:\/\/portalpopmais.com.br\/wp-content\/uploads\/2025\/11\/Luana-Piovani-alfineta-Pedro-Scooby-sobre-valor-da-pensao-paga-aos-filhos-18x10.jpg 18w\" sizes=\"auto, (max-width: 768px) 100vw, 768px\" title=\"\"><\/a><\/div><a class=\"wp-block-latest-posts__post-title\" href=\"https:\/\/portalpopmais.com.br\/en\/luana-piovani-pedro-scooby-propria-cova\/\">Luana Piovani volta a criticar Pedro Scooby e afirma que surfista \u201ccavou a pr\u00f3pria cova\u201d<\/a><\/li>\n<li><div class=\"wp-block-latest-posts__featured-image aligncenter\"><a href=\"https:\/\/portalpopmais.com.br\/en\/quem-e-participante-perdeu-perna-indenizacao\/\" aria-label=\"Saiba quem \u00e9 o jovem que perdeu a perna durante reality e pede indeniza\u00e7\u00e3o de R$ 510 milh\u00f5es\"><img loading=\"lazy\" decoding=\"async\" width=\"768\" height=\"456\" src=\"https:\/\/portalpopmais.com.br\/wp-content\/uploads\/2026\/09\/quem-e-Stavros-Floros-768x456.png\" class=\"attachment-medium size-medium wp-post-image\" alt=\"Stavros Floros perdeu a perna em reality show e pede indeniza\u00e7\u00e3o de R$ 510 milh\u00f5es \u2014 Foto: Reprodu\u00e7\u00e3o\/Instagram\" style=\"\" srcset=\"https:\/\/portalpopmais.com.br\/wp-content\/uploads\/2026\/09\/quem-e-Stavros-Floros-768x456.png 768w, https:\/\/portalpopmais.com.br\/wp-content\/uploads\/2026\/09\/quem-e-Stavros-Floros-1170x694.png 1170w, https:\/\/portalpopmais.com.br\/wp-content\/uploads\/2026\/09\/quem-e-Stavros-Floros-18x12.png 18w\" sizes=\"auto, (max-width: 768px) 100vw, 768px\" title=\"\"><\/a><\/div><a class=\"wp-block-latest-posts__post-title\" href=\"https:\/\/portalpopmais.com.br\/en\/quem-e-participante-perdeu-perna-indenizacao\/\">Saiba quem \u00e9 o jovem que perdeu a perna durante reality e pede indeniza\u00e7\u00e3o de R$ 510 milh\u00f5es<\/a><\/li>\n<\/ul><\/div><\/div>\n\n\n\n<p class=\"wp-block-paragraph\">A apresentadora se mostra favor\u00e1vel \u00e0 expuls\u00e3o de Davi, que considera o &#8220;brother favorito do p\u00fablico&#8221;, e de MC Bin Laden, \u00faltimo participante remanescente do grupo Camarote. &#8220;Bin perdeu a no\u00e7\u00e3o; Davi, o pr\u00eamio! Isso me quebra porque esse garoto sempre foi o n\u00famero 1 do meu p\u00f3dio, minha torcida assumid\u00edssima, mas o sonho acabou! Para mim, daqui n\u00e3o d\u00e1 pra passar! Sou a favor da dupla expuls\u00e3o! E segue o jogo!&#8221;, postou.<\/p>\n\n\n<div class=\"wp-block-image\">\n<figure class=\"aligncenter size-full\"><img loading=\"lazy\" decoding=\"async\" width=\"1000\" height=\"500\" src=\"https:\/\/portalpopmais.com.br\/wp-content\/uploads\/2024\/03\/image-9.png\" alt=\"\" class=\"wp-image-206137\" title=\"\"><\/figure>\n<\/div>","protected":false},"excerpt":{"rendered":"<p>S\u00f4nia Abr\u00e3o, torcedora declarada de Davi no BBB24, se mostrou indignada e decepcionada com o brother ap\u00f3s a briga entre ele e o cantor MC Bin Laden, que aconteceu na madrugada desta ter\u00e7a-feira (24). Em suas redes sociais, a apresentadora se mostrou a favor da dupla expuls\u00e3o dos participantes que tiveram um forte embate ap\u00f3s [&hellip;]<\/p>\n","protected":false},"author":2,"featured_media":206138,"comment_status":"closed","ping_status":"open","sticky":false,"template":"","format":"standard","meta":{"footnotes":""},"categories":[1],"tags":[13600,11126],"class_list":["post-206136","post","type-post","status-publish","format-standard","has-post-thumbnail","hentry","category-fire2","tag-bbb24","tag-sonia-abrao-3"],"_links":{"self":[{"href":"https:\/\/portalpopmais.com.br\/en\/wp-json\/wp\/v2\/posts\/206136","targetHints":{"allow":["GET"]}}],"collection":[{"href":"https:\/\/portalpopmais.com.br\/en\/wp-json\/wp\/v2\/posts"}],"about":[{"href":"https:\/\/portalpopmais.com.br\/en\/wp-json\/wp\/v2\/types\/post"}],"author":[{"embeddable":true,"href":"https:\/\/portalpopmais.com.br\/en\/wp-json\/wp\/v2\/users\/2"}],"replies":[{"embeddable":true,"href":"https:\/\/portalpopmais.com.br\/en\/wp-json\/wp\/v2\/comments?post=206136"}],"version-history":[{"count":0,"href":"https:\/\/portalpopmais.com.br\/en\/wp-json\/wp\/v2\/posts\/206136\/revisions"}],"wp:featuredmedia":[{"embeddable":true,"href":"https:\/\/portalpopmais.com.br\/en\/wp-json\/wp\/v2\/media\/206138"}],"wp:attachment":[{"href":"https:\/\/portalpopmais.com.br\/en\/wp-json\/wp\/v2\/media?parent=206136"}],"wp:term":[{"taxonomy":"category","embeddable":true,"href":"https:\/\/portalpopmais.com.br\/en\/wp-json\/wp\/v2\/categories?post=206136"},{"taxonomy":"post_tag","embeddable":true,"href":"https:\/\/portalpopmais.com.br\/en\/wp-json\/wp\/v2\/tags?post=206136"}],"curies":[{"name":"wp","href":"https:\/\/api.w.org\/{rel}","templated":true}]}}