{"id":206171,"date":"2024-03-27T07:38:35","date_gmt":"2024-03-27T10:38:35","guid":{"rendered":"https:\/\/portalpopmais.com.br\/?p=206171"},"modified":"2024-03-27T07:38:38","modified_gmt":"2024-03-27T10:38:38","slug":"davi-expressao-soberba","status":"publish","type":"post","link":"https:\/\/portalpopmais.com.br\/en\/davi-expressao-soberba\/","title":{"rendered":"BBB24: Soberba? Web repercute rea\u00e7\u00e3o de Davi ap\u00f3s bronca de Tadeu: &#8220;Sorriso de deboche&#8221;"},"content":{"rendered":"<p>A express\u00e3o no rosto de <strong><a href=\"https:\/\/portalpopmais.com.br\/en\/globo-toma-decisao-ao-te-expulsao-de-davi-e-mc-bin-laden\/\" data-type=\"post\" data-id=\"206156\">Davi<\/a><\/strong> ap\u00f3s levar uma bronca ao vivo de<strong> Tadeu Schmidt<\/strong> junto com Bin Laden no BBB24, causou rea\u00e7\u00f5es adversas nas redes sociais. V\u00e1rios internautas apontaram que ele pode ter se segurado para n\u00e3o dar um sorriso, apesar da situa\u00e7\u00e3o tensa no programa. Alguns at\u00e9 apontam um ar de soberba no motorista de aplicativo.<\/p>\n\n\n\n<p>\u201cDavi ainda deu meio sorriso sabendo que \u00e9 intoc\u00e1vel\u201d, afirmou um internauta. \u201cEsse sorriso do Davi diz muito\u201d, afirmou outro. \u201cEu senti o Davi segurando um sorriso, foi isso mesmo?\u201d, questionou mais um. \u201cO Davi esbo\u00e7a um sorriso de canto e segue com ar de quem j\u00e1 sabe que \u00e9 protegido da edi\u00e7\u00e3o\u201d, comentou outro. \u201cE o sorriso de deboche do Davi? Ele sabe que pode tudo. Bin ficou arrasado\u201d, escreveu mais um. &#8220;Pura soberba&#8221;, acrescentou <a href=\"http:\/\/instagram.com\/portalpopmais\" target=\"_blank\" rel=\"noopener\">outro<\/a>.<\/p>\n\n\n\n<div class=\"wp-block-group\"><div class=\"wp-block-group__inner-container is-layout-constrained wp-block-group-is-layout-constrained\">\n<h2 class=\"wp-block-heading\">Veja mais<\/h2>\n\n\n<ul class=\"wp-block-latest-posts__list is-grid columns-3 aligncenter wp-block-latest-posts\"><\/ul><\/div><\/div>\n\n\n\n<p>Confira abaixo:<\/p>\n\n\n\n<figure class=\"wp-block-embed is-type-rich is-provider-twitter wp-block-embed-twitter\"><div class=\"wp-block-embed__wrapper\">\n<blockquote class=\"twitter-tweet\" data-width=\"550\" data-dnt=\"true\"><p lang=\"pt\" dir=\"ltr\">Olha o sorriso do Davi depois da fala do Tadeu hehehe<\/p>&mdash; Adair Luz (@AdairLuz1) <a href=\"https:\/\/twitter.com\/AdairLuz1\/status\/1772802525852262568?ref_src=twsrc%5Etfw\" target=\"_blank\" rel=\"noopener\">March 27, 2024<\/a><\/blockquote><script async src=\"https:\/\/platform.twitter.com\/widgets.js\" charset=\"utf-8\"><\/script>\n<\/div><\/figure>\n\n\n\n<figure class=\"wp-block-embed is-type-rich is-provider-twitter wp-block-embed-twitter\"><div class=\"wp-block-embed__wrapper\">\n<blockquote class=\"twitter-tweet\" data-width=\"550\" data-dnt=\"true\"><p lang=\"pt\" dir=\"ltr\">Rid\u00edculo um esporro de jardim de inf\u00e2ncia depois do vt do confronto. BBB \u00e9 terra sem lei. Davi ainda deu meio sorriso sabendo que \u00e9 intoc\u00e1vel.<\/p>&mdash; OpinAtivaLivros (@OpinAtivaLivros) <a href=\"https:\/\/twitter.com\/OpinAtivaLivros\/status\/1772802931223298159?ref_src=twsrc%5Etfw\" target=\"_blank\" rel=\"noopener\">March 27, 2024<\/a><\/blockquote><script async src=\"https:\/\/platform.twitter.com\/widgets.js\" charset=\"utf-8\"><\/script>\n<\/div><\/figure>\n\n\n\n<figure class=\"wp-block-embed is-type-rich is-provider-twitter wp-block-embed-twitter\"><div class=\"wp-block-embed__wrapper\">\n<blockquote class=\"twitter-tweet\" data-width=\"550\" data-dnt=\"true\"><p lang=\"pt\" dir=\"ltr\">Kkkk o Davi com um semi sorriso p\u00f3s esporro.. Aiai falo nada<\/p>&mdash; Carol (@cahloopess) <a href=\"https:\/\/twitter.com\/cahloopess\/status\/1772803178037231859?ref_src=twsrc%5Etfw\" target=\"_blank\" rel=\"noopener\">March 27, 2024<\/a><\/blockquote><script async src=\"https:\/\/platform.twitter.com\/widgets.js\" charset=\"utf-8\"><\/script>\n<\/div><\/figure>\n\n\n\n<h2 class=\"wp-block-heading\">Bronca ao vivo<\/h2>\n\n\n\n<p>Tadeu Schmidt fala com brothers ap\u00f3s a briga generalizada protagonizada por MC Bin Laden e Davi. Durante o programa ao vivo desta ter\u00e7a-feira (26), o apresentador alerta que o reality \u00e9 uma arena para embates verbais e que agress\u00e3o f\u00edsica \u00e9 inaceit\u00e1vel. Veja mais sobre a briga <a href=\"https:\/\/portalpopmais.com.br\/en\/mc-bin-laden-treta-davi-sincerao\/\" data-type=\"post\" data-id=\"206125\">aqui<\/a>.<\/p>","protected":false},"excerpt":{"rendered":"<p>A express\u00e3o no rosto de Davi ap\u00f3s levar uma bronca ao vivo de Tadeu Schmidt junto com Bin Laden no BBB24, causou rea\u00e7\u00f5es adversas nas redes sociais. V\u00e1rios internautas apontaram que ele pode ter se segurado para n\u00e3o dar um sorriso, apesar da situa\u00e7\u00e3o tensa no programa. Alguns at\u00e9 apontam um ar de soberba no [&hellip;]<\/p>\n","protected":false},"author":2,"featured_media":206175,"comment_status":"closed","ping_status":"open","sticky":false,"template":"","format":"standard","meta":{"footnotes":""},"categories":[1],"tags":[13600,16148],"class_list":["post-206171","post","type-post","status-publish","format-standard","has-post-thumbnail","hentry","category-fire2","tag-bbb24","tag-davi-brito"],"_links":{"self":[{"href":"https:\/\/portalpopmais.com.br\/en\/wp-json\/wp\/v2\/posts\/206171","targetHints":{"allow":["GET"]}}],"collection":[{"href":"https:\/\/portalpopmais.com.br\/en\/wp-json\/wp\/v2\/posts"}],"about":[{"href":"https:\/\/portalpopmais.com.br\/en\/wp-json\/wp\/v2\/types\/post"}],"author":[{"embeddable":true,"href":"https:\/\/portalpopmais.com.br\/en\/wp-json\/wp\/v2\/users\/2"}],"replies":[{"embeddable":true,"href":"https:\/\/portalpopmais.com.br\/en\/wp-json\/wp\/v2\/comments?post=206171"}],"version-history":[{"count":0,"href":"https:\/\/portalpopmais.com.br\/en\/wp-json\/wp\/v2\/posts\/206171\/revisions"}],"wp:featuredmedia":[{"embeddable":true,"href":"https:\/\/portalpopmais.com.br\/en\/wp-json\/wp\/v2\/media\/206175"}],"wp:attachment":[{"href":"https:\/\/portalpopmais.com.br\/en\/wp-json\/wp\/v2\/media?parent=206171"}],"wp:term":[{"taxonomy":"category","embeddable":true,"href":"https:\/\/portalpopmais.com.br\/en\/wp-json\/wp\/v2\/categories?post=206171"},{"taxonomy":"post_tag","embeddable":true,"href":"https:\/\/portalpopmais.com.br\/en\/wp-json\/wp\/v2\/tags?post=206171"}],"curies":[{"name":"wp","href":"https:\/\/api.w.org\/{rel}","templated":true}]}}