{"id":206493,"date":"2024-04-01T08:06:38","date_gmt":"2024-04-01T11:06:38","guid":{"rendered":"https:\/\/portalpopmais.com.br\/?p=206493"},"modified":"2024-04-01T09:25:24","modified_gmt":"2024-04-01T12:25:24","slug":"video-fernanda-da-fora-thais-fersoza-ao-vivo","status":"publish","type":"post","link":"https:\/\/portalpopmais.com.br\/en\/video-fernanda-da-fora-thais-fersoza-ao-vivo\/","title":{"rendered":"AO VIVO! Fernanda d\u00e1 fora em Tha\u00eds Fersoza e Ed Gama durante entrevista; veja v\u00eddeo"},"content":{"rendered":"<p>Na madrugada desta segunda-feira (1\u00ba\/4), <strong><a href=\"https:\/\/portalpopmais.com.br\/en\/fernanda-eliminada-bbb24\/\" data-type=\"post\" data-id=\"206486\">Fernanda Bande<\/a><\/strong> participou do \u201cBate-papo BBB\u201d com Thais Fersoza e Ed Gama, ap\u00f3s ser eliminada do reality show. A entrevista repercutiu nas redes sociais, isso porque a ex-sister notou os olhares diferentes dos apresentadores e pelas justificativas emocionantes dos acontecimentos dentro do reality, e n\u00e3o deixou passar barato.<\/p>\n\n\n\n<p>Sem papas na l\u00edngua, em certo momento do bate-papo, Fernanda Bande afirmou que n\u00e3o sabia se poderia falar o que pensa, pois notou os olhares dos apresentadores ap\u00f3s exibirem uma cena dentro do reality. \u201cPorque eu n\u00e3o sabia se eu podia falar antes isso. Depois que voc\u00eas colocaram outro video e parece que eu mandei mal, voc\u00eas deram uma olha assim. Eu falo, por**, \u2018Fernanda vamos pensar no que falar antes\u2019\u201d, disparou a confeiteira.<\/p>\n\n\n\n<div class=\"wp-block-group\"><div class=\"wp-block-group__inner-container is-layout-constrained wp-block-group-is-layout-constrained\">\n<h2 class=\"wp-block-heading\">Veja mais<\/h2>\n\n\n<ul class=\"wp-block-latest-posts__list is-grid columns-3 aligncenter wp-block-latest-posts\"><li><div class=\"wp-block-latest-posts__featured-image aligncenter\"><a href=\"https:\/\/portalpopmais.com.br\/en\/video-de-flaco-lopez-sem-cueca-viraliza-na-web\/\" aria-label=\"V\u00eddeo de Flaco L\u00f3pez sem cueca viraliza na web\"><img loading=\"lazy\" decoding=\"async\" width=\"768\" height=\"456\" src=\"https:\/\/portalpopmais.com.br\/wp-content\/uploads\/2026\/04\/16102025_cg_palmeiras_3049_21-768x456.jpg\" class=\"attachment-medium size-medium wp-post-image\" alt=\"16102025 cg palmeiras 3049 21\" style=\"\" srcset=\"https:\/\/portalpopmais.com.br\/wp-content\/uploads\/2026\/04\/16102025_cg_palmeiras_3049_21-768x456.jpg 768w, https:\/\/portalpopmais.com.br\/wp-content\/uploads\/2026\/04\/16102025_cg_palmeiras_3049_21-1170x694.jpg 1170w, https:\/\/portalpopmais.com.br\/wp-content\/uploads\/2026\/04\/16102025_cg_palmeiras_3049_21-18x10.jpg 18w\" sizes=\"auto, (max-width: 768px) 100vw, 768px\" title=\"\"><\/a><\/div><a class=\"wp-block-latest-posts__post-title\" href=\"https:\/\/portalpopmais.com.br\/en\/video-de-flaco-lopez-sem-cueca-viraliza-na-web\/\">V\u00eddeo de Flaco L\u00f3pez sem cueca viraliza na web<\/a><\/li>\n<li><div class=\"wp-block-latest-posts__featured-image aligncenter\"><a href=\"https:\/\/portalpopmais.com.br\/en\/comentarista-da-record-richard-rytenband-morre-aos-45-anos\/\" aria-label=\"Comentarista da RECORD, Richard Rytenband morre aos 45 anos\"><img loading=\"lazy\" decoding=\"async\" width=\"768\" height=\"456\" src=\"https:\/\/portalpopmais.com.br\/wp-content\/uploads\/2026\/04\/richard-rytenband-morreu-aos-45-anos-apos-luta-contra-o-cancer-768x456.webp\" class=\"attachment-medium size-medium wp-post-image\" alt=\"richard rytenband morreu aos 45 anos apos luta contra o cancer\" style=\"\" srcset=\"https:\/\/portalpopmais.com.br\/wp-content\/uploads\/2026\/04\/richard-rytenband-morreu-aos-45-anos-apos-luta-contra-o-cancer-768x456.webp 768w, https:\/\/portalpopmais.com.br\/wp-content\/uploads\/2026\/04\/richard-rytenband-morreu-aos-45-anos-apos-luta-contra-o-cancer-18x12.webp 18w\" sizes=\"auto, (max-width: 768px) 100vw, 768px\" title=\"\"><\/a><\/div><a class=\"wp-block-latest-posts__post-title\" href=\"https:\/\/portalpopmais.com.br\/en\/comentarista-da-record-richard-rytenband-morre-aos-45-anos\/\">Comentarista da RECORD, Richard Rytenband morre aos 45 anos<\/a><\/li>\n<li><div class=\"wp-block-latest-posts__featured-image aligncenter\"><a href=\"https:\/\/portalpopmais.com.br\/en\/virginia-fonseca-chora-ao-rebater-fala-de-luana-piovani-e-anuncia-medidas-judiciais-chega\/\" aria-label=\"Virginia Fonseca chora ao rebater fala de Luana Piovani e anuncia medidas judiciais: \u201cChega\u201d\"><img loading=\"lazy\" decoding=\"async\" width=\"768\" height=\"456\" src=\"https:\/\/portalpopmais.com.br\/wp-content\/uploads\/2026\/04\/luana-2--768x456.jpg\" class=\"attachment-medium size-medium wp-post-image\" alt=\"luana 2\" style=\"\" srcset=\"https:\/\/portalpopmais.com.br\/wp-content\/uploads\/2026\/04\/luana-2--768x456.jpg 768w, https:\/\/portalpopmais.com.br\/wp-content\/uploads\/2026\/04\/luana-2--18x12.jpg 18w\" sizes=\"auto, (max-width: 768px) 100vw, 768px\" title=\"\"><\/a><\/div><a class=\"wp-block-latest-posts__post-title\" href=\"https:\/\/portalpopmais.com.br\/en\/virginia-fonseca-chora-ao-rebater-fala-de-luana-piovani-e-anuncia-medidas-judiciais-chega\/\">Virginia Fonseca chora ao rebater fala de Luana Piovani e anuncia medidas judiciais: \u201cChega\u201d<\/a><\/li>\n<li><div class=\"wp-block-latest-posts__featured-image aligncenter\"><a href=\"https:\/\/portalpopmais.com.br\/en\/anitta-e-the-weeknd-anunciam-novo-feat-rio-apos-sucesso-global-de-sao-paulo-ouca\/\" aria-label=\"Anitta e The Weeknd anunciam novo feat \u201cRio\u201d ap\u00f3s sucesso global de \u201cS\u00e3o Paulo\u201d; ou\u00e7a\"><img loading=\"lazy\" decoding=\"async\" width=\"768\" height=\"456\" src=\"https:\/\/portalpopmais.com.br\/wp-content\/uploads\/2025\/09\/Anitta-e-The-Weeknd-768x456.png\" class=\"attachment-medium size-medium wp-post-image\" alt=\"\" style=\"\" srcset=\"https:\/\/portalpopmais.com.br\/wp-content\/uploads\/2025\/09\/Anitta-e-The-Weeknd-768x456.png 768w, https:\/\/portalpopmais.com.br\/wp-content\/uploads\/2025\/09\/Anitta-e-The-Weeknd-1170x694.png 1170w, https:\/\/portalpopmais.com.br\/wp-content\/uploads\/2025\/09\/Anitta-e-The-Weeknd-18x10.png 18w\" sizes=\"auto, (max-width: 768px) 100vw, 768px\" title=\"\"><\/a><\/div><a class=\"wp-block-latest-posts__post-title\" href=\"https:\/\/portalpopmais.com.br\/en\/anitta-e-the-weeknd-anunciam-novo-feat-rio-apos-sucesso-global-de-sao-paulo-ouca\/\">Anitta e The Weeknd anunciam novo feat \u201cRio\u201d ap\u00f3s sucesso global de \u201cS\u00e3o Paulo\u201d; ou\u00e7a<\/a><\/li>\n<li><div class=\"wp-block-latest-posts__featured-image aligncenter\"><a href=\"https:\/\/portalpopmais.com.br\/en\/ana-hickmann-contesta-divida-milionaria-na-justica-e-denuncia-fraude-em-assinaturas\/\" aria-label=\"Ana Hickmann contesta d\u00edvida milion\u00e1ria na Justi\u00e7a e denuncia fraude em assinaturas\"><img loading=\"lazy\" decoding=\"async\" width=\"768\" height=\"456\" src=\"https:\/\/portalpopmais.com.br\/wp-content\/uploads\/2022\/11\/Ana-Hickmann-768x456.jpg\" class=\"attachment-medium size-medium wp-post-image\" alt=\"Ana Hickmann\" style=\"\" title=\"\"><\/a><\/div><a class=\"wp-block-latest-posts__post-title\" href=\"https:\/\/portalpopmais.com.br\/en\/ana-hickmann-contesta-divida-milionaria-na-justica-e-denuncia-fraude-em-assinaturas\/\">Ana Hickmann contesta d\u00edvida milion\u00e1ria na Justi\u00e7a e denuncia fraude em assinaturas<\/a><\/li>\n<li><div class=\"wp-block-latest-posts__featured-image aligncenter\"><a href=\"https:\/\/portalpopmais.com.br\/en\/anderson-neiff-desabafa-apos-ataque-a-tiros-em-sao-paulo-parecia-um-murro\/\" aria-label=\"Anderson Neiff desabafa ap\u00f3s ataque a tiros em S\u00e3o Paulo: \u201cParecia um murro\u201d\"><img loading=\"lazy\" decoding=\"async\" width=\"768\" height=\"456\" src=\"https:\/\/portalpopmais.com.br\/wp-content\/uploads\/2024\/10\/novo-viral-anderson-neiff-768x456.jpg\" class=\"attachment-medium size-medium wp-post-image\" alt=\"\" style=\"\" title=\"\"><\/a><\/div><a class=\"wp-block-latest-posts__post-title\" href=\"https:\/\/portalpopmais.com.br\/en\/anderson-neiff-desabafa-apos-ataque-a-tiros-em-sao-paulo-parecia-um-murro\/\">Anderson Neiff desabafa ap\u00f3s ataque a tiros em S\u00e3o Paulo: \u201cParecia um murro\u201d<\/a><\/li>\n<\/ul><\/div><\/div>\n\n\n\n<p>Visivelmente sem gra\u00e7a, Ed Gama afirmou que ela poderia falar tudo no \u201cBate-papo BBB\u201d. J\u00e1 Tha\u00eds Fersoza gaguejou e falou: \u201cExatamente, a gente est\u00e1 aqui pra ouvir mesmo\u201d. Contudo, internautas comentaram a postura da esposa do Michel Tel\u00f3 durante a conversa. Al\u00e9m de esbo\u00e7ar desconforto ao conversar com Fernanda, em certo momento, chegou a atender uma liga\u00e7\u00e3o enquanto a ex-BBB falava.<\/p>\n\n\n\n<p>Em outro momento da entrevista, a confeiteira tamb\u00e9m n\u00e3o perdeu a oportunidade de alfinetar os dois apresentadores. Enquanto eles mostravam que ela conquistou mais de um milh\u00e3o de seguidores no Instagram. Fernanda se mostrou surpresa e disparou: \u201ct\u00e1 de sacanagem? Estou tentando entender. Por que isso? Eu n\u00e3o entendi, voc\u00eas estavam me esculhambando agora pouco com as minhas falas\u201d, disparou.<\/p>\n\n\n\n<p>Uma internauta escreveu: \u201cEm todo o momento a Tha\u00eds ficou muito desconfort\u00e1vel com a Fernanda\u201d. \u201cA Tha\u00eds n\u00e3o foi profissional. A mesma n\u00e3o \u00e9 criminosa, \u00e9 uma participante de um programa. Tudo nesse BBB est\u00e1 exagerado\u201d, disparou um seguidor.<\/p>\n\n\n\n<figure class=\"wp-block-embed is-type-rich is-provider-instagram wp-block-embed-instagram\"><div class=\"wp-block-embed__wrapper\">\nhttps:\/\/www.instagram.com\/p\/C5NLoOmgw2q\/\n<\/div><\/figure>","protected":false},"excerpt":{"rendered":"<p>Na madrugada desta segunda-feira (1\u00ba\/4), Fernanda Bande participou do \u201cBate-papo BBB\u201d com Thais Fersoza e Ed Gama, ap\u00f3s ser eliminada do reality show. A entrevista repercutiu nas redes sociais, isso porque a ex-sister notou os olhares diferentes dos apresentadores e pelas justificativas emocionantes dos acontecimentos dentro do reality, e n\u00e3o deixou passar barato. Sem papas [&hellip;]<\/p>\n","protected":false},"author":2,"featured_media":206494,"comment_status":"closed","ping_status":"open","sticky":false,"template":"","format":"standard","meta":{"footnotes":""},"categories":[1],"tags":[13600,16161],"class_list":["post-206493","post","type-post","status-publish","format-standard","has-post-thumbnail","hentry","category-fire2","tag-bbb24","tag-fernanda"],"_links":{"self":[{"href":"https:\/\/portalpopmais.com.br\/en\/wp-json\/wp\/v2\/posts\/206493","targetHints":{"allow":["GET"]}}],"collection":[{"href":"https:\/\/portalpopmais.com.br\/en\/wp-json\/wp\/v2\/posts"}],"about":[{"href":"https:\/\/portalpopmais.com.br\/en\/wp-json\/wp\/v2\/types\/post"}],"author":[{"embeddable":true,"href":"https:\/\/portalpopmais.com.br\/en\/wp-json\/wp\/v2\/users\/2"}],"replies":[{"embeddable":true,"href":"https:\/\/portalpopmais.com.br\/en\/wp-json\/wp\/v2\/comments?post=206493"}],"version-history":[{"count":0,"href":"https:\/\/portalpopmais.com.br\/en\/wp-json\/wp\/v2\/posts\/206493\/revisions"}],"wp:featuredmedia":[{"embeddable":true,"href":"https:\/\/portalpopmais.com.br\/en\/wp-json\/wp\/v2\/media\/206494"}],"wp:attachment":[{"href":"https:\/\/portalpopmais.com.br\/en\/wp-json\/wp\/v2\/media?parent=206493"}],"wp:term":[{"taxonomy":"category","embeddable":true,"href":"https:\/\/portalpopmais.com.br\/en\/wp-json\/wp\/v2\/categories?post=206493"},{"taxonomy":"post_tag","embeddable":true,"href":"https:\/\/portalpopmais.com.br\/en\/wp-json\/wp\/v2\/tags?post=206493"}],"curies":[{"name":"wp","href":"https:\/\/api.w.org\/{rel}","templated":true}]}}